{"id":1308,"date":"2017-09-15T21:17:32","date_gmt":"2017-09-15T20:17:32","guid":{"rendered":"http:\/\/labourdenne.fr\/?p=1308"},"modified":"2018-03-09T09:23:40","modified_gmt":"2018-03-09T08:23:40","slug":"assemblee-generale","status":"publish","type":"post","link":"https:\/\/labourdenne.fr\/index.php\/2017\/09\/15\/assemblee-generale\/","title":{"rendered":"Assembl\u00e9e g\u00e9n\u00e9rale le vendredi 6 octobre 2017"},"content":{"rendered":"<h4>L&rsquo;assembl\u00e9e g\u00e9n\u00e9rale de l&rsquo;association se d\u00e9roulera <strong>le vendredi 6 octobre 2017 \u00e0 partir de 20h \u00e0 la mairie de Buzy<\/strong>.<\/h4>\n<p>L&rsquo;occasion de dresser un bilan de l&rsquo;ann\u00e9e \u00e9coul\u00e9e, d&rsquo;aborder les nouveaux projets, et de terminer la soir\u00e9e par un moment de convivialit\u00e9 autour d&rsquo;un verre et de quelques gourmandises.<\/p>\n","protected":false},"excerpt":{"rendered":"<p>L&rsquo;assembl\u00e9e g\u00e9n\u00e9rale de l&rsquo;association se d\u00e9roulera le vendredi 6 octobre 2017 \u00e0 partir de 20h \u00e0 la mairie de Buzy. L&rsquo;occasion de dresser un bilan de l&rsquo;ann\u00e9e \u00e9coul\u00e9e, d&rsquo;aborder les nouveaux projets, et de terminer la soir\u00e9e par un moment de convivialit\u00e9 autour d&rsquo;un verre et de quelques gourmandises.<\/p>\n","protected":false},"author":4,"featured_media":0,"comment_status":"open","ping_status":"open","sticky":false,"template":"","format":"status","meta":{"jetpack_post_was_ever_published":false,"_jetpack_newsletter_access":"","_jetpack_dont_email_post_to_subs":false,"_jetpack_newsletter_tier_id":0,"_jetpack_memberships_contains_paywalled_content":false,"_jetpack_memberships_contains_paid_content":false,"footnotes":"","jetpack_publicize_message":"","jetpack_publicize_feature_enabled":true,"jetpack_social_post_already_shared":true,"jetpack_social_options":{"image_generator_settings":{"template":"highway","default_image_id":0,"font":"","enabled":false},"version":2}},"categories":[4],"tags":[],"class_list":["post-1308","post","type-post","status-publish","format-status","hentry","category-information-generale","post_format-post-format-status"],"jetpack_publicize_connections":[],"jetpack_featured_media_url":"","jetpack_sharing_enabled":true,"jetpack_shortlink":"https:\/\/wp.me\/p6WNWb-l6","jetpack-related-posts":[{"id":999,"url":"https:\/\/labourdenne.fr\/index.php\/2016\/10\/07\/assemblee-generale-du-7-octobre-2016\/","url_meta":{"origin":1308,"position":0},"title":"Assembl\u00e9e G\u00e9n\u00e9rale du 7 octobre 2016","author":"B\u00e9n\u00e9dicte Charpantier","date":"7 octobre 2016","format":false,"excerpt":"Vendredi 07 Octobre, l'association La Bourdenne a tenu son Assembl\u00e9e G\u00e9n\u00e9rale.\u00a0Mme Dany Lavigne conseill\u00e8re municipale a ouvert la s\u00e9ance devant une quarantaine\u00a0de personnes. La Pr\u00e9sidente Mme Fatima Dias a fait le bilan de l'ann\u00e9e \u00e9coul\u00e9e dans les\u00a0diff\u00e9rentes sections. L'association regroupe en effet 66 membres, et propose des ateliers de\u00a0gym le\u2026","rel":"","context":"Dans &quot;Information g\u00e9n\u00e9rale&quot;","block_context":{"text":"Information g\u00e9n\u00e9rale","link":"https:\/\/labourdenne.fr\/index.php\/category\/information-generale\/"},"img":{"alt_text":"07-10-16-9","src":"https:\/\/i0.wp.com\/labourdenne.fr\/wp-content\/uploads\/2016\/10\/07.10.16-9-300x225.jpg?resize=350%2C200","width":350,"height":200},"classes":[]},{"id":1960,"url":"https:\/\/labourdenne.fr\/index.php\/2018\/10\/19\/assemblee-generale-du-19-octobre-2018\/","url_meta":{"origin":1308,"position":1},"title":"ASSEMBLEE GENERALE DU 19 OCTOBRE 2018","author":"Carole","date":"19 octobre 2018","format":false,"excerpt":"L\u2019assembl\u00e9e g\u00e9n\u00e9rale de l\u2019association s\u2019est d\u00e9roul\u00e9e le vendredi 19 octobre 2018 \u00e0 20h \u00e0 la salle Luriendeilh. L\u2019occasion de dresser un bilan de l\u2019ann\u00e9e \u00e9coul\u00e9e pour les diff\u00e9rentes sections de l\u2019association (couture, gym, chant, cuisine), d\u2019aborder les nouveaux projets et de terminer la soir\u00e9e par un moment de convivialit\u00e9 autour\u2026","rel":"","context":"Dans &quot;Information g\u00e9n\u00e9rale&quot;","block_context":{"text":"Information g\u00e9n\u00e9rale","link":"https:\/\/labourdenne.fr\/index.php\/category\/information-generale\/"},"img":{"alt_text":"","src":"","width":0,"height":0},"classes":[]},{"id":2601,"url":"https:\/\/labourdenne.fr\/index.php\/2019\/09\/30\/patrimoine-de-buzy-reunion-dinformation-le-4-octobre-2019\/","url_meta":{"origin":1308,"position":2},"title":"Patrimoine de BUZY &#8211; R\u00e9union d\u2019information le 4 octobre 2019.","author":"Vincent","date":"30 septembre 2019","format":false,"excerpt":"La nouvelle section \u00ab\u00a0Patrimoine\u00a0\u00bb de l\u2019association a pour objectif de recueillir et mettre en valeur la m\u00e9moire collective de notre village, mais aussi participer \u00e0 la r\u00e9novation du petit patrimoine b\u00e2ti.Toutes les personnes int\u00e9ress\u00e9es par ce projet sont cordialement invit\u00e9es \u00e0 venir nous rencontrer vendredi 4 octobre, \u00e0 19h30, \u00e0\u2026","rel":"","context":"Dans &quot;Section Patrimoine&quot;","block_context":{"text":"Section Patrimoine","link":"https:\/\/labourdenne.fr\/index.php\/category\/section-patrimoine\/"},"img":{"alt_text":"Nettoyage de la fontaine Limoges","src":"https:\/\/i0.wp.com\/labourdenne.fr\/wp-content\/uploads\/2019\/01\/VMI_8533.jpg?fit=1024%2C680&ssl=1&resize=350%2C200","width":350,"height":200,"srcset":"https:\/\/i0.wp.com\/labourdenne.fr\/wp-content\/uploads\/2019\/01\/VMI_8533.jpg?fit=1024%2C680&ssl=1&resize=350%2C200 1x, https:\/\/i0.wp.com\/labourdenne.fr\/wp-content\/uploads\/2019\/01\/VMI_8533.jpg?fit=1024%2C680&ssl=1&resize=525%2C300 1.5x, https:\/\/i0.wp.com\/labourdenne.fr\/wp-content\/uploads\/2019\/01\/VMI_8533.jpg?fit=1024%2C680&ssl=1&resize=700%2C400 2x"},"classes":[]},{"id":3078,"url":"https:\/\/labourdenne.fr\/index.php\/2023\/11\/24\/assemblee-generale-du-14-octobre-2022\/","url_meta":{"origin":1308,"position":3},"title":"Invitation \u00e0 l&rsquo;assembl\u00e9e g\u00e9n\u00e9rale du 13 d\u00e9cembre 2023","author":"Vincent","date":"24 novembre 2023","format":false,"excerpt":"Bonjour \u00e0 toutes et \u00e0 tous,\u00a0 Vous trouverez ci dessous une invitation \u00e0 l\u2019assembl\u00e9e g\u00e9n\u00e9rale de l\u2019association qui se tiendra le\u00a0\u00a0 \ud83d\uddd3 mercredi 13 d\u00e9cembre 2023\ud83d\udd56 \u00e0 19:30\ud83d\udccd\u00e0 la mairie (Buzy) 2023-Invitation_AG_La_Bourdenne-mercredi_13_decembreT\u00e9l\u00e9charger","rel":"","context":"Dans &quot;Information g\u00e9n\u00e9rale&quot;","block_context":{"text":"Information g\u00e9n\u00e9rale","link":"https:\/\/labourdenne.fr\/index.php\/category\/information-generale\/"},"img":{"alt_text":"","src":"","width":0,"height":0},"classes":[]},{"id":3995,"url":"https:\/\/labourdenne.fr\/index.php\/2024\/09\/22\/assemblee-generale-2024\/","url_meta":{"origin":1308,"position":4},"title":"Assembl\u00e9e g\u00e9n\u00e9rale 2024","author":"Vincent","date":"22 septembre 2024","format":false,"excerpt":"Vous \u00eates convi\u00e9s \u00e0 rejoindre l'assembl\u00e9e g\u00e9n\u00e9rale de l'asso le mercredi 9 octobre \u00e0 19:30 \u00e0 la mairie de Buzy 2024-Invitation_AG_La_Bourdenne-mercredi_09_octobreT\u00e9l\u00e9charger","rel":"","context":"Dans &quot;Information g\u00e9n\u00e9rale&quot;","block_context":{"text":"Information g\u00e9n\u00e9rale","link":"https:\/\/labourdenne.fr\/index.php\/category\/information-generale\/"},"img":{"alt_text":"","src":"","width":0,"height":0},"classes":[]},{"id":1963,"url":"https:\/\/labourdenne.fr\/index.php\/2018\/10\/20\/repas-du-20-octobre-2018-tajine-dagneau-aux-pruneaux-et-aux-raisins\/","url_meta":{"origin":1308,"position":5},"title":"REPAS DU 20 OCTOBRE 2018 &#8211; TAJINE D\u2019AGNEAU AUX PRUNEAUX ET AUX RAISINS","author":"Carole","date":"20 octobre 2018","format":false,"excerpt":"En ce premier jour des vacances, nous nous sommes r\u00e9unis \u00e0 la cantine de l\u2019\u00e9cole afin de cuisiner le fameux tajine d\u2019agneau aux pruneaux et aux raisins de Jalel. Cette soir\u00e9e a \u00e9galement \u00e9t\u00e9 l\u2019occasion pour les marmitons de faire un petit bilan de l\u2019assembl\u00e9e g\u00e9n\u00e9rale de la veille et\u2026","rel":"","context":"Dans &quot;Section Cuisine&quot;","block_context":{"text":"Section Cuisine","link":"https:\/\/labourdenne.fr\/index.php\/category\/atelier-cuisine\/"},"img":{"alt_text":"","src":"https:\/\/i0.wp.com\/labourdenne.fr\/wp-content\/uploads\/2018\/12\/20181020_190421367_iOS.jpg?resize=350%2C200","width":350,"height":200,"srcset":"https:\/\/i0.wp.com\/labourdenne.fr\/wp-content\/uploads\/2018\/12\/20181020_190421367_iOS.jpg?resize=350%2C200 1x, https:\/\/i0.wp.com\/labourdenne.fr\/wp-content\/uploads\/2018\/12\/20181020_190421367_iOS.jpg?resize=525%2C300 1.5x, https:\/\/i0.wp.com\/labourdenne.fr\/wp-content\/uploads\/2018\/12\/20181020_190421367_iOS.jpg?resize=700%2C400 2x, https:\/\/i0.wp.com\/labourdenne.fr\/wp-content\/uploads\/2018\/12\/20181020_190421367_iOS.jpg?resize=1050%2C600 3x, https:\/\/i0.wp.com\/labourdenne.fr\/wp-content\/uploads\/2018\/12\/20181020_190421367_iOS.jpg?resize=1400%2C800 4x"},"classes":[]}],"_links":{"self":[{"href":"https:\/\/labourdenne.fr\/index.php\/wp-json\/wp\/v2\/posts\/1308","targetHints":{"allow":["GET"]}}],"collection":[{"href":"https:\/\/labourdenne.fr\/index.php\/wp-json\/wp\/v2\/posts"}],"about":[{"href":"https:\/\/labourdenne.fr\/index.php\/wp-json\/wp\/v2\/types\/post"}],"author":[{"embeddable":true,"href":"https:\/\/labourdenne.fr\/index.php\/wp-json\/wp\/v2\/users\/4"}],"replies":[{"embeddable":true,"href":"https:\/\/labourdenne.fr\/index.php\/wp-json\/wp\/v2\/comments?post=1308"}],"version-history":[{"count":5,"href":"https:\/\/labourdenne.fr\/index.php\/wp-json\/wp\/v2\/posts\/1308\/revisions"}],"predecessor-version":[{"id":1405,"href":"https:\/\/labourdenne.fr\/index.php\/wp-json\/wp\/v2\/posts\/1308\/revisions\/1405"}],"wp:attachment":[{"href":"https:\/\/labourdenne.fr\/index.php\/wp-json\/wp\/v2\/media?parent=1308"}],"wp:term":[{"taxonomy":"category","embeddable":true,"href":"https:\/\/labourdenne.fr\/index.php\/wp-json\/wp\/v2\/categories?post=1308"},{"taxonomy":"post_tag","embeddable":true,"href":"https:\/\/labourdenne.fr\/index.php\/wp-json\/wp\/v2\/tags?post=1308"}],"curies":[{"name":"wp","href":"https:\/\/api.w.org\/{rel}","templated":true}]}}