{"id":1416,"date":"2017-10-21T21:51:12","date_gmt":"2017-10-21T20:51:12","guid":{"rendered":"http:\/\/labourdenne.fr\/?p=1416"},"modified":"2018-07-08T20:57:12","modified_gmt":"2018-07-08T19:57:12","slug":"soiree-mechoui-a-latelier-cuisine","status":"publish","type":"post","link":"https:\/\/labourdenne.fr\/index.php\/2017\/10\/21\/soiree-mechoui-a-latelier-cuisine\/","title":{"rendered":"SOIREE M\u00c9CHOUI \u00c0 L&rsquo;ATELIER CUISINE"},"content":{"rendered":"<div class=\"page\" title=\"Page 1\">\n<div class=\"layoutArea\">\n<div class=\"column\">\n<h4>Cette soire\u0301e si attendue et re\u0301clame\u0301e par beaucoup s&rsquo;est de\u0301roule\u0301e samedi 21 octobre a\u0300 la salle des fe\u0302tes. Depuis la veille, Jalel et Je\u0301ro\u0302me s&rsquo;e\u0301taient procure\u0301s le mate\u0301riel gracieusement pre\u0302te\u0301 par le CAF de la Valle\u0301e d&rsquo;Ossau et un professionnel de Bizanos pour le tourne broche e\u0301lectrique.<\/h4>\n<h4>Une e\u0301quipe motive\u0301e malgre\u0301 la pluie a pris lieu de\u0300s 13 h pour monter chapiteau et barbecue&#8230;les broutards sont arrive\u0301s pre\u0302ts a\u0300 e\u0302tre badigeonne\u0301s de 4l de sauce de David, recette tenue secre\u0300te par celui-ci&#8230;<br \/>\nUn joli feu est venu re\u0301chauffer nos marmitons avec le bois offert par Patrice et Fatima, merci a\u0300 eux. Une fois les braises re\u0301alise\u0301es, la cuisson a pu se de\u0301rouler.<\/h4>\n<\/div>\n<\/div>\n<\/div>\n<p><!--more--><\/p>\n<h4>Pendant ce temps&#8230;un veloute\u0301 de citrouille mijotait a\u0300 petit feu, merci a\u0300 Emilie pour ce don.\u00a0Des mogettes de Vende\u0301e et une compote pommes-poires e\u0301taient cuisine\u0301es par petits et grands.<br \/>\nL&rsquo;apre\u0300s-midi fut anime\u0301e a\u0300 l&rsquo;exte\u0301rieur par notre e\u0301quipe de cuisiniers masculins, et je ne peux vous conter ce qui s&rsquo;y passa mais des e\u0301clats de rires ont fait e\u0301cho dans la salle des fe\u0302tes durant toute la cuisson. La cervoise coula a\u0300 flots&#8230;on se serait cru a\u0300 un banquet d&rsquo;Aste\u0301rix et Obe\u0301lix&#8230;<\/h4>\n<h4>Cette soire\u0301e restera me\u0301morable pour certains d&rsquo;entre nous et fut appre\u0301cie\u0301e par tous. Nous comptons de nouveaux marmitons dans l&rsquo;e\u0301quipe venus du Var, de Rho\u0302ne Alpes et de Buzy&#8230;bienvenue a\u0300 eux.<br \/>\nNotre prochain rendez-vous est le 18 novembre autour d&rsquo;une recette de tartiflette chez la dame de Haute-Savoie, les enfants re\u0301aliseront un dessert&#8230;.a\u0300 base de fromage ???<\/h4>\n<h4>\u00c0 biento\u0302t<\/h4>\n<p><a href=\"http:\/\/labourdenne.fr\/index.php\/2017\/10\/21\/soiree-mechoui-a-latelier-cuisine\/recettes-du-21-octobre-2017\/\" rel=\"attachment wp-att-1426\">RECETTES DU 21 OCTOBRE 2017<\/a><\/p>\n\n\t\t<style type=\"text\/css\">\n\t\t\t#gallery-1 {\n\t\t\t\tmargin: auto;\n\t\t\t}\n\t\t\t#gallery-1 .gallery-item {\n\t\t\t\tfloat: left;\n\t\t\t\tmargin-top: 10px;\n\t\t\t\ttext-align: center;\n\t\t\t\twidth: 50%;\n\t\t\t}\n\t\t\t#gallery-1 img {\n\t\t\t\tborder: 2px solid #cfcfcf;\n\t\t\t}\n\t\t\t#gallery-1 .gallery-caption {\n\t\t\t\tmargin-left: 0;\n\t\t\t}\n\t\t\t\/* see gallery_shortcode() in wp-includes\/media.php *\/\n\t\t<\/style>\n\t\t<div data-carousel-extra='{&quot;blog_id&quot;:1,&quot;permalink&quot;:&quot;https:\/\/labourdenne.fr\/index.php\/2017\/10\/21\/soiree-mechoui-a-latelier-cuisine\/&quot;}' id='gallery-1' class='gallery galleryid-1416 gallery-columns-2 gallery-size-medium'><dl class='gallery-item'>\n\t\t\t<dt class='gallery-icon landscape'>\n\t\t\t\t<a href='https:\/\/labourdenne.fr\/index.php\/2017\/10\/21\/soiree-mechoui-a-latelier-cuisine\/img_3220\/'><img loading=\"lazy\" decoding=\"async\" width=\"300\" height=\"201\" src=\"https:\/\/i0.wp.com\/labourdenne.fr\/wp-content\/uploads\/2017\/10\/IMG_3220.jpg?fit=300%2C201&amp;ssl=1\" class=\"attachment-medium size-medium\" alt=\"\" srcset=\"https:\/\/i0.wp.com\/labourdenne.fr\/wp-content\/uploads\/2017\/10\/IMG_3220.jpg?w=640&amp;ssl=1 640w, https:\/\/i0.wp.com\/labourdenne.fr\/wp-content\/uploads\/2017\/10\/IMG_3220.jpg?resize=300%2C201&amp;ssl=1 300w\" sizes=\"auto, (max-width: 300px) 100vw, 300px\" data-attachment-id=\"1423\" data-permalink=\"https:\/\/labourdenne.fr\/index.php\/2017\/10\/21\/soiree-mechoui-a-latelier-cuisine\/img_3220\/\" data-orig-file=\"https:\/\/i0.wp.com\/labourdenne.fr\/wp-content\/uploads\/2017\/10\/IMG_3220.jpg?fit=640%2C428&amp;ssl=1\" data-orig-size=\"640,428\" data-comments-opened=\"1\" data-image-meta=\"{&quot;aperture&quot;:&quot;4&quot;,&quot;credit&quot;:&quot;&quot;,&quot;camera&quot;:&quot;Canon EOS 20D&quot;,&quot;caption&quot;:&quot;&quot;,&quot;created_timestamp&quot;:&quot;1508611786&quot;,&quot;copyright&quot;:&quot;&quot;,&quot;focal_length&quot;:&quot;17&quot;,&quot;iso&quot;:&quot;400&quot;,&quot;shutter_speed&quot;:&quot;0.066666666666667&quot;,&quot;title&quot;:&quot;&quot;,&quot;orientation&quot;:&quot;1&quot;}\" data-image-title=\"IMG_3220\" data-image-description=\"\" data-image-caption=\"\" data-large-file=\"https:\/\/i0.wp.com\/labourdenne.fr\/wp-content\/uploads\/2017\/10\/IMG_3220.jpg?fit=640%2C428&amp;ssl=1\" \/><\/a>\n\t\t\t<\/dt><\/dl><dl class='gallery-item'>\n\t\t\t<dt class='gallery-icon landscape'>\n\t\t\t\t<a href='https:\/\/labourdenne.fr\/index.php\/2017\/10\/21\/soiree-mechoui-a-latelier-cuisine\/img_3204\/'><img loading=\"lazy\" decoding=\"async\" width=\"300\" height=\"201\" src=\"https:\/\/i0.wp.com\/labourdenne.fr\/wp-content\/uploads\/2017\/10\/IMG_3204.jpg?fit=300%2C201&amp;ssl=1\" class=\"attachment-medium size-medium\" alt=\"\" srcset=\"https:\/\/i0.wp.com\/labourdenne.fr\/wp-content\/uploads\/2017\/10\/IMG_3204.jpg?w=640&amp;ssl=1 640w, https:\/\/i0.wp.com\/labourdenne.fr\/wp-content\/uploads\/2017\/10\/IMG_3204.jpg?resize=300%2C201&amp;ssl=1 300w\" sizes=\"auto, (max-width: 300px) 100vw, 300px\" data-attachment-id=\"1420\" data-permalink=\"https:\/\/labourdenne.fr\/index.php\/2017\/10\/21\/soiree-mechoui-a-latelier-cuisine\/img_3204\/\" data-orig-file=\"https:\/\/i0.wp.com\/labourdenne.fr\/wp-content\/uploads\/2017\/10\/IMG_3204.jpg?fit=640%2C428&amp;ssl=1\" data-orig-size=\"640,428\" data-comments-opened=\"1\" data-image-meta=\"{&quot;aperture&quot;:&quot;4&quot;,&quot;credit&quot;:&quot;&quot;,&quot;camera&quot;:&quot;Canon EOS 20D&quot;,&quot;caption&quot;:&quot;&quot;,&quot;created_timestamp&quot;:&quot;1508611422&quot;,&quot;copyright&quot;:&quot;&quot;,&quot;focal_length&quot;:&quot;17&quot;,&quot;iso&quot;:&quot;400&quot;,&quot;shutter_speed&quot;:&quot;0.066666666666667&quot;,&quot;title&quot;:&quot;&quot;,&quot;orientation&quot;:&quot;1&quot;}\" data-image-title=\"IMG_3204\" data-image-description=\"\" data-image-caption=\"\" data-large-file=\"https:\/\/i0.wp.com\/labourdenne.fr\/wp-content\/uploads\/2017\/10\/IMG_3204.jpg?fit=640%2C428&amp;ssl=1\" \/><\/a>\n\t\t\t<\/dt><\/dl><br style=\"clear: both\" \/><dl class='gallery-item'>\n\t\t\t<dt class='gallery-icon portrait'>\n\t\t\t\t<a href='https:\/\/labourdenne.fr\/index.php\/2017\/10\/21\/soiree-mechoui-a-latelier-cuisine\/img_3208\/'><img loading=\"lazy\" decoding=\"async\" width=\"300\" height=\"201\" src=\"https:\/\/i0.wp.com\/labourdenne.fr\/wp-content\/uploads\/2017\/10\/IMG_3208.jpg?fit=300%2C201&amp;ssl=1\" class=\"attachment-medium size-medium\" alt=\"\" data-attachment-id=\"1422\" data-permalink=\"https:\/\/labourdenne.fr\/index.php\/2017\/10\/21\/soiree-mechoui-a-latelier-cuisine\/img_3208\/\" data-orig-file=\"https:\/\/i0.wp.com\/labourdenne.fr\/wp-content\/uploads\/2017\/10\/IMG_3208.jpg?fit=428%2C640&amp;ssl=1\" data-orig-size=\"428,640\" data-comments-opened=\"1\" data-image-meta=\"{&quot;aperture&quot;:&quot;5.6&quot;,&quot;credit&quot;:&quot;&quot;,&quot;camera&quot;:&quot;Canon EOS 20D&quot;,&quot;caption&quot;:&quot;&quot;,&quot;created_timestamp&quot;:&quot;1508611511&quot;,&quot;copyright&quot;:&quot;&quot;,&quot;focal_length&quot;:&quot;50&quot;,&quot;iso&quot;:&quot;400&quot;,&quot;shutter_speed&quot;:&quot;0.16666666666667&quot;,&quot;title&quot;:&quot;&quot;,&quot;orientation&quot;:&quot;6&quot;}\" data-image-title=\"IMG_3208\" data-image-description=\"\" data-image-caption=\"\" data-large-file=\"https:\/\/i0.wp.com\/labourdenne.fr\/wp-content\/uploads\/2017\/10\/IMG_3208.jpg?fit=428%2C640&amp;ssl=1\" \/><\/a>\n\t\t\t<\/dt><\/dl><dl class='gallery-item'>\n\t\t\t<dt class='gallery-icon landscape'>\n\t\t\t\t<a href='https:\/\/labourdenne.fr\/index.php\/2017\/10\/21\/soiree-mechoui-a-latelier-cuisine\/img_3201\/'><img loading=\"lazy\" decoding=\"async\" width=\"300\" height=\"201\" src=\"https:\/\/i0.wp.com\/labourdenne.fr\/wp-content\/uploads\/2017\/10\/IMG_3201.jpg?fit=300%2C201&amp;ssl=1\" class=\"attachment-medium size-medium\" alt=\"\" srcset=\"https:\/\/i0.wp.com\/labourdenne.fr\/wp-content\/uploads\/2017\/10\/IMG_3201.jpg?w=640&amp;ssl=1 640w, https:\/\/i0.wp.com\/labourdenne.fr\/wp-content\/uploads\/2017\/10\/IMG_3201.jpg?resize=300%2C201&amp;ssl=1 300w\" sizes=\"auto, (max-width: 300px) 100vw, 300px\" data-attachment-id=\"1419\" data-permalink=\"https:\/\/labourdenne.fr\/index.php\/2017\/10\/21\/soiree-mechoui-a-latelier-cuisine\/img_3201\/\" data-orig-file=\"https:\/\/i0.wp.com\/labourdenne.fr\/wp-content\/uploads\/2017\/10\/IMG_3201.jpg?fit=640%2C428&amp;ssl=1\" data-orig-size=\"640,428\" data-comments-opened=\"1\" data-image-meta=\"{&quot;aperture&quot;:&quot;5.6&quot;,&quot;credit&quot;:&quot;&quot;,&quot;camera&quot;:&quot;Canon EOS 20D&quot;,&quot;caption&quot;:&quot;&quot;,&quot;created_timestamp&quot;:&quot;1508603059&quot;,&quot;copyright&quot;:&quot;&quot;,&quot;focal_length&quot;:&quot;26&quot;,&quot;iso&quot;:&quot;400&quot;,&quot;shutter_speed&quot;:&quot;0.02&quot;,&quot;title&quot;:&quot;&quot;,&quot;orientation&quot;:&quot;1&quot;}\" data-image-title=\"IMG_3201\" data-image-description=\"\" data-image-caption=\"\" data-large-file=\"https:\/\/i0.wp.com\/labourdenne.fr\/wp-content\/uploads\/2017\/10\/IMG_3201.jpg?fit=640%2C428&amp;ssl=1\" \/><\/a>\n\t\t\t<\/dt><\/dl><br style=\"clear: both\" \/><dl class='gallery-item'>\n\t\t\t<dt class='gallery-icon landscape'>\n\t\t\t\t<a href='https:\/\/labourdenne.fr\/index.php\/2017\/10\/21\/soiree-mechoui-a-latelier-cuisine\/img_3228\/'><img loading=\"lazy\" decoding=\"async\" width=\"300\" height=\"201\" src=\"https:\/\/i0.wp.com\/labourdenne.fr\/wp-content\/uploads\/2017\/10\/IMG_3228.jpg?fit=300%2C201&amp;ssl=1\" class=\"attachment-medium size-medium\" alt=\"\" srcset=\"https:\/\/i0.wp.com\/labourdenne.fr\/wp-content\/uploads\/2017\/10\/IMG_3228.jpg?w=640&amp;ssl=1 640w, https:\/\/i0.wp.com\/labourdenne.fr\/wp-content\/uploads\/2017\/10\/IMG_3228.jpg?resize=300%2C201&amp;ssl=1 300w\" sizes=\"auto, (max-width: 300px) 100vw, 300px\" data-attachment-id=\"1421\" data-permalink=\"https:\/\/labourdenne.fr\/index.php\/2017\/10\/21\/soiree-mechoui-a-latelier-cuisine\/img_3228\/\" data-orig-file=\"https:\/\/i0.wp.com\/labourdenne.fr\/wp-content\/uploads\/2017\/10\/IMG_3228.jpg?fit=640%2C428&amp;ssl=1\" data-orig-size=\"640,428\" data-comments-opened=\"1\" data-image-meta=\"{&quot;aperture&quot;:&quot;4&quot;,&quot;credit&quot;:&quot;&quot;,&quot;camera&quot;:&quot;Canon EOS 20D&quot;,&quot;caption&quot;:&quot;&quot;,&quot;created_timestamp&quot;:&quot;1508616481&quot;,&quot;copyright&quot;:&quot;&quot;,&quot;focal_length&quot;:&quot;17&quot;,&quot;iso&quot;:&quot;400&quot;,&quot;shutter_speed&quot;:&quot;0.076923076923077&quot;,&quot;title&quot;:&quot;&quot;,&quot;orientation&quot;:&quot;1&quot;}\" data-image-title=\"IMG_3228\" data-image-description=\"\" data-image-caption=\"\" data-large-file=\"https:\/\/i0.wp.com\/labourdenne.fr\/wp-content\/uploads\/2017\/10\/IMG_3228.jpg?fit=640%2C428&amp;ssl=1\" \/><\/a>\n\t\t\t<\/dt><\/dl>\n\t\t\t<br style='clear: both' \/>\n\t\t<\/div>\n\n","protected":false},"excerpt":{"rendered":"<p>Cette soire\u0301e si attendue et re\u0301clame\u0301e par beaucoup s&rsquo;est de\u0301roule\u0301e samedi 21 octobre a\u0300 la salle des fe\u0302tes. Depuis la veille, Jalel et Je\u0301ro\u0302me s&rsquo;e\u0301taient procure\u0301s le mate\u0301riel gracieusement pre\u0302te\u0301 par le CAF de la Valle\u0301e d&rsquo;Ossau et un professionnel de Bizanos pour le tourne broche e\u0301lectrique. Une e\u0301quipe motive\u0301e malgre\u0301 la pluie a pris [&hellip;]<\/p>\n","protected":false},"author":2,"featured_media":0,"comment_status":"open","ping_status":"open","sticky":false,"template":"","format":"standard","meta":{"jetpack_post_was_ever_published":false,"_jetpack_newsletter_access":"","_jetpack_dont_email_post_to_subs":false,"_jetpack_newsletter_tier_id":0,"_jetpack_memberships_contains_paywalled_content":false,"_jetpack_memberships_contains_paid_content":false,"footnotes":"","jetpack_publicize_message":"","jetpack_publicize_feature_enabled":true,"jetpack_social_post_already_shared":true,"jetpack_social_options":{"image_generator_settings":{"template":"highway","default_image_id":0,"font":"","enabled":false},"version":2}},"categories":[9],"tags":[],"class_list":["post-1416","post","type-post","status-publish","format-standard","hentry","category-atelier-cuisine"],"jetpack_publicize_connections":[],"jetpack_featured_media_url":"","jetpack_sharing_enabled":true,"jetpack_shortlink":"https:\/\/wp.me\/p6WNWb-mQ","jetpack-related-posts":[{"id":2797,"url":"https:\/\/labourdenne.fr\/index.php\/2019\/12\/21\/repas-de-noel-de-la-bourdenne\/","url_meta":{"origin":1416,"position":0},"title":"REPAS DE NOEL DE LA BOURDENNE","author":"Corinne","date":"21 d\u00e9cembre 2019","format":false,"excerpt":"Le samedi 21 d\u00e9cembre les marmitons ont organis\u00e9 le repas de No\u00ebl pour les membres de l'association. Nous nous sommes donc retrouv\u00e9s \u00e0 14 h \u00e0 l'Espace Sagette pour mettre en oeuvre ces ateliers de cuisine. Certains d'entre nous ont \u00e9migr\u00e9 \u00e0 la cantine pour r\u00e9aliser le plat Russe de\u2026","rel":"","context":"Dans &quot;Section Cuisine&quot;","block_context":{"text":"Section Cuisine","link":"https:\/\/labourdenne.fr\/index.php\/category\/atelier-cuisine\/"},"img":{"alt_text":"","src":"https:\/\/i0.wp.com\/labourdenne.fr\/wp-content\/uploads\/2020\/03\/21.12.19-8.jpg?resize=350%2C200&ssl=1","width":350,"height":200,"srcset":"https:\/\/i0.wp.com\/labourdenne.fr\/wp-content\/uploads\/2020\/03\/21.12.19-8.jpg?resize=350%2C200&ssl=1 1x, https:\/\/i0.wp.com\/labourdenne.fr\/wp-content\/uploads\/2020\/03\/21.12.19-8.jpg?resize=525%2C300&ssl=1 1.5x, https:\/\/i0.wp.com\/labourdenne.fr\/wp-content\/uploads\/2020\/03\/21.12.19-8.jpg?resize=700%2C400&ssl=1 2x, https:\/\/i0.wp.com\/labourdenne.fr\/wp-content\/uploads\/2020\/03\/21.12.19-8.jpg?resize=1050%2C600&ssl=1 3x, https:\/\/i0.wp.com\/labourdenne.fr\/wp-content\/uploads\/2020\/03\/21.12.19-8.jpg?resize=1400%2C800&ssl=1 4x"},"classes":[]},{"id":2657,"url":"https:\/\/labourdenne.fr\/index.php\/2019\/10\/29\/soiree-italienne-de-dede\/","url_meta":{"origin":1416,"position":1},"title":"SOIREE ITALIENNE DE DEDE","author":"Corinne","date":"29 octobre 2019","format":false,"excerpt":"LE CHEF Le 19 octobre, les marmitons se sont retrouv\u00e9s \u00e0 l'Espace Sagette pour r\u00e9aliser des LASAGNES AUTOMNALES, recette concoct\u00e9e par D\u00e9d\u00e9 aid\u00e9 de Dani\u00e8le pour les pr\u00e9paratifs. La soir\u00e9e s'est d\u00e9roul\u00e9e, comme d'habitude, dans la joie et la bonne humeur, des id\u00e9es de menus pour le repas de No\u00ebl\u2026","rel":"","context":"Dans &quot;Section Cuisine&quot;","block_context":{"text":"Section Cuisine","link":"https:\/\/labourdenne.fr\/index.php\/category\/atelier-cuisine\/"},"img":{"alt_text":"","src":"https:\/\/i0.wp.com\/labourdenne.fr\/wp-content\/uploads\/2019\/10\/Resized_20191019_204555.jpg?resize=350%2C200&ssl=1","width":350,"height":200},"classes":[]},{"id":1496,"url":"https:\/\/labourdenne.fr\/index.php\/2017\/12\/16\/repas-de-noel-du-16-decembre-2017\/","url_meta":{"origin":1416,"position":2},"title":"REPAS DE NOEL DU 16 DECEMBRE 2017","author":"Corinne","date":"16 d\u00e9cembre 2017","format":false,"excerpt":"Le bureau de La Bourdenne a, cette ann\u00e9e encore, d\u00e9cid\u00e9 d'offrir \u00e0 l'ensemble de ses membres, leurs conjoints et enfants...Le repas de No\u00ebl. Apr\u00e8s consultation et propositions des marmitons, le bureau s'est r\u00e9uni pour \u00e9tablir le menu. Cela n'a pas \u00e9tait sans mal, les propositions \u00e9tant toutes all\u00e9chantes... et voici\u2026","rel":"","context":"Dans &quot;Section Cuisine&quot;","block_context":{"text":"Section Cuisine","link":"https:\/\/labourdenne.fr\/index.php\/category\/atelier-cuisine\/"},"img":{"alt_text":"","src":"https:\/\/i0.wp.com\/labourdenne.fr\/wp-content\/uploads\/2018\/01\/16.12.17-1.jpg?resize=350%2C200","width":350,"height":200,"srcset":"https:\/\/i0.wp.com\/labourdenne.fr\/wp-content\/uploads\/2018\/01\/16.12.17-1.jpg?resize=350%2C200 1x, https:\/\/i0.wp.com\/labourdenne.fr\/wp-content\/uploads\/2018\/01\/16.12.17-1.jpg?resize=525%2C300 1.5x, https:\/\/i0.wp.com\/labourdenne.fr\/wp-content\/uploads\/2018\/01\/16.12.17-1.jpg?resize=700%2C400 2x, https:\/\/i0.wp.com\/labourdenne.fr\/wp-content\/uploads\/2018\/01\/16.12.17-1.jpg?resize=1050%2C600 3x, https:\/\/i0.wp.com\/labourdenne.fr\/wp-content\/uploads\/2018\/01\/16.12.17-1.jpg?resize=1400%2C800 4x"},"classes":[]},{"id":3687,"url":"https:\/\/labourdenne.fr\/index.php\/2023\/04\/01\/tajines-de-dorades-royales-et-babousa-marocaine\/","url_meta":{"origin":1416,"position":3},"title":"Tajines de dorades royales et babousa marocaine","author":"Dani\u00e8le","date":"1 avril 2023","format":false,"excerpt":"Le nouveau RDV \u00e9tait donc pris pour le samedi 1er avril. La trentaine de Marmitons \u00e9taient donc motiv\u00e9s comme jamais pour mitonner les plats du jour. Et, c\u2019est autour de Myriam, Jalel, et J\u00e9rome que le ballet s\u2019organisa . Mais, pas de poissons dans le dos ! Les poissons \u00e9taient\u2026","rel":"","context":"Dans &quot;Section Cuisine&quot;","block_context":{"text":"Section Cuisine","link":"https:\/\/labourdenne.fr\/index.php\/category\/atelier-cuisine\/"},"img":{"alt_text":"","src":"","width":0,"height":0},"classes":[]},{"id":3591,"url":"https:\/\/labourdenne.fr\/index.php\/2022\/10\/15\/arroz-de-pato-portugal\/","url_meta":{"origin":1416,"position":4},"title":"Arroz de pato (Portugal)","author":"Vincent","date":"15 octobre 2022","format":false,"excerpt":"Ce samedi 15 octobre, Fatima nous a propos\u00e9 l'Arroz de pato et en dessert un Doce de botelha. Nous avons pass\u00e9 une belle soir\u00e9e \u00e0 partager ces bons plats du Portugal. Chacun reprend ses marques, et tout le monde s'est activ\u00e9 pour prendre le relais des cuisini\u00e8res et cuisiniers au\u2026","rel":"","context":"Dans &quot;Section Cuisine&quot;","block_context":{"text":"Section Cuisine","link":"https:\/\/labourdenne.fr\/index.php\/category\/atelier-cuisine\/"},"img":{"alt_text":"Fatima donne la touche finale \u00e0 son Arroz de pato","src":"https:\/\/i0.wp.com\/labourdenne.fr\/wp-content\/uploads\/2022\/10\/15.10.22-87.jpg?fit=1200%2C900&ssl=1&resize=350%2C200","width":350,"height":200,"srcset":"https:\/\/i0.wp.com\/labourdenne.fr\/wp-content\/uploads\/2022\/10\/15.10.22-87.jpg?fit=1200%2C900&ssl=1&resize=350%2C200 1x, https:\/\/i0.wp.com\/labourdenne.fr\/wp-content\/uploads\/2022\/10\/15.10.22-87.jpg?fit=1200%2C900&ssl=1&resize=525%2C300 1.5x, https:\/\/i0.wp.com\/labourdenne.fr\/wp-content\/uploads\/2022\/10\/15.10.22-87.jpg?fit=1200%2C900&ssl=1&resize=700%2C400 2x, https:\/\/i0.wp.com\/labourdenne.fr\/wp-content\/uploads\/2022\/10\/15.10.22-87.jpg?fit=1200%2C900&ssl=1&resize=1050%2C600 3x"},"classes":[]},{"id":3808,"url":"https:\/\/labourdenne.fr\/index.php\/2023\/12\/16\/concours-de-garbure-decembre-2023\/","url_meta":{"origin":1416,"position":5},"title":"Concours de Garbure &#8211; d\u00e9cembre 2023","author":"Dani\u00e8le","date":"16 d\u00e9cembre 2023","format":false,"excerpt":"Un esprit de comp\u00e9tition flottait, ce samedi 16 d\u00e9cembre, sur les Marmitons de La Bourdenne\u00a0! Car un concours de la meilleure garbure avait \u00e9t\u00e9 organis\u00e9 ce jour-l\u00e0, en lieu et place du traditionnel repas commun. Et les cinq \u00e9quipes en lice, \u00e9taient aussi motiv\u00e9es les unes que les autres\u00a0! Et\u2026","rel":"","context":"Dans &quot;Section Cuisine&quot;","block_context":{"text":"Section Cuisine","link":"https:\/\/labourdenne.fr\/index.php\/category\/atelier-cuisine\/"},"img":{"alt_text":"Les gagnantes du concours de garbure","src":"https:\/\/i0.wp.com\/labourdenne.fr\/wp-content\/uploads\/2023\/12\/WhatsApp-Image-2023-12-17-at-12.24.29.jpeg?resize=350%2C200","width":350,"height":200,"srcset":"https:\/\/i0.wp.com\/labourdenne.fr\/wp-content\/uploads\/2023\/12\/WhatsApp-Image-2023-12-17-at-12.24.29.jpeg?resize=350%2C200 1x, https:\/\/i0.wp.com\/labourdenne.fr\/wp-content\/uploads\/2023\/12\/WhatsApp-Image-2023-12-17-at-12.24.29.jpeg?resize=525%2C300 1.5x, https:\/\/i0.wp.com\/labourdenne.fr\/wp-content\/uploads\/2023\/12\/WhatsApp-Image-2023-12-17-at-12.24.29.jpeg?resize=700%2C400 2x"},"classes":[]}],"_links":{"self":[{"href":"https:\/\/labourdenne.fr\/index.php\/wp-json\/wp\/v2\/posts\/1416","targetHints":{"allow":["GET"]}}],"collection":[{"href":"https:\/\/labourdenne.fr\/index.php\/wp-json\/wp\/v2\/posts"}],"about":[{"href":"https:\/\/labourdenne.fr\/index.php\/wp-json\/wp\/v2\/types\/post"}],"author":[{"embeddable":true,"href":"https:\/\/labourdenne.fr\/index.php\/wp-json\/wp\/v2\/users\/2"}],"replies":[{"embeddable":true,"href":"https:\/\/labourdenne.fr\/index.php\/wp-json\/wp\/v2\/comments?post=1416"}],"version-history":[{"count":7,"href":"https:\/\/labourdenne.fr\/index.php\/wp-json\/wp\/v2\/posts\/1416\/revisions"}],"predecessor-version":[{"id":1922,"href":"https:\/\/labourdenne.fr\/index.php\/wp-json\/wp\/v2\/posts\/1416\/revisions\/1922"}],"wp:attachment":[{"href":"https:\/\/labourdenne.fr\/index.php\/wp-json\/wp\/v2\/media?parent=1416"}],"wp:term":[{"taxonomy":"category","embeddable":true,"href":"https:\/\/labourdenne.fr\/index.php\/wp-json\/wp\/v2\/categories?post=1416"},{"taxonomy":"post_tag","embeddable":true,"href":"https:\/\/labourdenne.fr\/index.php\/wp-json\/wp\/v2\/tags?post=1416"}],"curies":[{"name":"wp","href":"https:\/\/api.w.org\/{rel}","templated":true}]}}