{"id":1482,"date":"2018-01-11T22:31:16","date_gmt":"2018-01-11T21:31:16","guid":{"rendered":"http:\/\/labourdenne.fr\/?p=1482"},"modified":"2018-02-13T18:20:46","modified_gmt":"2018-02-13T17:20:46","slug":"prochain-atelier-du-samedi-20-janvier-2018","status":"publish","type":"post","link":"https:\/\/labourdenne.fr\/index.php\/2018\/01\/11\/prochain-atelier-du-samedi-20-janvier-2018\/","title":{"rendered":"Prochain atelier du samedi 20 janvier 2018"},"content":{"rendered":"<p>Bonjour les marmitons !<\/p>\n<p>Nous voil\u00e0 pass\u00e9s en 2018, je vous souhaite \u00e0 tous une belle et bonne ann\u00e9e, sant\u00e9, gaiet\u00e9, bonheur, grains de folie, partage et\u00a0convivialit\u00e9 et tout ce que vous d\u00e9sirez\u2026<\/p>\n<p>Nous allons r\u00e9veiller nos papilles avec un plat portugais propos\u00e9 par Fatima, Ad\u00e8le et Marie Lourdes&#8230;<\/p>\n<h3 style=\"text-align: center;\">CARNE DE PORCO A ALENTEJANA<\/h3>\n<h3 style=\"text-align: center;\">et son dessert DOCE DA CASA.<\/h3>\n<p><!--more--><\/p>\n<p>Je vous donne donc rendez-vous \u00e0 la <strong>CANTINE de l&rsquo;\u00e9cole le samedi 20 janvier \u00e0 17 h<\/strong> avec:<\/p>\n<ol>\n<li><strong>un \u00e9pluche l\u00e9gumes,<\/strong><\/li>\n<li><strong>une planche,<\/strong><\/li>\n<li><strong>un\u00a0saladier,<\/strong><\/li>\n<li><strong>un couteau<\/strong><\/li>\n<\/ol>\n<p>La salle des f\u00eates en travaux nous oblige \u00e0 changer de lieu et pour ce premier repas nous composerons \u00e0 la cantine avec les\u00a0copains et les copines.\u00a0Les enfants r\u00e9aliseront le dessert avec quelques adultes.<\/p>\n<p>La date limite d&rsquo;inscription est <strong>LUNDI 15 JANVIER<\/strong>, merci de me r\u00e9pondre dans le temps imparti&#8230;<\/p>\n<p>Bonne journ\u00e9e \u00e0 vous tous et \u00e0 tr\u00e8s vite<br \/>\nAmicalement,<br \/>\nCo<\/p>\n","protected":false},"excerpt":{"rendered":"<p>Bonjour les marmitons ! Nous voil\u00e0 pass\u00e9s en 2018, je vous souhaite \u00e0 tous une belle et bonne ann\u00e9e, sant\u00e9, gaiet\u00e9, bonheur, grains de folie, partage et\u00a0convivialit\u00e9 et tout ce que vous d\u00e9sirez\u2026 Nous allons r\u00e9veiller nos papilles avec un plat portugais propos\u00e9 par Fatima, Ad\u00e8le et Marie Lourdes&#8230; CARNE DE PORCO A ALENTEJANA et [&hellip;]<\/p>\n","protected":false},"author":2,"featured_media":0,"comment_status":"closed","ping_status":"open","sticky":false,"template":"","format":"standard","meta":{"jetpack_post_was_ever_published":false,"_jetpack_newsletter_access":"","_jetpack_dont_email_post_to_subs":false,"_jetpack_newsletter_tier_id":0,"_jetpack_memberships_contains_paywalled_content":false,"_jetpack_memberships_contains_paid_content":false,"footnotes":"","jetpack_publicize_message":"","jetpack_publicize_feature_enabled":true,"jetpack_social_post_already_shared":true,"jetpack_social_options":{"image_generator_settings":{"template":"highway","default_image_id":0,"font":"","enabled":false},"version":2}},"categories":[9],"tags":[],"class_list":["post-1482","post","type-post","status-publish","format-standard","hentry","category-atelier-cuisine"],"jetpack_publicize_connections":[],"jetpack_featured_media_url":"","jetpack_sharing_enabled":true,"jetpack_shortlink":"https:\/\/wp.me\/p6WNWb-nU","jetpack-related-posts":[{"id":1577,"url":"https:\/\/labourdenne.fr\/index.php\/2018\/01\/20\/repas-du-20-janvier-2018-carne-de-porco-a-lalentejana-et-doce-da-casa\/","url_meta":{"origin":1482,"position":0},"title":"REPAS DU 20 JANVIER 2018 CARNE DE PORCO A L&rsquo;ALENTEJANA ET DOCE DA CASA","author":"Corinne","date":"20 janvier 2018","format":false,"excerpt":"Premier rendez-vous de l'ann\u00e9e pour les marmitons \u00e0 la cantine de l'\u00e9cole...pour un voyage dans le sud du Portugal, l'Alentejo... Nous avons du composer avec un lieu plus petit, et avons investi le r\u00e9fectoire pour la pr\u00e9paration de ces plats portugais. Les enfants encadr\u00e9s par Ad\u00e8le, Marie Lourdes et Annick\u2026","rel":"","context":"Dans &quot;Section Cuisine&quot;","block_context":{"text":"Section Cuisine","link":"https:\/\/labourdenne.fr\/index.php\/category\/atelier-cuisine\/"},"img":{"alt_text":"","src":"https:\/\/i0.wp.com\/labourdenne.fr\/wp-content\/uploads\/2018\/01\/20.01.18-1.jpg?resize=350%2C200","width":350,"height":200,"srcset":"https:\/\/i0.wp.com\/labourdenne.fr\/wp-content\/uploads\/2018\/01\/20.01.18-1.jpg?resize=350%2C200 1x, https:\/\/i0.wp.com\/labourdenne.fr\/wp-content\/uploads\/2018\/01\/20.01.18-1.jpg?resize=525%2C300 1.5x, https:\/\/i0.wp.com\/labourdenne.fr\/wp-content\/uploads\/2018\/01\/20.01.18-1.jpg?resize=700%2C400 2x, https:\/\/i0.wp.com\/labourdenne.fr\/wp-content\/uploads\/2018\/01\/20.01.18-1.jpg?resize=1050%2C600 3x, https:\/\/i0.wp.com\/labourdenne.fr\/wp-content\/uploads\/2018\/01\/20.01.18-1.jpg?resize=1400%2C800 4x"},"classes":[]},{"id":1700,"url":"https:\/\/labourdenne.fr\/index.php\/2018\/02\/17\/repas-du-17-fevrier-2018-moussaka-a-la-bulgare-et-salami-au-chocolat-de-viktoria\/","url_meta":{"origin":1482,"position":1},"title":"REPAS DU 17 FEVRIER 2018 MOUSSAKA A LA BULGARE ET SALAMI AU CHOCOLAT DE VIKTORIA","author":"Corinne","date":"17 f\u00e9vrier 2018","format":false,"excerpt":"Nous voil\u00e0 r\u00e9unis de nouveau \u00e0 la cantine de l'\u00e9cole pour notre atelier de cuisine du mois de f\u00e9vrier. Ce mois-ci, Viktoria nous propose de r\u00e9aliser une moussaka mais pas avec des aubergines, non.... fa\u00e7on bulgare avec des pommes de terre et un dessert salami au chocolat souvenir de son\u2026","rel":"","context":"Dans &quot;Section Cuisine&quot;","block_context":{"text":"Section Cuisine","link":"https:\/\/labourdenne.fr\/index.php\/category\/atelier-cuisine\/"},"img":{"alt_text":"","src":"https:\/\/i0.wp.com\/labourdenne.fr\/wp-content\/uploads\/2018\/04\/17.02.18-2.jpg?resize=350%2C200","width":350,"height":200,"srcset":"https:\/\/i0.wp.com\/labourdenne.fr\/wp-content\/uploads\/2018\/04\/17.02.18-2.jpg?resize=350%2C200 1x, https:\/\/i0.wp.com\/labourdenne.fr\/wp-content\/uploads\/2018\/04\/17.02.18-2.jpg?resize=525%2C300 1.5x, https:\/\/i0.wp.com\/labourdenne.fr\/wp-content\/uploads\/2018\/04\/17.02.18-2.jpg?resize=700%2C400 2x, https:\/\/i0.wp.com\/labourdenne.fr\/wp-content\/uploads\/2018\/04\/17.02.18-2.jpg?resize=1050%2C600 3x, https:\/\/i0.wp.com\/labourdenne.fr\/wp-content\/uploads\/2018\/04\/17.02.18-2.jpg?resize=1400%2C800 4x"},"classes":[]},{"id":1259,"url":"https:\/\/labourdenne.fr\/index.php\/2017\/01\/21\/samedi-21-janvier-2017-la-polynesie-avec-carole-et-vincent\/","url_meta":{"origin":1482,"position":2},"title":"Samedi 21 janvier 2017 La Polyn\u00e9sie avec Carole et Vincent","author":"Corinne","date":"21 janvier 2017","format":false,"excerpt":"Pour le premier repas depuis la nouvelle ann\u00e9e, les marmitons de l'atelier de cuisine du monde se sont retrouv\u00e9s dans la joie et la bonne humeur pour cuisiner (et d\u00e9guster!) un repas polyn\u00e9sien compos\u00e9 d'un savoureux poulet \u00e0 la sauce citronn\u00e9e accompagn\u00e9 de nouilles chinoises aux petits l\u00e9gumes. Pour le\u2026","rel":"","context":"Dans &quot;Section Cuisine&quot;","block_context":{"text":"Section Cuisine","link":"https:\/\/labourdenne.fr\/index.php\/category\/atelier-cuisine\/"},"img":{"alt_text":"","src":"","width":0,"height":0},"classes":[]},{"id":1898,"url":"https:\/\/labourdenne.fr\/index.php\/2018\/04\/28\/repas-du-28-avril-2018-poulet-au-concombre-tarte-au-citron-et-neige-de-coco-de-lile-de-la-reunion\/","url_meta":{"origin":1482,"position":3},"title":"REPAS DU 28 AVRIL 2018 POULET AU CONCOMBRE  TARTE AU CITRON ET NEIGE DE COCO DE L&rsquo;ILE DE LA REUNION","author":"Corinne","date":"28 avril 2018","format":false,"excerpt":"Marie-Ange nous a invit\u00e9 \u00e0 d\u00e9couvrir un autre plat de l\u2019\u00cele de La R\u00e9union, le poulet au concombre.. Nous nous sommes donc retrouv\u00e9s \u00e0 la cantine de l'\u00e9cole pour la r\u00e9alisation de ce plat et d'un dessert, la tarte au citron et neige de coco. Les poulets furent d\u00e9coup\u00e9s en\u2026","rel":"","context":"Dans &quot;Section Cuisine&quot;","block_context":{"text":"Section Cuisine","link":"https:\/\/labourdenne.fr\/index.php\/category\/atelier-cuisine\/"},"img":{"alt_text":"","src":"https:\/\/i0.wp.com\/labourdenne.fr\/wp-content\/uploads\/2018\/05\/28.04.18-1.jpg?resize=350%2C200","width":350,"height":200,"srcset":"https:\/\/i0.wp.com\/labourdenne.fr\/wp-content\/uploads\/2018\/05\/28.04.18-1.jpg?resize=350%2C200 1x, https:\/\/i0.wp.com\/labourdenne.fr\/wp-content\/uploads\/2018\/05\/28.04.18-1.jpg?resize=525%2C300 1.5x, https:\/\/i0.wp.com\/labourdenne.fr\/wp-content\/uploads\/2018\/05\/28.04.18-1.jpg?resize=700%2C400 2x, https:\/\/i0.wp.com\/labourdenne.fr\/wp-content\/uploads\/2018\/05\/28.04.18-1.jpg?resize=1050%2C600 3x, https:\/\/i0.wp.com\/labourdenne.fr\/wp-content\/uploads\/2018\/05\/28.04.18-1.jpg?resize=1400%2C800 4x"},"classes":[]},{"id":1963,"url":"https:\/\/labourdenne.fr\/index.php\/2018\/10\/20\/repas-du-20-octobre-2018-tajine-dagneau-aux-pruneaux-et-aux-raisins\/","url_meta":{"origin":1482,"position":4},"title":"REPAS DU 20 OCTOBRE 2018 &#8211; TAJINE D\u2019AGNEAU AUX PRUNEAUX ET AUX RAISINS","author":"Carole","date":"20 octobre 2018","format":false,"excerpt":"En ce premier jour des vacances, nous nous sommes r\u00e9unis \u00e0 la cantine de l\u2019\u00e9cole afin de cuisiner le fameux tajine d\u2019agneau aux pruneaux et aux raisins de Jalel. Cette soir\u00e9e a \u00e9galement \u00e9t\u00e9 l\u2019occasion pour les marmitons de faire un petit bilan de l\u2019assembl\u00e9e g\u00e9n\u00e9rale de la veille et\u2026","rel":"","context":"Dans &quot;Section Cuisine&quot;","block_context":{"text":"Section Cuisine","link":"https:\/\/labourdenne.fr\/index.php\/category\/atelier-cuisine\/"},"img":{"alt_text":"","src":"https:\/\/i0.wp.com\/labourdenne.fr\/wp-content\/uploads\/2018\/12\/20181020_190421367_iOS.jpg?resize=350%2C200","width":350,"height":200,"srcset":"https:\/\/i0.wp.com\/labourdenne.fr\/wp-content\/uploads\/2018\/12\/20181020_190421367_iOS.jpg?resize=350%2C200 1x, https:\/\/i0.wp.com\/labourdenne.fr\/wp-content\/uploads\/2018\/12\/20181020_190421367_iOS.jpg?resize=525%2C300 1.5x, https:\/\/i0.wp.com\/labourdenne.fr\/wp-content\/uploads\/2018\/12\/20181020_190421367_iOS.jpg?resize=700%2C400 2x, https:\/\/i0.wp.com\/labourdenne.fr\/wp-content\/uploads\/2018\/12\/20181020_190421367_iOS.jpg?resize=1050%2C600 3x, https:\/\/i0.wp.com\/labourdenne.fr\/wp-content\/uploads\/2018\/12\/20181020_190421367_iOS.jpg?resize=1400%2C800 4x"},"classes":[]},{"id":1805,"url":"https:\/\/labourdenne.fr\/index.php\/2018\/03\/24\/repas-du-24-mars-2018-bourekakia-me-kota-et-manitaria-recettes-grecques\/","url_meta":{"origin":1482,"position":5},"title":"REPAS DU 24 MARS 2018 BOUREKAKIA ME KOTA , MANITARIA ET BOSTOCK RECETTES GRECQUES","author":"Corinne","date":"24 mars 2018","format":false,"excerpt":"Voici les marmitons partis en Gr\u00e8ce pour ce repas du mois de mars....L'atelier cuisine s'est d\u00e9roul\u00e9 \u00e0 la cantine de l'\u00e9cole. Nous avons r\u00e9alis\u00e9 des feuillet\u00e9s de poulet en rouleaux Bourekakia me kota et des champignons \u00e0 la grecque Manitaria. Annick avait propos\u00e9 un dessert Bostock r\u00e9alis\u00e9 par les enfants\u2026","rel":"","context":"Dans &quot;Section Cuisine&quot;","block_context":{"text":"Section Cuisine","link":"https:\/\/labourdenne.fr\/index.php\/category\/atelier-cuisine\/"},"img":{"alt_text":"","src":"https:\/\/i0.wp.com\/labourdenne.fr\/wp-content\/uploads\/2018\/04\/24.03.18-14.jpg?resize=350%2C200","width":350,"height":200,"srcset":"https:\/\/i0.wp.com\/labourdenne.fr\/wp-content\/uploads\/2018\/04\/24.03.18-14.jpg?resize=350%2C200 1x, https:\/\/i0.wp.com\/labourdenne.fr\/wp-content\/uploads\/2018\/04\/24.03.18-14.jpg?resize=525%2C300 1.5x, https:\/\/i0.wp.com\/labourdenne.fr\/wp-content\/uploads\/2018\/04\/24.03.18-14.jpg?resize=700%2C400 2x, https:\/\/i0.wp.com\/labourdenne.fr\/wp-content\/uploads\/2018\/04\/24.03.18-14.jpg?resize=1050%2C600 3x, https:\/\/i0.wp.com\/labourdenne.fr\/wp-content\/uploads\/2018\/04\/24.03.18-14.jpg?resize=1400%2C800 4x"},"classes":[]}],"_links":{"self":[{"href":"https:\/\/labourdenne.fr\/index.php\/wp-json\/wp\/v2\/posts\/1482","targetHints":{"allow":["GET"]}}],"collection":[{"href":"https:\/\/labourdenne.fr\/index.php\/wp-json\/wp\/v2\/posts"}],"about":[{"href":"https:\/\/labourdenne.fr\/index.php\/wp-json\/wp\/v2\/types\/post"}],"author":[{"embeddable":true,"href":"https:\/\/labourdenne.fr\/index.php\/wp-json\/wp\/v2\/users\/2"}],"replies":[{"embeddable":true,"href":"https:\/\/labourdenne.fr\/index.php\/wp-json\/wp\/v2\/comments?post=1482"}],"version-history":[{"count":6,"href":"https:\/\/labourdenne.fr\/index.php\/wp-json\/wp\/v2\/posts\/1482\/revisions"}],"predecessor-version":[{"id":1488,"href":"https:\/\/labourdenne.fr\/index.php\/wp-json\/wp\/v2\/posts\/1482\/revisions\/1488"}],"wp:attachment":[{"href":"https:\/\/labourdenne.fr\/index.php\/wp-json\/wp\/v2\/media?parent=1482"}],"wp:term":[{"taxonomy":"category","embeddable":true,"href":"https:\/\/labourdenne.fr\/index.php\/wp-json\/wp\/v2\/categories?post=1482"},{"taxonomy":"post_tag","embeddable":true,"href":"https:\/\/labourdenne.fr\/index.php\/wp-json\/wp\/v2\/tags?post=1482"}],"curies":[{"name":"wp","href":"https:\/\/api.w.org\/{rel}","templated":true}]}}