{"id":1496,"date":"2017-12-16T18:01:01","date_gmt":"2017-12-16T17:01:01","guid":{"rendered":"http:\/\/labourdenne.fr\/?p=1496"},"modified":"2018-02-13T18:19:16","modified_gmt":"2018-02-13T17:19:16","slug":"repas-de-noel-du-16-decembre-2017","status":"publish","type":"post","link":"https:\/\/labourdenne.fr\/index.php\/2017\/12\/16\/repas-de-noel-du-16-decembre-2017\/","title":{"rendered":"REPAS DE NOEL DU 16 DECEMBRE 2017"},"content":{"rendered":"<p>Le bureau de La Bourdenne a, cette ann\u00e9e encore, d\u00e9cid\u00e9 d&rsquo;offrir \u00e0 l&rsquo;ensemble de ses membres, leurs conjoints et enfants&#8230;Le repas de No\u00ebl.<br \/>\nApr\u00e8s consultation et propositions des marmitons, le bureau s&rsquo;est r\u00e9uni pour \u00e9tablir le menu.<br \/>\nCela n&rsquo;a pas \u00e9tait sans mal, les propositions \u00e9tant toutes all\u00e9chantes&#8230; et voici le<\/p>\n<p>MENU DE NOEL&#8230;<!--more--><\/p>\n<ul>\n<li>Ap\u00e9ritif et sa tapenade d&rsquo;olives<\/li>\n<li>Salade de g\u00e9siers, noix et son pain d&rsquo;\u00e9pices<\/li>\n<li>Verrine de noix de Saint Jacques aux poireaux<\/li>\n<li>Empanadas de dinde, champignons et cr\u00e8me<\/li>\n<li>Darne de truite<\/li>\n<li>Crumble de l\u00e9gumes<\/li>\n<li>Sabl\u00e9s de No\u00ebl<\/li>\n<li>Pommes au four<\/li>\n<\/ul>\n<p>Nous avions rendez-vous \u00e0 14 h \u00e0 la salle des f\u00eates de Buzy et bien nous en a pris de commencer plus t\u00f4t car il y avait de quoi faire&#8230;<br \/>\nUne trentaine de marmitons \u00e9taient aux fourneaux, au-dessus des gamelles, \u00e0 \u00e9plucher, couper&#8230;nous nous serions crus dans une fourmili\u00e8re.<br \/>\nNous avons accueilli 88 personnes pour ce dernier repas fort copieux mais fort appr\u00e9ci\u00e9&#8230;<br \/>\nVous trouverez sur les photos de Jojo et Juliette les principales recettes et ci-dessous, celle de la verrine.<br \/>\nNous avons clos l&rsquo;ann\u00e9e 2017 par une belle soir\u00e9e&#8230;<\/p>\n<p>Je tiens \u00e0 remercier tous les marmitons pour cette ann\u00e9e 2017 pass\u00e9e en votre compagnie, merci pour votre implication et votre g\u00e9n\u00e9rosit\u00e9&#8230;<br \/>\nET VIVE 2018 ET NOS NOUVELLES RECETTES<br \/>\n<a href=\"http:\/\/labourdenne.fr\/wp-content\/uploads\/2018\/01\/SAINT-JACQUES-AUX-POIREAUX.docx\">SAINT-JACQUES AUX POIREAUX<\/a><\/p>\n\n\t\t<style type=\"text\/css\">\n\t\t\t#gallery-1 {\n\t\t\t\tmargin: auto;\n\t\t\t}\n\t\t\t#gallery-1 .gallery-item {\n\t\t\t\tfloat: left;\n\t\t\t\tmargin-top: 10px;\n\t\t\t\ttext-align: center;\n\t\t\t\twidth: 33%;\n\t\t\t}\n\t\t\t#gallery-1 img {\n\t\t\t\tborder: 2px solid #cfcfcf;\n\t\t\t}\n\t\t\t#gallery-1 .gallery-caption {\n\t\t\t\tmargin-left: 0;\n\t\t\t}\n\t\t\t\/* see gallery_shortcode() in wp-includes\/media.php *\/\n\t\t<\/style>\n\t\t<div data-carousel-extra='{&quot;blog_id&quot;:1,&quot;permalink&quot;:&quot;https:\/\/labourdenne.fr\/index.php\/2017\/12\/16\/repas-de-noel-du-16-decembre-2017\/&quot;}' id='gallery-1' class='gallery galleryid-1496 gallery-columns-3 gallery-size-thumbnail'><dl class='gallery-item'>\n\t\t\t<dt class='gallery-icon landscape'>\n\t\t\t\t<a href='https:\/\/labourdenne.fr\/index.php\/2017\/12\/16\/repas-de-noel-du-16-decembre-2017\/16-12-17-1\/'><img loading=\"lazy\" decoding=\"async\" width=\"150\" height=\"150\" src=\"https:\/\/i0.wp.com\/labourdenne.fr\/wp-content\/uploads\/2018\/01\/16.12.17-1.jpg?resize=150%2C150&amp;ssl=1\" class=\"attachment-thumbnail size-thumbnail\" alt=\"\" srcset=\"https:\/\/i0.wp.com\/labourdenne.fr\/wp-content\/uploads\/2018\/01\/16.12.17-1.jpg?resize=150%2C150&amp;ssl=1 150w, https:\/\/i0.wp.com\/labourdenne.fr\/wp-content\/uploads\/2018\/01\/16.12.17-1.jpg?zoom=2&amp;resize=150%2C150&amp;ssl=1 300w, https:\/\/i0.wp.com\/labourdenne.fr\/wp-content\/uploads\/2018\/01\/16.12.17-1.jpg?zoom=3&amp;resize=150%2C150&amp;ssl=1 450w\" sizes=\"auto, (max-width: 150px) 100vw, 150px\" data-attachment-id=\"1497\" data-permalink=\"https:\/\/labourdenne.fr\/index.php\/2017\/12\/16\/repas-de-noel-du-16-decembre-2017\/16-12-17-1\/\" data-orig-file=\"https:\/\/i0.wp.com\/labourdenne.fr\/wp-content\/uploads\/2018\/01\/16.12.17-1.jpg?fit=2048%2C1536&amp;ssl=1\" data-orig-size=\"2048,1536\" data-comments-opened=\"1\" data-image-meta=\"{&quot;aperture&quot;:&quot;5&quot;,&quot;credit&quot;:&quot;&quot;,&quot;camera&quot;:&quot;DSC-WX220&quot;,&quot;caption&quot;:&quot;&quot;,&quot;created_timestamp&quot;:&quot;1513435732&quot;,&quot;copyright&quot;:&quot;&quot;,&quot;focal_length&quot;:&quot;12.14&quot;,&quot;iso&quot;:&quot;800&quot;,&quot;shutter_speed&quot;:&quot;0.016666666666667&quot;,&quot;title&quot;:&quot;&quot;,&quot;orientation&quot;:&quot;1&quot;}\" data-image-title=\"16.12.17 (1)\" data-image-description=\"\" data-image-caption=\"\" data-large-file=\"https:\/\/i0.wp.com\/labourdenne.fr\/wp-content\/uploads\/2018\/01\/16.12.17-1.jpg?fit=646%2C485&amp;ssl=1\" \/><\/a>\n\t\t\t<\/dt><\/dl><dl class='gallery-item'>\n\t\t\t<dt class='gallery-icon landscape'>\n\t\t\t\t<a href='https:\/\/labourdenne.fr\/index.php\/2017\/12\/16\/repas-de-noel-du-16-decembre-2017\/16-12-17-2\/'><img loading=\"lazy\" decoding=\"async\" width=\"150\" height=\"150\" src=\"https:\/\/i0.wp.com\/labourdenne.fr\/wp-content\/uploads\/2018\/01\/16.12.17-2.jpg?resize=150%2C150&amp;ssl=1\" class=\"attachment-thumbnail size-thumbnail\" alt=\"\" srcset=\"https:\/\/i0.wp.com\/labourdenne.fr\/wp-content\/uploads\/2018\/01\/16.12.17-2.jpg?resize=150%2C150&amp;ssl=1 150w, https:\/\/i0.wp.com\/labourdenne.fr\/wp-content\/uploads\/2018\/01\/16.12.17-2.jpg?zoom=2&amp;resize=150%2C150&amp;ssl=1 300w, https:\/\/i0.wp.com\/labourdenne.fr\/wp-content\/uploads\/2018\/01\/16.12.17-2.jpg?zoom=3&amp;resize=150%2C150&amp;ssl=1 450w\" sizes=\"auto, (max-width: 150px) 100vw, 150px\" data-attachment-id=\"1498\" data-permalink=\"https:\/\/labourdenne.fr\/index.php\/2017\/12\/16\/repas-de-noel-du-16-decembre-2017\/16-12-17-2\/\" data-orig-file=\"https:\/\/i0.wp.com\/labourdenne.fr\/wp-content\/uploads\/2018\/01\/16.12.17-2.jpg?fit=2048%2C1536&amp;ssl=1\" data-orig-size=\"2048,1536\" data-comments-opened=\"1\" data-image-meta=\"{&quot;aperture&quot;:&quot;3.3&quot;,&quot;credit&quot;:&quot;&quot;,&quot;camera&quot;:&quot;DSC-WX220&quot;,&quot;caption&quot;:&quot;&quot;,&quot;created_timestamp&quot;:&quot;1513435753&quot;,&quot;copyright&quot;:&quot;&quot;,&quot;focal_length&quot;:&quot;4.45&quot;,&quot;iso&quot;:&quot;500&quot;,&quot;shutter_speed&quot;:&quot;0.033333333333333&quot;,&quot;title&quot;:&quot;&quot;,&quot;orientation&quot;:&quot;1&quot;}\" data-image-title=\"16.12.17 (2)\" data-image-description=\"\" data-image-caption=\"\" data-large-file=\"https:\/\/i0.wp.com\/labourdenne.fr\/wp-content\/uploads\/2018\/01\/16.12.17-2.jpg?fit=646%2C485&amp;ssl=1\" \/><\/a>\n\t\t\t<\/dt><\/dl><dl class='gallery-item'>\n\t\t\t<dt class='gallery-icon landscape'>\n\t\t\t\t<a href='https:\/\/labourdenne.fr\/index.php\/2017\/12\/16\/repas-de-noel-du-16-decembre-2017\/16-12-17-3\/'><img loading=\"lazy\" decoding=\"async\" width=\"150\" height=\"150\" src=\"https:\/\/i0.wp.com\/labourdenne.fr\/wp-content\/uploads\/2018\/01\/16.12.17-3.jpg?resize=150%2C150&amp;ssl=1\" class=\"attachment-thumbnail size-thumbnail\" alt=\"\" srcset=\"https:\/\/i0.wp.com\/labourdenne.fr\/wp-content\/uploads\/2018\/01\/16.12.17-3.jpg?resize=150%2C150&amp;ssl=1 150w, https:\/\/i0.wp.com\/labourdenne.fr\/wp-content\/uploads\/2018\/01\/16.12.17-3.jpg?zoom=2&amp;resize=150%2C150&amp;ssl=1 300w, https:\/\/i0.wp.com\/labourdenne.fr\/wp-content\/uploads\/2018\/01\/16.12.17-3.jpg?zoom=3&amp;resize=150%2C150&amp;ssl=1 450w\" sizes=\"auto, (max-width: 150px) 100vw, 150px\" data-attachment-id=\"1499\" data-permalink=\"https:\/\/labourdenne.fr\/index.php\/2017\/12\/16\/repas-de-noel-du-16-decembre-2017\/16-12-17-3\/\" data-orig-file=\"https:\/\/i0.wp.com\/labourdenne.fr\/wp-content\/uploads\/2018\/01\/16.12.17-3.jpg?fit=2048%2C1536&amp;ssl=1\" data-orig-size=\"2048,1536\" data-comments-opened=\"1\" data-image-meta=\"{&quot;aperture&quot;:&quot;5&quot;,&quot;credit&quot;:&quot;&quot;,&quot;camera&quot;:&quot;DSC-WX220&quot;,&quot;caption&quot;:&quot;&quot;,&quot;created_timestamp&quot;:&quot;1513436071&quot;,&quot;copyright&quot;:&quot;&quot;,&quot;focal_length&quot;:&quot;12.14&quot;,&quot;iso&quot;:&quot;800&quot;,&quot;shutter_speed&quot;:&quot;0.02&quot;,&quot;title&quot;:&quot;&quot;,&quot;orientation&quot;:&quot;1&quot;}\" data-image-title=\"16.12.17 (3)\" data-image-description=\"\" data-image-caption=\"\" data-large-file=\"https:\/\/i0.wp.com\/labourdenne.fr\/wp-content\/uploads\/2018\/01\/16.12.17-3.jpg?fit=646%2C485&amp;ssl=1\" \/><\/a>\n\t\t\t<\/dt><\/dl><br style=\"clear: both\" \/><dl class='gallery-item'>\n\t\t\t<dt class='gallery-icon landscape'>\n\t\t\t\t<a href='https:\/\/labourdenne.fr\/index.php\/2017\/12\/16\/repas-de-noel-du-16-decembre-2017\/16-12-17-4\/'><img loading=\"lazy\" decoding=\"async\" width=\"150\" height=\"150\" src=\"https:\/\/i0.wp.com\/labourdenne.fr\/wp-content\/uploads\/2018\/01\/16.12.17-4.jpg?resize=150%2C150&amp;ssl=1\" class=\"attachment-thumbnail size-thumbnail\" alt=\"\" srcset=\"https:\/\/i0.wp.com\/labourdenne.fr\/wp-content\/uploads\/2018\/01\/16.12.17-4.jpg?resize=150%2C150&amp;ssl=1 150w, https:\/\/i0.wp.com\/labourdenne.fr\/wp-content\/uploads\/2018\/01\/16.12.17-4.jpg?zoom=2&amp;resize=150%2C150&amp;ssl=1 300w, https:\/\/i0.wp.com\/labourdenne.fr\/wp-content\/uploads\/2018\/01\/16.12.17-4.jpg?zoom=3&amp;resize=150%2C150&amp;ssl=1 450w\" sizes=\"auto, (max-width: 150px) 100vw, 150px\" data-attachment-id=\"1500\" data-permalink=\"https:\/\/labourdenne.fr\/index.php\/2017\/12\/16\/repas-de-noel-du-16-decembre-2017\/16-12-17-4\/\" data-orig-file=\"https:\/\/i0.wp.com\/labourdenne.fr\/wp-content\/uploads\/2018\/01\/16.12.17-4.jpg?fit=2048%2C1536&amp;ssl=1\" data-orig-size=\"2048,1536\" data-comments-opened=\"1\" data-image-meta=\"{&quot;aperture&quot;:&quot;3.3&quot;,&quot;credit&quot;:&quot;&quot;,&quot;camera&quot;:&quot;DSC-WX220&quot;,&quot;caption&quot;:&quot;&quot;,&quot;created_timestamp&quot;:&quot;1513436156&quot;,&quot;copyright&quot;:&quot;&quot;,&quot;focal_length&quot;:&quot;4.45&quot;,&quot;iso&quot;:&quot;200&quot;,&quot;shutter_speed&quot;:&quot;0.033333333333333&quot;,&quot;title&quot;:&quot;&quot;,&quot;orientation&quot;:&quot;1&quot;}\" data-image-title=\"16.12.17 (4)\" data-image-description=\"\" data-image-caption=\"\" data-large-file=\"https:\/\/i0.wp.com\/labourdenne.fr\/wp-content\/uploads\/2018\/01\/16.12.17-4.jpg?fit=646%2C485&amp;ssl=1\" \/><\/a>\n\t\t\t<\/dt><\/dl><dl class='gallery-item'>\n\t\t\t<dt class='gallery-icon landscape'>\n\t\t\t\t<a href='https:\/\/labourdenne.fr\/index.php\/2017\/12\/16\/repas-de-noel-du-16-decembre-2017\/16-12-17-5\/'><img loading=\"lazy\" decoding=\"async\" width=\"150\" height=\"150\" src=\"https:\/\/i0.wp.com\/labourdenne.fr\/wp-content\/uploads\/2018\/01\/16.12.17-5.jpg?resize=150%2C150&amp;ssl=1\" class=\"attachment-thumbnail size-thumbnail\" alt=\"\" srcset=\"https:\/\/i0.wp.com\/labourdenne.fr\/wp-content\/uploads\/2018\/01\/16.12.17-5.jpg?resize=150%2C150&amp;ssl=1 150w, https:\/\/i0.wp.com\/labourdenne.fr\/wp-content\/uploads\/2018\/01\/16.12.17-5.jpg?zoom=2&amp;resize=150%2C150&amp;ssl=1 300w, https:\/\/i0.wp.com\/labourdenne.fr\/wp-content\/uploads\/2018\/01\/16.12.17-5.jpg?zoom=3&amp;resize=150%2C150&amp;ssl=1 450w\" sizes=\"auto, (max-width: 150px) 100vw, 150px\" data-attachment-id=\"1501\" data-permalink=\"https:\/\/labourdenne.fr\/index.php\/2017\/12\/16\/repas-de-noel-du-16-decembre-2017\/16-12-17-5\/\" data-orig-file=\"https:\/\/i0.wp.com\/labourdenne.fr\/wp-content\/uploads\/2018\/01\/16.12.17-5.jpg?fit=2048%2C1536&amp;ssl=1\" data-orig-size=\"2048,1536\" data-comments-opened=\"1\" data-image-meta=\"{&quot;aperture&quot;:&quot;3.3&quot;,&quot;credit&quot;:&quot;&quot;,&quot;camera&quot;:&quot;DSC-WX220&quot;,&quot;caption&quot;:&quot;&quot;,&quot;created_timestamp&quot;:&quot;1513436183&quot;,&quot;copyright&quot;:&quot;&quot;,&quot;focal_length&quot;:&quot;4.45&quot;,&quot;iso&quot;:&quot;500&quot;,&quot;shutter_speed&quot;:&quot;0.033333333333333&quot;,&quot;title&quot;:&quot;&quot;,&quot;orientation&quot;:&quot;1&quot;}\" data-image-title=\"16.12.17 (5)\" data-image-description=\"\" data-image-caption=\"\" data-large-file=\"https:\/\/i0.wp.com\/labourdenne.fr\/wp-content\/uploads\/2018\/01\/16.12.17-5.jpg?fit=646%2C485&amp;ssl=1\" \/><\/a>\n\t\t\t<\/dt><\/dl><dl class='gallery-item'>\n\t\t\t<dt class='gallery-icon landscape'>\n\t\t\t\t<a href='https:\/\/labourdenne.fr\/index.php\/2017\/12\/16\/repas-de-noel-du-16-decembre-2017\/16-12-17-6\/'><img loading=\"lazy\" decoding=\"async\" width=\"150\" height=\"150\" src=\"https:\/\/i0.wp.com\/labourdenne.fr\/wp-content\/uploads\/2018\/01\/16.12.17-6.jpg?resize=150%2C150&amp;ssl=1\" class=\"attachment-thumbnail size-thumbnail\" alt=\"\" srcset=\"https:\/\/i0.wp.com\/labourdenne.fr\/wp-content\/uploads\/2018\/01\/16.12.17-6.jpg?resize=150%2C150&amp;ssl=1 150w, https:\/\/i0.wp.com\/labourdenne.fr\/wp-content\/uploads\/2018\/01\/16.12.17-6.jpg?zoom=2&amp;resize=150%2C150&amp;ssl=1 300w, https:\/\/i0.wp.com\/labourdenne.fr\/wp-content\/uploads\/2018\/01\/16.12.17-6.jpg?zoom=3&amp;resize=150%2C150&amp;ssl=1 450w\" sizes=\"auto, (max-width: 150px) 100vw, 150px\" data-attachment-id=\"1502\" data-permalink=\"https:\/\/labourdenne.fr\/index.php\/2017\/12\/16\/repas-de-noel-du-16-decembre-2017\/16-12-17-6\/\" data-orig-file=\"https:\/\/i0.wp.com\/labourdenne.fr\/wp-content\/uploads\/2018\/01\/16.12.17-6.jpg?fit=2048%2C1536&amp;ssl=1\" data-orig-size=\"2048,1536\" data-comments-opened=\"1\" data-image-meta=\"{&quot;aperture&quot;:&quot;3.3&quot;,&quot;credit&quot;:&quot;&quot;,&quot;camera&quot;:&quot;DSC-WX220&quot;,&quot;caption&quot;:&quot;&quot;,&quot;created_timestamp&quot;:&quot;1513436188&quot;,&quot;copyright&quot;:&quot;&quot;,&quot;focal_length&quot;:&quot;4.45&quot;,&quot;iso&quot;:&quot;200&quot;,&quot;shutter_speed&quot;:&quot;0.033333333333333&quot;,&quot;title&quot;:&quot;&quot;,&quot;orientation&quot;:&quot;1&quot;}\" data-image-title=\"16.12.17 (6)\" data-image-description=\"\" data-image-caption=\"\" data-large-file=\"https:\/\/i0.wp.com\/labourdenne.fr\/wp-content\/uploads\/2018\/01\/16.12.17-6.jpg?fit=646%2C485&amp;ssl=1\" \/><\/a>\n\t\t\t<\/dt><\/dl><br style=\"clear: both\" \/><dl class='gallery-item'>\n\t\t\t<dt class='gallery-icon portrait'>\n\t\t\t\t<a href='https:\/\/labourdenne.fr\/index.php\/2017\/12\/16\/repas-de-noel-du-16-decembre-2017\/16-12-17-7\/'><img loading=\"lazy\" decoding=\"async\" width=\"150\" height=\"150\" src=\"https:\/\/i0.wp.com\/labourdenne.fr\/wp-content\/uploads\/2018\/01\/16.12.17-7.jpg?resize=150%2C150&amp;ssl=1\" class=\"attachment-thumbnail size-thumbnail\" alt=\"\" srcset=\"https:\/\/i0.wp.com\/labourdenne.fr\/wp-content\/uploads\/2018\/01\/16.12.17-7.jpg?resize=150%2C150&amp;ssl=1 150w, https:\/\/i0.wp.com\/labourdenne.fr\/wp-content\/uploads\/2018\/01\/16.12.17-7.jpg?zoom=2&amp;resize=150%2C150&amp;ssl=1 300w, https:\/\/i0.wp.com\/labourdenne.fr\/wp-content\/uploads\/2018\/01\/16.12.17-7.jpg?zoom=3&amp;resize=150%2C150&amp;ssl=1 450w\" sizes=\"auto, (max-width: 150px) 100vw, 150px\" data-attachment-id=\"1503\" data-permalink=\"https:\/\/labourdenne.fr\/index.php\/2017\/12\/16\/repas-de-noel-du-16-decembre-2017\/16-12-17-7\/\" data-orig-file=\"https:\/\/i0.wp.com\/labourdenne.fr\/wp-content\/uploads\/2018\/01\/16.12.17-7.jpg?fit=1152%2C2048&amp;ssl=1\" data-orig-size=\"1152,2048\" data-comments-opened=\"1\" data-image-meta=\"{&quot;aperture&quot;:&quot;0&quot;,&quot;credit&quot;:&quot;&quot;,&quot;camera&quot;:&quot;D2303&quot;,&quot;caption&quot;:&quot;&quot;,&quot;created_timestamp&quot;:&quot;1513436278&quot;,&quot;copyright&quot;:&quot;&quot;,&quot;focal_length&quot;:&quot;2.87&quot;,&quot;iso&quot;:&quot;250&quot;,&quot;shutter_speed&quot;:&quot;0.025&quot;,&quot;title&quot;:&quot;&quot;,&quot;orientation&quot;:&quot;1&quot;}\" data-image-title=\"16.12.17 (7)\" data-image-description=\"\" data-image-caption=\"\" data-large-file=\"https:\/\/i0.wp.com\/labourdenne.fr\/wp-content\/uploads\/2018\/01\/16.12.17-7.jpg?fit=576%2C1024&amp;ssl=1\" \/><\/a>\n\t\t\t<\/dt><\/dl><dl class='gallery-item'>\n\t\t\t<dt class='gallery-icon portrait'>\n\t\t\t\t<a href='https:\/\/labourdenne.fr\/index.php\/2017\/12\/16\/repas-de-noel-du-16-decembre-2017\/16-12-17-8\/'><img loading=\"lazy\" decoding=\"async\" width=\"150\" height=\"150\" src=\"https:\/\/i0.wp.com\/labourdenne.fr\/wp-content\/uploads\/2018\/01\/16.12.17-8.jpg?resize=150%2C150&amp;ssl=1\" class=\"attachment-thumbnail size-thumbnail\" alt=\"\" srcset=\"https:\/\/i0.wp.com\/labourdenne.fr\/wp-content\/uploads\/2018\/01\/16.12.17-8.jpg?resize=150%2C150&amp;ssl=1 150w, https:\/\/i0.wp.com\/labourdenne.fr\/wp-content\/uploads\/2018\/01\/16.12.17-8.jpg?zoom=2&amp;resize=150%2C150&amp;ssl=1 300w, https:\/\/i0.wp.com\/labourdenne.fr\/wp-content\/uploads\/2018\/01\/16.12.17-8.jpg?zoom=3&amp;resize=150%2C150&amp;ssl=1 450w\" sizes=\"auto, (max-width: 150px) 100vw, 150px\" data-attachment-id=\"1504\" data-permalink=\"https:\/\/labourdenne.fr\/index.php\/2017\/12\/16\/repas-de-noel-du-16-decembre-2017\/16-12-17-8\/\" data-orig-file=\"https:\/\/i0.wp.com\/labourdenne.fr\/wp-content\/uploads\/2018\/01\/16.12.17-8.jpg?fit=1152%2C2048&amp;ssl=1\" data-orig-size=\"1152,2048\" data-comments-opened=\"1\" data-image-meta=\"{&quot;aperture&quot;:&quot;0&quot;,&quot;credit&quot;:&quot;&quot;,&quot;camera&quot;:&quot;D2303&quot;,&quot;caption&quot;:&quot;&quot;,&quot;created_timestamp&quot;:&quot;1513436290&quot;,&quot;copyright&quot;:&quot;&quot;,&quot;focal_length&quot;:&quot;2.87&quot;,&quot;iso&quot;:&quot;150&quot;,&quot;shutter_speed&quot;:&quot;0.025&quot;,&quot;title&quot;:&quot;&quot;,&quot;orientation&quot;:&quot;1&quot;}\" data-image-title=\"16.12.17 (8)\" data-image-description=\"\" data-image-caption=\"\" data-large-file=\"https:\/\/i0.wp.com\/labourdenne.fr\/wp-content\/uploads\/2018\/01\/16.12.17-8.jpg?fit=576%2C1024&amp;ssl=1\" \/><\/a>\n\t\t\t<\/dt><\/dl><dl class='gallery-item'>\n\t\t\t<dt class='gallery-icon portrait'>\n\t\t\t\t<a href='https:\/\/labourdenne.fr\/index.php\/2017\/12\/16\/repas-de-noel-du-16-decembre-2017\/16-12-17-9\/'><img loading=\"lazy\" decoding=\"async\" width=\"150\" height=\"150\" src=\"https:\/\/i0.wp.com\/labourdenne.fr\/wp-content\/uploads\/2018\/01\/16.12.17-9.jpg?resize=150%2C150&amp;ssl=1\" class=\"attachment-thumbnail size-thumbnail\" alt=\"\" srcset=\"https:\/\/i0.wp.com\/labourdenne.fr\/wp-content\/uploads\/2018\/01\/16.12.17-9.jpg?resize=150%2C150&amp;ssl=1 150w, https:\/\/i0.wp.com\/labourdenne.fr\/wp-content\/uploads\/2018\/01\/16.12.17-9.jpg?zoom=2&amp;resize=150%2C150&amp;ssl=1 300w, https:\/\/i0.wp.com\/labourdenne.fr\/wp-content\/uploads\/2018\/01\/16.12.17-9.jpg?zoom=3&amp;resize=150%2C150&amp;ssl=1 450w\" sizes=\"auto, (max-width: 150px) 100vw, 150px\" data-attachment-id=\"1505\" data-permalink=\"https:\/\/labourdenne.fr\/index.php\/2017\/12\/16\/repas-de-noel-du-16-decembre-2017\/16-12-17-9\/\" data-orig-file=\"https:\/\/i0.wp.com\/labourdenne.fr\/wp-content\/uploads\/2018\/01\/16.12.17-9.jpg?fit=1152%2C2048&amp;ssl=1\" data-orig-size=\"1152,2048\" data-comments-opened=\"1\" data-image-meta=\"{&quot;aperture&quot;:&quot;0&quot;,&quot;credit&quot;:&quot;&quot;,&quot;camera&quot;:&quot;D2303&quot;,&quot;caption&quot;:&quot;&quot;,&quot;created_timestamp&quot;:&quot;1513436300&quot;,&quot;copyright&quot;:&quot;&quot;,&quot;focal_length&quot;:&quot;2.87&quot;,&quot;iso&quot;:&quot;350&quot;,&quot;shutter_speed&quot;:&quot;0.033333333333333&quot;,&quot;title&quot;:&quot;&quot;,&quot;orientation&quot;:&quot;1&quot;}\" data-image-title=\"16.12.17 (9)\" data-image-description=\"\" data-image-caption=\"\" data-large-file=\"https:\/\/i0.wp.com\/labourdenne.fr\/wp-content\/uploads\/2018\/01\/16.12.17-9.jpg?fit=576%2C1024&amp;ssl=1\" \/><\/a>\n\t\t\t<\/dt><\/dl><br style=\"clear: both\" \/><dl class='gallery-item'>\n\t\t\t<dt class='gallery-icon portrait'>\n\t\t\t\t<a href='https:\/\/labourdenne.fr\/index.php\/2017\/12\/16\/repas-de-noel-du-16-decembre-2017\/16-12-17-10\/'><img loading=\"lazy\" decoding=\"async\" width=\"150\" height=\"150\" src=\"https:\/\/i0.wp.com\/labourdenne.fr\/wp-content\/uploads\/2018\/01\/16.12.17-10.jpg?resize=150%2C150&amp;ssl=1\" class=\"attachment-thumbnail size-thumbnail\" alt=\"\" srcset=\"https:\/\/i0.wp.com\/labourdenne.fr\/wp-content\/uploads\/2018\/01\/16.12.17-10.jpg?resize=150%2C150&amp;ssl=1 150w, https:\/\/i0.wp.com\/labourdenne.fr\/wp-content\/uploads\/2018\/01\/16.12.17-10.jpg?zoom=2&amp;resize=150%2C150&amp;ssl=1 300w, https:\/\/i0.wp.com\/labourdenne.fr\/wp-content\/uploads\/2018\/01\/16.12.17-10.jpg?zoom=3&amp;resize=150%2C150&amp;ssl=1 450w\" sizes=\"auto, (max-width: 150px) 100vw, 150px\" data-attachment-id=\"1506\" data-permalink=\"https:\/\/labourdenne.fr\/index.php\/2017\/12\/16\/repas-de-noel-du-16-decembre-2017\/16-12-17-10\/\" data-orig-file=\"https:\/\/i0.wp.com\/labourdenne.fr\/wp-content\/uploads\/2018\/01\/16.12.17-10.jpg?fit=1152%2C2048&amp;ssl=1\" data-orig-size=\"1152,2048\" data-comments-opened=\"1\" data-image-meta=\"{&quot;aperture&quot;:&quot;0&quot;,&quot;credit&quot;:&quot;&quot;,&quot;camera&quot;:&quot;D2303&quot;,&quot;caption&quot;:&quot;&quot;,&quot;created_timestamp&quot;:&quot;1513436309&quot;,&quot;copyright&quot;:&quot;&quot;,&quot;focal_length&quot;:&quot;2.87&quot;,&quot;iso&quot;:&quot;550&quot;,&quot;shutter_speed&quot;:&quot;0.033333333333333&quot;,&quot;title&quot;:&quot;&quot;,&quot;orientation&quot;:&quot;1&quot;}\" data-image-title=\"16.12.17 (10)\" data-image-description=\"\" data-image-caption=\"\" data-large-file=\"https:\/\/i0.wp.com\/labourdenne.fr\/wp-content\/uploads\/2018\/01\/16.12.17-10.jpg?fit=576%2C1024&amp;ssl=1\" \/><\/a>\n\t\t\t<\/dt><\/dl><dl class='gallery-item'>\n\t\t\t<dt class='gallery-icon portrait'>\n\t\t\t\t<a href='https:\/\/labourdenne.fr\/index.php\/2017\/12\/16\/repas-de-noel-du-16-decembre-2017\/16-12-17-11\/'><img loading=\"lazy\" decoding=\"async\" width=\"150\" height=\"150\" src=\"https:\/\/i0.wp.com\/labourdenne.fr\/wp-content\/uploads\/2018\/01\/16.12.17-11.jpg?resize=150%2C150&amp;ssl=1\" class=\"attachment-thumbnail size-thumbnail\" alt=\"\" srcset=\"https:\/\/i0.wp.com\/labourdenne.fr\/wp-content\/uploads\/2018\/01\/16.12.17-11.jpg?resize=150%2C150&amp;ssl=1 150w, https:\/\/i0.wp.com\/labourdenne.fr\/wp-content\/uploads\/2018\/01\/16.12.17-11.jpg?zoom=2&amp;resize=150%2C150&amp;ssl=1 300w, https:\/\/i0.wp.com\/labourdenne.fr\/wp-content\/uploads\/2018\/01\/16.12.17-11.jpg?zoom=3&amp;resize=150%2C150&amp;ssl=1 450w\" sizes=\"auto, (max-width: 150px) 100vw, 150px\" data-attachment-id=\"1507\" data-permalink=\"https:\/\/labourdenne.fr\/index.php\/2017\/12\/16\/repas-de-noel-du-16-decembre-2017\/16-12-17-11\/\" data-orig-file=\"https:\/\/i0.wp.com\/labourdenne.fr\/wp-content\/uploads\/2018\/01\/16.12.17-11.jpg?fit=1152%2C2048&amp;ssl=1\" data-orig-size=\"1152,2048\" data-comments-opened=\"1\" data-image-meta=\"{&quot;aperture&quot;:&quot;0&quot;,&quot;credit&quot;:&quot;&quot;,&quot;camera&quot;:&quot;D2303&quot;,&quot;caption&quot;:&quot;&quot;,&quot;created_timestamp&quot;:&quot;1513436330&quot;,&quot;copyright&quot;:&quot;&quot;,&quot;focal_length&quot;:&quot;2.87&quot;,&quot;iso&quot;:&quot;350&quot;,&quot;shutter_speed&quot;:&quot;0.033333333333333&quot;,&quot;title&quot;:&quot;&quot;,&quot;orientation&quot;:&quot;1&quot;}\" data-image-title=\"16.12.17 (11)\" data-image-description=\"\" data-image-caption=\"\" data-large-file=\"https:\/\/i0.wp.com\/labourdenne.fr\/wp-content\/uploads\/2018\/01\/16.12.17-11.jpg?fit=576%2C1024&amp;ssl=1\" \/><\/a>\n\t\t\t<\/dt><\/dl><dl class='gallery-item'>\n\t\t\t<dt class='gallery-icon landscape'>\n\t\t\t\t<a href='https:\/\/labourdenne.fr\/index.php\/2017\/12\/16\/repas-de-noel-du-16-decembre-2017\/16-12-17-12\/'><img loading=\"lazy\" decoding=\"async\" width=\"150\" height=\"150\" src=\"https:\/\/i0.wp.com\/labourdenne.fr\/wp-content\/uploads\/2018\/01\/16.12.17-12.jpg?resize=150%2C150&amp;ssl=1\" class=\"attachment-thumbnail size-thumbnail\" alt=\"\" srcset=\"https:\/\/i0.wp.com\/labourdenne.fr\/wp-content\/uploads\/2018\/01\/16.12.17-12.jpg?resize=150%2C150&amp;ssl=1 150w, https:\/\/i0.wp.com\/labourdenne.fr\/wp-content\/uploads\/2018\/01\/16.12.17-12.jpg?zoom=2&amp;resize=150%2C150&amp;ssl=1 300w, https:\/\/i0.wp.com\/labourdenne.fr\/wp-content\/uploads\/2018\/01\/16.12.17-12.jpg?zoom=3&amp;resize=150%2C150&amp;ssl=1 450w\" sizes=\"auto, (max-width: 150px) 100vw, 150px\" data-attachment-id=\"1508\" data-permalink=\"https:\/\/labourdenne.fr\/index.php\/2017\/12\/16\/repas-de-noel-du-16-decembre-2017\/16-12-17-12\/\" data-orig-file=\"https:\/\/i0.wp.com\/labourdenne.fr\/wp-content\/uploads\/2018\/01\/16.12.17-12.jpg?fit=2048%2C1536&amp;ssl=1\" data-orig-size=\"2048,1536\" data-comments-opened=\"1\" data-image-meta=\"{&quot;aperture&quot;:&quot;4&quot;,&quot;credit&quot;:&quot;&quot;,&quot;camera&quot;:&quot;DSC-WX220&quot;,&quot;caption&quot;:&quot;&quot;,&quot;created_timestamp&quot;:&quot;1513436828&quot;,&quot;copyright&quot;:&quot;&quot;,&quot;focal_length&quot;:&quot;6.85&quot;,&quot;iso&quot;:&quot;640&quot;,&quot;shutter_speed&quot;:&quot;0.025&quot;,&quot;title&quot;:&quot;&quot;,&quot;orientation&quot;:&quot;1&quot;}\" data-image-title=\"16.12.17 (12)\" data-image-description=\"\" data-image-caption=\"\" data-large-file=\"https:\/\/i0.wp.com\/labourdenne.fr\/wp-content\/uploads\/2018\/01\/16.12.17-12.jpg?fit=646%2C485&amp;ssl=1\" \/><\/a>\n\t\t\t<\/dt><\/dl><br style=\"clear: both\" \/><dl class='gallery-item'>\n\t\t\t<dt class='gallery-icon landscape'>\n\t\t\t\t<a href='https:\/\/labourdenne.fr\/index.php\/2017\/12\/16\/repas-de-noel-du-16-decembre-2017\/16-12-17-13\/'><img loading=\"lazy\" decoding=\"async\" width=\"150\" height=\"150\" src=\"https:\/\/i0.wp.com\/labourdenne.fr\/wp-content\/uploads\/2018\/01\/16.12.17-13.jpg?resize=150%2C150&amp;ssl=1\" class=\"attachment-thumbnail size-thumbnail\" alt=\"\" srcset=\"https:\/\/i0.wp.com\/labourdenne.fr\/wp-content\/uploads\/2018\/01\/16.12.17-13.jpg?resize=150%2C150&amp;ssl=1 150w, https:\/\/i0.wp.com\/labourdenne.fr\/wp-content\/uploads\/2018\/01\/16.12.17-13.jpg?zoom=2&amp;resize=150%2C150&amp;ssl=1 300w, https:\/\/i0.wp.com\/labourdenne.fr\/wp-content\/uploads\/2018\/01\/16.12.17-13.jpg?zoom=3&amp;resize=150%2C150&amp;ssl=1 450w\" sizes=\"auto, (max-width: 150px) 100vw, 150px\" data-attachment-id=\"1509\" data-permalink=\"https:\/\/labourdenne.fr\/index.php\/2017\/12\/16\/repas-de-noel-du-16-decembre-2017\/16-12-17-13\/\" data-orig-file=\"https:\/\/i0.wp.com\/labourdenne.fr\/wp-content\/uploads\/2018\/01\/16.12.17-13.jpg?fit=2048%2C1536&amp;ssl=1\" data-orig-size=\"2048,1536\" data-comments-opened=\"1\" data-image-meta=\"{&quot;aperture&quot;:&quot;4&quot;,&quot;credit&quot;:&quot;&quot;,&quot;camera&quot;:&quot;DSC-WX220&quot;,&quot;caption&quot;:&quot;&quot;,&quot;created_timestamp&quot;:&quot;1513436837&quot;,&quot;copyright&quot;:&quot;&quot;,&quot;focal_length&quot;:&quot;6.85&quot;,&quot;iso&quot;:&quot;640&quot;,&quot;shutter_speed&quot;:&quot;0.025&quot;,&quot;title&quot;:&quot;&quot;,&quot;orientation&quot;:&quot;1&quot;}\" data-image-title=\"16.12.17 (13)\" data-image-description=\"\" data-image-caption=\"\" data-large-file=\"https:\/\/i0.wp.com\/labourdenne.fr\/wp-content\/uploads\/2018\/01\/16.12.17-13.jpg?fit=646%2C485&amp;ssl=1\" \/><\/a>\n\t\t\t<\/dt><\/dl><dl class='gallery-item'>\n\t\t\t<dt class='gallery-icon landscape'>\n\t\t\t\t<a href='https:\/\/labourdenne.fr\/index.php\/2017\/12\/16\/repas-de-noel-du-16-decembre-2017\/16-12-17-14\/'><img loading=\"lazy\" decoding=\"async\" width=\"150\" height=\"150\" src=\"https:\/\/i0.wp.com\/labourdenne.fr\/wp-content\/uploads\/2018\/01\/16.12.17-14.jpg?resize=150%2C150&amp;ssl=1\" class=\"attachment-thumbnail size-thumbnail\" alt=\"\" srcset=\"https:\/\/i0.wp.com\/labourdenne.fr\/wp-content\/uploads\/2018\/01\/16.12.17-14.jpg?resize=150%2C150&amp;ssl=1 150w, https:\/\/i0.wp.com\/labourdenne.fr\/wp-content\/uploads\/2018\/01\/16.12.17-14.jpg?zoom=2&amp;resize=150%2C150&amp;ssl=1 300w, https:\/\/i0.wp.com\/labourdenne.fr\/wp-content\/uploads\/2018\/01\/16.12.17-14.jpg?zoom=3&amp;resize=150%2C150&amp;ssl=1 450w\" sizes=\"auto, (max-width: 150px) 100vw, 150px\" data-attachment-id=\"1510\" data-permalink=\"https:\/\/labourdenne.fr\/index.php\/2017\/12\/16\/repas-de-noel-du-16-decembre-2017\/16-12-17-14\/\" data-orig-file=\"https:\/\/i0.wp.com\/labourdenne.fr\/wp-content\/uploads\/2018\/01\/16.12.17-14.jpg?fit=2048%2C1536&amp;ssl=1\" data-orig-size=\"2048,1536\" data-comments-opened=\"1\" data-image-meta=\"{&quot;aperture&quot;:&quot;5.6&quot;,&quot;credit&quot;:&quot;&quot;,&quot;camera&quot;:&quot;DSC-WX220&quot;,&quot;caption&quot;:&quot;&quot;,&quot;created_timestamp&quot;:&quot;1513436861&quot;,&quot;copyright&quot;:&quot;&quot;,&quot;focal_length&quot;:&quot;28.59&quot;,&quot;iso&quot;:&quot;800&quot;,&quot;shutter_speed&quot;:&quot;0.033333333333333&quot;,&quot;title&quot;:&quot;&quot;,&quot;orientation&quot;:&quot;1&quot;}\" data-image-title=\"16.12.17 (14)\" data-image-description=\"\" data-image-caption=\"\" data-large-file=\"https:\/\/i0.wp.com\/labourdenne.fr\/wp-content\/uploads\/2018\/01\/16.12.17-14.jpg?fit=646%2C485&amp;ssl=1\" \/><\/a>\n\t\t\t<\/dt><\/dl><dl class='gallery-item'>\n\t\t\t<dt class='gallery-icon landscape'>\n\t\t\t\t<a href='https:\/\/labourdenne.fr\/index.php\/2017\/12\/16\/repas-de-noel-du-16-decembre-2017\/16-12-17-15\/'><img loading=\"lazy\" decoding=\"async\" width=\"150\" height=\"150\" src=\"https:\/\/i0.wp.com\/labourdenne.fr\/wp-content\/uploads\/2018\/01\/16.12.17-15.jpg?resize=150%2C150&amp;ssl=1\" class=\"attachment-thumbnail size-thumbnail\" alt=\"\" srcset=\"https:\/\/i0.wp.com\/labourdenne.fr\/wp-content\/uploads\/2018\/01\/16.12.17-15.jpg?resize=150%2C150&amp;ssl=1 150w, https:\/\/i0.wp.com\/labourdenne.fr\/wp-content\/uploads\/2018\/01\/16.12.17-15.jpg?zoom=2&amp;resize=150%2C150&amp;ssl=1 300w, https:\/\/i0.wp.com\/labourdenne.fr\/wp-content\/uploads\/2018\/01\/16.12.17-15.jpg?zoom=3&amp;resize=150%2C150&amp;ssl=1 450w\" sizes=\"auto, (max-width: 150px) 100vw, 150px\" data-attachment-id=\"1511\" data-permalink=\"https:\/\/labourdenne.fr\/index.php\/2017\/12\/16\/repas-de-noel-du-16-decembre-2017\/16-12-17-15\/\" data-orig-file=\"https:\/\/i0.wp.com\/labourdenne.fr\/wp-content\/uploads\/2018\/01\/16.12.17-15.jpg?fit=2048%2C1536&amp;ssl=1\" data-orig-size=\"2048,1536\" data-comments-opened=\"1\" data-image-meta=\"{&quot;aperture&quot;:&quot;4&quot;,&quot;credit&quot;:&quot;&quot;,&quot;camera&quot;:&quot;DSC-WX220&quot;,&quot;caption&quot;:&quot;&quot;,&quot;created_timestamp&quot;:&quot;1513438420&quot;,&quot;copyright&quot;:&quot;&quot;,&quot;focal_length&quot;:&quot;7.89&quot;,&quot;iso&quot;:&quot;800&quot;,&quot;shutter_speed&quot;:&quot;0.033333333333333&quot;,&quot;title&quot;:&quot;&quot;,&quot;orientation&quot;:&quot;1&quot;}\" data-image-title=\"16.12.17 (15)\" data-image-description=\"\" data-image-caption=\"\" data-large-file=\"https:\/\/i0.wp.com\/labourdenne.fr\/wp-content\/uploads\/2018\/01\/16.12.17-15.jpg?fit=646%2C485&amp;ssl=1\" \/><\/a>\n\t\t\t<\/dt><\/dl><br style=\"clear: both\" \/><dl class='gallery-item'>\n\t\t\t<dt class='gallery-icon landscape'>\n\t\t\t\t<a href='https:\/\/labourdenne.fr\/index.php\/2017\/12\/16\/repas-de-noel-du-16-decembre-2017\/16-12-17-16\/'><img loading=\"lazy\" decoding=\"async\" width=\"150\" height=\"150\" src=\"https:\/\/i0.wp.com\/labourdenne.fr\/wp-content\/uploads\/2018\/01\/16.12.17-16.jpg?resize=150%2C150&amp;ssl=1\" class=\"attachment-thumbnail size-thumbnail\" alt=\"\" srcset=\"https:\/\/i0.wp.com\/labourdenne.fr\/wp-content\/uploads\/2018\/01\/16.12.17-16.jpg?resize=150%2C150&amp;ssl=1 150w, https:\/\/i0.wp.com\/labourdenne.fr\/wp-content\/uploads\/2018\/01\/16.12.17-16.jpg?zoom=2&amp;resize=150%2C150&amp;ssl=1 300w, https:\/\/i0.wp.com\/labourdenne.fr\/wp-content\/uploads\/2018\/01\/16.12.17-16.jpg?zoom=3&amp;resize=150%2C150&amp;ssl=1 450w\" sizes=\"auto, (max-width: 150px) 100vw, 150px\" data-attachment-id=\"1512\" data-permalink=\"https:\/\/labourdenne.fr\/index.php\/2017\/12\/16\/repas-de-noel-du-16-decembre-2017\/16-12-17-16\/\" data-orig-file=\"https:\/\/i0.wp.com\/labourdenne.fr\/wp-content\/uploads\/2018\/01\/16.12.17-16.jpg?fit=2048%2C1536&amp;ssl=1\" data-orig-size=\"2048,1536\" data-comments-opened=\"1\" data-image-meta=\"{&quot;aperture&quot;:&quot;3.3&quot;,&quot;credit&quot;:&quot;&quot;,&quot;camera&quot;:&quot;DSC-WX220&quot;,&quot;caption&quot;:&quot;&quot;,&quot;created_timestamp&quot;:&quot;1513439218&quot;,&quot;copyright&quot;:&quot;&quot;,&quot;focal_length&quot;:&quot;4.45&quot;,&quot;iso&quot;:&quot;500&quot;,&quot;shutter_speed&quot;:&quot;0.033333333333333&quot;,&quot;title&quot;:&quot;&quot;,&quot;orientation&quot;:&quot;1&quot;}\" data-image-title=\"16.12.17 (16)\" data-image-description=\"\" data-image-caption=\"\" data-large-file=\"https:\/\/i0.wp.com\/labourdenne.fr\/wp-content\/uploads\/2018\/01\/16.12.17-16.jpg?fit=646%2C485&amp;ssl=1\" \/><\/a>\n\t\t\t<\/dt><\/dl><dl class='gallery-item'>\n\t\t\t<dt class='gallery-icon landscape'>\n\t\t\t\t<a href='https:\/\/labourdenne.fr\/index.php\/2017\/12\/16\/repas-de-noel-du-16-decembre-2017\/16-12-17-17\/'><img loading=\"lazy\" decoding=\"async\" width=\"150\" height=\"150\" src=\"https:\/\/i0.wp.com\/labourdenne.fr\/wp-content\/uploads\/2018\/01\/16.12.17-17.jpg?resize=150%2C150&amp;ssl=1\" class=\"attachment-thumbnail size-thumbnail\" alt=\"\" srcset=\"https:\/\/i0.wp.com\/labourdenne.fr\/wp-content\/uploads\/2018\/01\/16.12.17-17.jpg?resize=150%2C150&amp;ssl=1 150w, https:\/\/i0.wp.com\/labourdenne.fr\/wp-content\/uploads\/2018\/01\/16.12.17-17.jpg?zoom=2&amp;resize=150%2C150&amp;ssl=1 300w, https:\/\/i0.wp.com\/labourdenne.fr\/wp-content\/uploads\/2018\/01\/16.12.17-17.jpg?zoom=3&amp;resize=150%2C150&amp;ssl=1 450w\" sizes=\"auto, (max-width: 150px) 100vw, 150px\" data-attachment-id=\"1513\" data-permalink=\"https:\/\/labourdenne.fr\/index.php\/2017\/12\/16\/repas-de-noel-du-16-decembre-2017\/16-12-17-17\/\" data-orig-file=\"https:\/\/i0.wp.com\/labourdenne.fr\/wp-content\/uploads\/2018\/01\/16.12.17-17.jpg?fit=2048%2C1536&amp;ssl=1\" data-orig-size=\"2048,1536\" data-comments-opened=\"1\" data-image-meta=\"{&quot;aperture&quot;:&quot;3.3&quot;,&quot;credit&quot;:&quot;&quot;,&quot;camera&quot;:&quot;DSC-WX220&quot;,&quot;caption&quot;:&quot;&quot;,&quot;created_timestamp&quot;:&quot;1513439228&quot;,&quot;copyright&quot;:&quot;&quot;,&quot;focal_length&quot;:&quot;4.45&quot;,&quot;iso&quot;:&quot;320&quot;,&quot;shutter_speed&quot;:&quot;0.033333333333333&quot;,&quot;title&quot;:&quot;&quot;,&quot;orientation&quot;:&quot;1&quot;}\" data-image-title=\"16.12.17 (17)\" data-image-description=\"\" data-image-caption=\"\" data-large-file=\"https:\/\/i0.wp.com\/labourdenne.fr\/wp-content\/uploads\/2018\/01\/16.12.17-17.jpg?fit=646%2C485&amp;ssl=1\" \/><\/a>\n\t\t\t<\/dt><\/dl><dl class='gallery-item'>\n\t\t\t<dt class='gallery-icon landscape'>\n\t\t\t\t<a href='https:\/\/labourdenne.fr\/index.php\/2017\/12\/16\/repas-de-noel-du-16-decembre-2017\/16-12-17-18\/'><img loading=\"lazy\" decoding=\"async\" width=\"150\" height=\"150\" src=\"https:\/\/i0.wp.com\/labourdenne.fr\/wp-content\/uploads\/2018\/01\/16.12.17-18.jpg?resize=150%2C150&amp;ssl=1\" class=\"attachment-thumbnail size-thumbnail\" alt=\"\" srcset=\"https:\/\/i0.wp.com\/labourdenne.fr\/wp-content\/uploads\/2018\/01\/16.12.17-18.jpg?resize=150%2C150&amp;ssl=1 150w, https:\/\/i0.wp.com\/labourdenne.fr\/wp-content\/uploads\/2018\/01\/16.12.17-18.jpg?zoom=2&amp;resize=150%2C150&amp;ssl=1 300w, https:\/\/i0.wp.com\/labourdenne.fr\/wp-content\/uploads\/2018\/01\/16.12.17-18.jpg?zoom=3&amp;resize=150%2C150&amp;ssl=1 450w\" sizes=\"auto, (max-width: 150px) 100vw, 150px\" data-attachment-id=\"1514\" data-permalink=\"https:\/\/labourdenne.fr\/index.php\/2017\/12\/16\/repas-de-noel-du-16-decembre-2017\/16-12-17-18\/\" data-orig-file=\"https:\/\/i0.wp.com\/labourdenne.fr\/wp-content\/uploads\/2018\/01\/16.12.17-18.jpg?fit=2048%2C1536&amp;ssl=1\" data-orig-size=\"2048,1536\" data-comments-opened=\"1\" data-image-meta=\"{&quot;aperture&quot;:&quot;3.3&quot;,&quot;credit&quot;:&quot;&quot;,&quot;camera&quot;:&quot;DSC-WX220&quot;,&quot;caption&quot;:&quot;&quot;,&quot;created_timestamp&quot;:&quot;1513439257&quot;,&quot;copyright&quot;:&quot;&quot;,&quot;focal_length&quot;:&quot;4.45&quot;,&quot;iso&quot;:&quot;100&quot;,&quot;shutter_speed&quot;:&quot;0.033333333333333&quot;,&quot;title&quot;:&quot;&quot;,&quot;orientation&quot;:&quot;1&quot;}\" data-image-title=\"16.12.17 (18)\" data-image-description=\"\" data-image-caption=\"\" data-large-file=\"https:\/\/i0.wp.com\/labourdenne.fr\/wp-content\/uploads\/2018\/01\/16.12.17-18.jpg?fit=646%2C485&amp;ssl=1\" \/><\/a>\n\t\t\t<\/dt><\/dl><br style=\"clear: both\" \/><dl class='gallery-item'>\n\t\t\t<dt class='gallery-icon landscape'>\n\t\t\t\t<a href='https:\/\/labourdenne.fr\/index.php\/2017\/12\/16\/repas-de-noel-du-16-decembre-2017\/16-12-17-19\/'><img loading=\"lazy\" decoding=\"async\" width=\"150\" height=\"150\" src=\"https:\/\/i0.wp.com\/labourdenne.fr\/wp-content\/uploads\/2018\/01\/16.12.17-19.jpg?resize=150%2C150&amp;ssl=1\" class=\"attachment-thumbnail size-thumbnail\" alt=\"\" srcset=\"https:\/\/i0.wp.com\/labourdenne.fr\/wp-content\/uploads\/2018\/01\/16.12.17-19.jpg?resize=150%2C150&amp;ssl=1 150w, https:\/\/i0.wp.com\/labourdenne.fr\/wp-content\/uploads\/2018\/01\/16.12.17-19.jpg?zoom=2&amp;resize=150%2C150&amp;ssl=1 300w, https:\/\/i0.wp.com\/labourdenne.fr\/wp-content\/uploads\/2018\/01\/16.12.17-19.jpg?zoom=3&amp;resize=150%2C150&amp;ssl=1 450w\" sizes=\"auto, (max-width: 150px) 100vw, 150px\" data-attachment-id=\"1515\" data-permalink=\"https:\/\/labourdenne.fr\/index.php\/2017\/12\/16\/repas-de-noel-du-16-decembre-2017\/16-12-17-19\/\" data-orig-file=\"https:\/\/i0.wp.com\/labourdenne.fr\/wp-content\/uploads\/2018\/01\/16.12.17-19.jpg?fit=2048%2C1536&amp;ssl=1\" data-orig-size=\"2048,1536\" data-comments-opened=\"1\" data-image-meta=\"{&quot;aperture&quot;:&quot;5.6&quot;,&quot;credit&quot;:&quot;&quot;,&quot;camera&quot;:&quot;DSC-WX220&quot;,&quot;caption&quot;:&quot;&quot;,&quot;created_timestamp&quot;:&quot;1513441374&quot;,&quot;copyright&quot;:&quot;&quot;,&quot;focal_length&quot;:&quot;21.89&quot;,&quot;iso&quot;:&quot;800&quot;,&quot;shutter_speed&quot;:&quot;0.033333333333333&quot;,&quot;title&quot;:&quot;&quot;,&quot;orientation&quot;:&quot;1&quot;}\" data-image-title=\"16.12.17 (19)\" data-image-description=\"\" data-image-caption=\"\" data-large-file=\"https:\/\/i0.wp.com\/labourdenne.fr\/wp-content\/uploads\/2018\/01\/16.12.17-19.jpg?fit=646%2C485&amp;ssl=1\" \/><\/a>\n\t\t\t<\/dt><\/dl><dl class='gallery-item'>\n\t\t\t<dt class='gallery-icon landscape'>\n\t\t\t\t<a href='https:\/\/labourdenne.fr\/index.php\/2017\/12\/16\/repas-de-noel-du-16-decembre-2017\/16-12-17-20\/'><img loading=\"lazy\" decoding=\"async\" width=\"150\" height=\"150\" src=\"https:\/\/i0.wp.com\/labourdenne.fr\/wp-content\/uploads\/2018\/01\/16.12.17-20.jpg?resize=150%2C150&amp;ssl=1\" class=\"attachment-thumbnail size-thumbnail\" alt=\"\" srcset=\"https:\/\/i0.wp.com\/labourdenne.fr\/wp-content\/uploads\/2018\/01\/16.12.17-20.jpg?resize=150%2C150&amp;ssl=1 150w, https:\/\/i0.wp.com\/labourdenne.fr\/wp-content\/uploads\/2018\/01\/16.12.17-20.jpg?zoom=2&amp;resize=150%2C150&amp;ssl=1 300w, https:\/\/i0.wp.com\/labourdenne.fr\/wp-content\/uploads\/2018\/01\/16.12.17-20.jpg?zoom=3&amp;resize=150%2C150&amp;ssl=1 450w\" sizes=\"auto, (max-width: 150px) 100vw, 150px\" data-attachment-id=\"1516\" data-permalink=\"https:\/\/labourdenne.fr\/index.php\/2017\/12\/16\/repas-de-noel-du-16-decembre-2017\/16-12-17-20\/\" data-orig-file=\"https:\/\/i0.wp.com\/labourdenne.fr\/wp-content\/uploads\/2018\/01\/16.12.17-20.jpg?fit=2048%2C1536&amp;ssl=1\" data-orig-size=\"2048,1536\" data-comments-opened=\"1\" data-image-meta=\"{&quot;aperture&quot;:&quot;5.6&quot;,&quot;credit&quot;:&quot;&quot;,&quot;camera&quot;:&quot;DSC-WX220&quot;,&quot;caption&quot;:&quot;&quot;,&quot;created_timestamp&quot;:&quot;1513441390&quot;,&quot;copyright&quot;:&quot;&quot;,&quot;focal_length&quot;:&quot;21.89&quot;,&quot;iso&quot;:&quot;800&quot;,&quot;shutter_speed&quot;:&quot;0.066666666666667&quot;,&quot;title&quot;:&quot;&quot;,&quot;orientation&quot;:&quot;1&quot;}\" data-image-title=\"16.12.17 (20)\" data-image-description=\"\" data-image-caption=\"\" data-large-file=\"https:\/\/i0.wp.com\/labourdenne.fr\/wp-content\/uploads\/2018\/01\/16.12.17-20.jpg?fit=646%2C485&amp;ssl=1\" \/><\/a>\n\t\t\t<\/dt><\/dl><dl class='gallery-item'>\n\t\t\t<dt class='gallery-icon landscape'>\n\t\t\t\t<a href='https:\/\/labourdenne.fr\/index.php\/2017\/12\/16\/repas-de-noel-du-16-decembre-2017\/16-12-17-22\/'><img loading=\"lazy\" decoding=\"async\" width=\"150\" height=\"150\" src=\"https:\/\/i0.wp.com\/labourdenne.fr\/wp-content\/uploads\/2018\/01\/16.12.17-22.jpg?resize=150%2C150&amp;ssl=1\" class=\"attachment-thumbnail size-thumbnail\" alt=\"\" srcset=\"https:\/\/i0.wp.com\/labourdenne.fr\/wp-content\/uploads\/2018\/01\/16.12.17-22.jpg?resize=150%2C150&amp;ssl=1 150w, https:\/\/i0.wp.com\/labourdenne.fr\/wp-content\/uploads\/2018\/01\/16.12.17-22.jpg?zoom=2&amp;resize=150%2C150&amp;ssl=1 300w, https:\/\/i0.wp.com\/labourdenne.fr\/wp-content\/uploads\/2018\/01\/16.12.17-22.jpg?zoom=3&amp;resize=150%2C150&amp;ssl=1 450w\" sizes=\"auto, (max-width: 150px) 100vw, 150px\" data-attachment-id=\"1517\" data-permalink=\"https:\/\/labourdenne.fr\/index.php\/2017\/12\/16\/repas-de-noel-du-16-decembre-2017\/16-12-17-22\/\" data-orig-file=\"https:\/\/i0.wp.com\/labourdenne.fr\/wp-content\/uploads\/2018\/01\/16.12.17-22.jpg?fit=2048%2C1536&amp;ssl=1\" data-orig-size=\"2048,1536\" data-comments-opened=\"1\" data-image-meta=\"{&quot;aperture&quot;:&quot;3.3&quot;,&quot;credit&quot;:&quot;&quot;,&quot;camera&quot;:&quot;DSC-WX220&quot;,&quot;caption&quot;:&quot;&quot;,&quot;created_timestamp&quot;:&quot;1513442583&quot;,&quot;copyright&quot;:&quot;&quot;,&quot;focal_length&quot;:&quot;4.45&quot;,&quot;iso&quot;:&quot;250&quot;,&quot;shutter_speed&quot;:&quot;0.033333333333333&quot;,&quot;title&quot;:&quot;&quot;,&quot;orientation&quot;:&quot;1&quot;}\" data-image-title=\"16.12.17 (22)\" data-image-description=\"\" data-image-caption=\"\" data-large-file=\"https:\/\/i0.wp.com\/labourdenne.fr\/wp-content\/uploads\/2018\/01\/16.12.17-22.jpg?fit=646%2C485&amp;ssl=1\" \/><\/a>\n\t\t\t<\/dt><\/dl><br style=\"clear: both\" \/><dl class='gallery-item'>\n\t\t\t<dt class='gallery-icon landscape'>\n\t\t\t\t<a href='https:\/\/labourdenne.fr\/index.php\/2017\/12\/16\/repas-de-noel-du-16-decembre-2017\/16-12-17-23\/'><img loading=\"lazy\" decoding=\"async\" width=\"150\" height=\"150\" src=\"https:\/\/i0.wp.com\/labourdenne.fr\/wp-content\/uploads\/2018\/01\/16.12.17-23.jpg?resize=150%2C150&amp;ssl=1\" class=\"attachment-thumbnail size-thumbnail\" alt=\"\" srcset=\"https:\/\/i0.wp.com\/labourdenne.fr\/wp-content\/uploads\/2018\/01\/16.12.17-23.jpg?resize=150%2C150&amp;ssl=1 150w, https:\/\/i0.wp.com\/labourdenne.fr\/wp-content\/uploads\/2018\/01\/16.12.17-23.jpg?zoom=2&amp;resize=150%2C150&amp;ssl=1 300w, https:\/\/i0.wp.com\/labourdenne.fr\/wp-content\/uploads\/2018\/01\/16.12.17-23.jpg?zoom=3&amp;resize=150%2C150&amp;ssl=1 450w\" sizes=\"auto, (max-width: 150px) 100vw, 150px\" data-attachment-id=\"1518\" data-permalink=\"https:\/\/labourdenne.fr\/index.php\/2017\/12\/16\/repas-de-noel-du-16-decembre-2017\/16-12-17-23\/\" data-orig-file=\"https:\/\/i0.wp.com\/labourdenne.fr\/wp-content\/uploads\/2018\/01\/16.12.17-23.jpg?fit=2048%2C1536&amp;ssl=1\" data-orig-size=\"2048,1536\" data-comments-opened=\"1\" data-image-meta=\"{&quot;aperture&quot;:&quot;3.3&quot;,&quot;credit&quot;:&quot;&quot;,&quot;camera&quot;:&quot;DSC-WX220&quot;,&quot;caption&quot;:&quot;&quot;,&quot;created_timestamp&quot;:&quot;1513445792&quot;,&quot;copyright&quot;:&quot;&quot;,&quot;focal_length&quot;:&quot;4.45&quot;,&quot;iso&quot;:&quot;320&quot;,&quot;shutter_speed&quot;:&quot;0.033333333333333&quot;,&quot;title&quot;:&quot;&quot;,&quot;orientation&quot;:&quot;1&quot;}\" data-image-title=\"16.12.17 (23)\" data-image-description=\"\" data-image-caption=\"\" data-large-file=\"https:\/\/i0.wp.com\/labourdenne.fr\/wp-content\/uploads\/2018\/01\/16.12.17-23.jpg?fit=646%2C485&amp;ssl=1\" \/><\/a>\n\t\t\t<\/dt><\/dl><dl class='gallery-item'>\n\t\t\t<dt class='gallery-icon landscape'>\n\t\t\t\t<a href='https:\/\/labourdenne.fr\/index.php\/2017\/12\/16\/repas-de-noel-du-16-decembre-2017\/16-12-17-24\/'><img loading=\"lazy\" decoding=\"async\" width=\"150\" height=\"150\" src=\"https:\/\/i0.wp.com\/labourdenne.fr\/wp-content\/uploads\/2018\/01\/16.12.17-24.jpg?resize=150%2C150&amp;ssl=1\" class=\"attachment-thumbnail size-thumbnail\" alt=\"\" srcset=\"https:\/\/i0.wp.com\/labourdenne.fr\/wp-content\/uploads\/2018\/01\/16.12.17-24.jpg?resize=150%2C150&amp;ssl=1 150w, https:\/\/i0.wp.com\/labourdenne.fr\/wp-content\/uploads\/2018\/01\/16.12.17-24.jpg?zoom=2&amp;resize=150%2C150&amp;ssl=1 300w, https:\/\/i0.wp.com\/labourdenne.fr\/wp-content\/uploads\/2018\/01\/16.12.17-24.jpg?zoom=3&amp;resize=150%2C150&amp;ssl=1 450w\" sizes=\"auto, (max-width: 150px) 100vw, 150px\" data-attachment-id=\"1519\" data-permalink=\"https:\/\/labourdenne.fr\/index.php\/2017\/12\/16\/repas-de-noel-du-16-decembre-2017\/16-12-17-24\/\" data-orig-file=\"https:\/\/i0.wp.com\/labourdenne.fr\/wp-content\/uploads\/2018\/01\/16.12.17-24.jpg?fit=2048%2C1536&amp;ssl=1\" data-orig-size=\"2048,1536\" data-comments-opened=\"1\" data-image-meta=\"{&quot;aperture&quot;:&quot;3.3&quot;,&quot;credit&quot;:&quot;&quot;,&quot;camera&quot;:&quot;DSC-WX220&quot;,&quot;caption&quot;:&quot;&quot;,&quot;created_timestamp&quot;:&quot;1513445970&quot;,&quot;copyright&quot;:&quot;&quot;,&quot;focal_length&quot;:&quot;4.45&quot;,&quot;iso&quot;:&quot;1600&quot;,&quot;shutter_speed&quot;:&quot;0.0125&quot;,&quot;title&quot;:&quot;&quot;,&quot;orientation&quot;:&quot;1&quot;}\" data-image-title=\"16.12.17 (24)\" data-image-description=\"\" data-image-caption=\"\" data-large-file=\"https:\/\/i0.wp.com\/labourdenne.fr\/wp-content\/uploads\/2018\/01\/16.12.17-24.jpg?fit=646%2C485&amp;ssl=1\" \/><\/a>\n\t\t\t<\/dt><\/dl><dl class='gallery-item'>\n\t\t\t<dt class='gallery-icon landscape'>\n\t\t\t\t<a href='https:\/\/labourdenne.fr\/index.php\/2017\/12\/16\/repas-de-noel-du-16-decembre-2017\/16-12-17-25\/'><img loading=\"lazy\" decoding=\"async\" width=\"150\" height=\"150\" src=\"https:\/\/i0.wp.com\/labourdenne.fr\/wp-content\/uploads\/2018\/01\/16.12.17-25.jpg?resize=150%2C150&amp;ssl=1\" class=\"attachment-thumbnail size-thumbnail\" alt=\"\" srcset=\"https:\/\/i0.wp.com\/labourdenne.fr\/wp-content\/uploads\/2018\/01\/16.12.17-25.jpg?resize=150%2C150&amp;ssl=1 150w, https:\/\/i0.wp.com\/labourdenne.fr\/wp-content\/uploads\/2018\/01\/16.12.17-25.jpg?zoom=2&amp;resize=150%2C150&amp;ssl=1 300w, https:\/\/i0.wp.com\/labourdenne.fr\/wp-content\/uploads\/2018\/01\/16.12.17-25.jpg?zoom=3&amp;resize=150%2C150&amp;ssl=1 450w\" sizes=\"auto, (max-width: 150px) 100vw, 150px\" data-attachment-id=\"1520\" data-permalink=\"https:\/\/labourdenne.fr\/index.php\/2017\/12\/16\/repas-de-noel-du-16-decembre-2017\/16-12-17-25\/\" data-orig-file=\"https:\/\/i0.wp.com\/labourdenne.fr\/wp-content\/uploads\/2018\/01\/16.12.17-25.jpg?fit=2048%2C1536&amp;ssl=1\" data-orig-size=\"2048,1536\" data-comments-opened=\"1\" data-image-meta=\"{&quot;aperture&quot;:&quot;3.3&quot;,&quot;credit&quot;:&quot;&quot;,&quot;camera&quot;:&quot;DSC-WX220&quot;,&quot;caption&quot;:&quot;&quot;,&quot;created_timestamp&quot;:&quot;1513445974&quot;,&quot;copyright&quot;:&quot;&quot;,&quot;focal_length&quot;:&quot;4.45&quot;,&quot;iso&quot;:&quot;250&quot;,&quot;shutter_speed&quot;:&quot;0.033333333333333&quot;,&quot;title&quot;:&quot;&quot;,&quot;orientation&quot;:&quot;1&quot;}\" data-image-title=\"16.12.17 (25)\" data-image-description=\"\" data-image-caption=\"\" data-large-file=\"https:\/\/i0.wp.com\/labourdenne.fr\/wp-content\/uploads\/2018\/01\/16.12.17-25.jpg?fit=646%2C485&amp;ssl=1\" \/><\/a>\n\t\t\t<\/dt><\/dl><br style=\"clear: both\" \/><dl class='gallery-item'>\n\t\t\t<dt class='gallery-icon landscape'>\n\t\t\t\t<a href='https:\/\/labourdenne.fr\/index.php\/2017\/12\/16\/repas-de-noel-du-16-decembre-2017\/16-12-17-26\/'><img loading=\"lazy\" decoding=\"async\" width=\"150\" height=\"150\" src=\"https:\/\/i0.wp.com\/labourdenne.fr\/wp-content\/uploads\/2018\/01\/16.12.17-26.jpg?resize=150%2C150&amp;ssl=1\" class=\"attachment-thumbnail size-thumbnail\" alt=\"\" srcset=\"https:\/\/i0.wp.com\/labourdenne.fr\/wp-content\/uploads\/2018\/01\/16.12.17-26.jpg?resize=150%2C150&amp;ssl=1 150w, https:\/\/i0.wp.com\/labourdenne.fr\/wp-content\/uploads\/2018\/01\/16.12.17-26.jpg?zoom=2&amp;resize=150%2C150&amp;ssl=1 300w, https:\/\/i0.wp.com\/labourdenne.fr\/wp-content\/uploads\/2018\/01\/16.12.17-26.jpg?zoom=3&amp;resize=150%2C150&amp;ssl=1 450w\" sizes=\"auto, (max-width: 150px) 100vw, 150px\" data-attachment-id=\"1521\" data-permalink=\"https:\/\/labourdenne.fr\/index.php\/2017\/12\/16\/repas-de-noel-du-16-decembre-2017\/16-12-17-26\/\" data-orig-file=\"https:\/\/i0.wp.com\/labourdenne.fr\/wp-content\/uploads\/2018\/01\/16.12.17-26.jpg?fit=2048%2C1536&amp;ssl=1\" data-orig-size=\"2048,1536\" data-comments-opened=\"1\" data-image-meta=\"{&quot;aperture&quot;:&quot;5&quot;,&quot;credit&quot;:&quot;&quot;,&quot;camera&quot;:&quot;DSC-WX220&quot;,&quot;caption&quot;:&quot;&quot;,&quot;created_timestamp&quot;:&quot;1513446870&quot;,&quot;copyright&quot;:&quot;&quot;,&quot;focal_length&quot;:&quot;16.24&quot;,&quot;iso&quot;:&quot;3200&quot;,&quot;shutter_speed&quot;:&quot;0.016666666666667&quot;,&quot;title&quot;:&quot;&quot;,&quot;orientation&quot;:&quot;1&quot;}\" data-image-title=\"16.12.17 (26)\" data-image-description=\"\" data-image-caption=\"\" data-large-file=\"https:\/\/i0.wp.com\/labourdenne.fr\/wp-content\/uploads\/2018\/01\/16.12.17-26.jpg?fit=646%2C485&amp;ssl=1\" \/><\/a>\n\t\t\t<\/dt><\/dl><dl class='gallery-item'>\n\t\t\t<dt class='gallery-icon landscape'>\n\t\t\t\t<a href='https:\/\/labourdenne.fr\/index.php\/2017\/12\/16\/repas-de-noel-du-16-decembre-2017\/16-12-17-27\/'><img loading=\"lazy\" decoding=\"async\" width=\"150\" height=\"150\" src=\"https:\/\/i0.wp.com\/labourdenne.fr\/wp-content\/uploads\/2018\/01\/16.12.17-27.jpg?resize=150%2C150&amp;ssl=1\" class=\"attachment-thumbnail size-thumbnail\" alt=\"\" srcset=\"https:\/\/i0.wp.com\/labourdenne.fr\/wp-content\/uploads\/2018\/01\/16.12.17-27.jpg?resize=150%2C150&amp;ssl=1 150w, https:\/\/i0.wp.com\/labourdenne.fr\/wp-content\/uploads\/2018\/01\/16.12.17-27.jpg?zoom=2&amp;resize=150%2C150&amp;ssl=1 300w, https:\/\/i0.wp.com\/labourdenne.fr\/wp-content\/uploads\/2018\/01\/16.12.17-27.jpg?zoom=3&amp;resize=150%2C150&amp;ssl=1 450w\" sizes=\"auto, (max-width: 150px) 100vw, 150px\" data-attachment-id=\"1522\" data-permalink=\"https:\/\/labourdenne.fr\/index.php\/2017\/12\/16\/repas-de-noel-du-16-decembre-2017\/16-12-17-27\/\" data-orig-file=\"https:\/\/i0.wp.com\/labourdenne.fr\/wp-content\/uploads\/2018\/01\/16.12.17-27.jpg?fit=2048%2C1536&amp;ssl=1\" data-orig-size=\"2048,1536\" data-comments-opened=\"1\" data-image-meta=\"{&quot;aperture&quot;:&quot;5&quot;,&quot;credit&quot;:&quot;&quot;,&quot;camera&quot;:&quot;DSC-WX220&quot;,&quot;caption&quot;:&quot;&quot;,&quot;created_timestamp&quot;:&quot;1513446880&quot;,&quot;copyright&quot;:&quot;&quot;,&quot;focal_length&quot;:&quot;12.14&quot;,&quot;iso&quot;:&quot;800&quot;,&quot;shutter_speed&quot;:&quot;0.066666666666667&quot;,&quot;title&quot;:&quot;&quot;,&quot;orientation&quot;:&quot;1&quot;}\" data-image-title=\"16.12.17 (27)\" data-image-description=\"\" data-image-caption=\"\" data-large-file=\"https:\/\/i0.wp.com\/labourdenne.fr\/wp-content\/uploads\/2018\/01\/16.12.17-27.jpg?fit=646%2C485&amp;ssl=1\" \/><\/a>\n\t\t\t<\/dt><\/dl><dl class='gallery-item'>\n\t\t\t<dt class='gallery-icon landscape'>\n\t\t\t\t<a href='https:\/\/labourdenne.fr\/index.php\/2017\/12\/16\/repas-de-noel-du-16-decembre-2017\/16-12-17-28\/'><img loading=\"lazy\" decoding=\"async\" width=\"150\" height=\"150\" src=\"https:\/\/i0.wp.com\/labourdenne.fr\/wp-content\/uploads\/2018\/01\/16.12.17-28.jpg?resize=150%2C150&amp;ssl=1\" class=\"attachment-thumbnail size-thumbnail\" alt=\"\" srcset=\"https:\/\/i0.wp.com\/labourdenne.fr\/wp-content\/uploads\/2018\/01\/16.12.17-28.jpg?resize=150%2C150&amp;ssl=1 150w, https:\/\/i0.wp.com\/labourdenne.fr\/wp-content\/uploads\/2018\/01\/16.12.17-28.jpg?zoom=2&amp;resize=150%2C150&amp;ssl=1 300w, https:\/\/i0.wp.com\/labourdenne.fr\/wp-content\/uploads\/2018\/01\/16.12.17-28.jpg?zoom=3&amp;resize=150%2C150&amp;ssl=1 450w\" sizes=\"auto, (max-width: 150px) 100vw, 150px\" data-attachment-id=\"1523\" data-permalink=\"https:\/\/labourdenne.fr\/index.php\/2017\/12\/16\/repas-de-noel-du-16-decembre-2017\/16-12-17-28\/\" data-orig-file=\"https:\/\/i0.wp.com\/labourdenne.fr\/wp-content\/uploads\/2018\/01\/16.12.17-28.jpg?fit=2048%2C1536&amp;ssl=1\" data-orig-size=\"2048,1536\" data-comments-opened=\"1\" data-image-meta=\"{&quot;aperture&quot;:&quot;3.3&quot;,&quot;credit&quot;:&quot;&quot;,&quot;camera&quot;:&quot;DSC-WX220&quot;,&quot;caption&quot;:&quot;&quot;,&quot;created_timestamp&quot;:&quot;1513446894&quot;,&quot;copyright&quot;:&quot;&quot;,&quot;focal_length&quot;:&quot;4.45&quot;,&quot;iso&quot;:&quot;200&quot;,&quot;shutter_speed&quot;:&quot;0.033333333333333&quot;,&quot;title&quot;:&quot;&quot;,&quot;orientation&quot;:&quot;1&quot;}\" data-image-title=\"16.12.17 (28)\" data-image-description=\"\" data-image-caption=\"\" data-large-file=\"https:\/\/i0.wp.com\/labourdenne.fr\/wp-content\/uploads\/2018\/01\/16.12.17-28.jpg?fit=646%2C485&amp;ssl=1\" \/><\/a>\n\t\t\t<\/dt><\/dl><br style=\"clear: both\" \/><dl class='gallery-item'>\n\t\t\t<dt class='gallery-icon landscape'>\n\t\t\t\t<a href='https:\/\/labourdenne.fr\/index.php\/2017\/12\/16\/repas-de-noel-du-16-decembre-2017\/16-12-17-29\/'><img loading=\"lazy\" decoding=\"async\" width=\"150\" height=\"150\" src=\"https:\/\/i0.wp.com\/labourdenne.fr\/wp-content\/uploads\/2018\/01\/16.12.17-29.jpg?resize=150%2C150&amp;ssl=1\" class=\"attachment-thumbnail size-thumbnail\" alt=\"\" srcset=\"https:\/\/i0.wp.com\/labourdenne.fr\/wp-content\/uploads\/2018\/01\/16.12.17-29.jpg?resize=150%2C150&amp;ssl=1 150w, https:\/\/i0.wp.com\/labourdenne.fr\/wp-content\/uploads\/2018\/01\/16.12.17-29.jpg?zoom=2&amp;resize=150%2C150&amp;ssl=1 300w, https:\/\/i0.wp.com\/labourdenne.fr\/wp-content\/uploads\/2018\/01\/16.12.17-29.jpg?zoom=3&amp;resize=150%2C150&amp;ssl=1 450w\" sizes=\"auto, (max-width: 150px) 100vw, 150px\" data-attachment-id=\"1524\" data-permalink=\"https:\/\/labourdenne.fr\/index.php\/2017\/12\/16\/repas-de-noel-du-16-decembre-2017\/16-12-17-29\/\" data-orig-file=\"https:\/\/i0.wp.com\/labourdenne.fr\/wp-content\/uploads\/2018\/01\/16.12.17-29.jpg?fit=2048%2C1536&amp;ssl=1\" data-orig-size=\"2048,1536\" data-comments-opened=\"1\" data-image-meta=\"{&quot;aperture&quot;:&quot;4.5&quot;,&quot;credit&quot;:&quot;&quot;,&quot;camera&quot;:&quot;DSC-HX60&quot;,&quot;caption&quot;:&quot;&quot;,&quot;created_timestamp&quot;:&quot;1513448929&quot;,&quot;copyright&quot;:&quot;&quot;,&quot;focal_length&quot;:&quot;8.58&quot;,&quot;iso&quot;:&quot;800&quot;,&quot;shutter_speed&quot;:&quot;0.04&quot;,&quot;title&quot;:&quot;&quot;,&quot;orientation&quot;:&quot;1&quot;}\" data-image-title=\"16.12.17 (29)\" data-image-description=\"\" data-image-caption=\"\" data-large-file=\"https:\/\/i0.wp.com\/labourdenne.fr\/wp-content\/uploads\/2018\/01\/16.12.17-29.jpg?fit=646%2C485&amp;ssl=1\" \/><\/a>\n\t\t\t<\/dt><\/dl><dl class='gallery-item'>\n\t\t\t<dt class='gallery-icon landscape'>\n\t\t\t\t<a href='https:\/\/labourdenne.fr\/index.php\/2017\/12\/16\/repas-de-noel-du-16-decembre-2017\/16-12-17-30\/'><img loading=\"lazy\" decoding=\"async\" width=\"150\" height=\"150\" src=\"https:\/\/i0.wp.com\/labourdenne.fr\/wp-content\/uploads\/2018\/01\/16.12.17-30.jpg?resize=150%2C150&amp;ssl=1\" class=\"attachment-thumbnail size-thumbnail\" alt=\"\" srcset=\"https:\/\/i0.wp.com\/labourdenne.fr\/wp-content\/uploads\/2018\/01\/16.12.17-30.jpg?resize=150%2C150&amp;ssl=1 150w, https:\/\/i0.wp.com\/labourdenne.fr\/wp-content\/uploads\/2018\/01\/16.12.17-30.jpg?zoom=2&amp;resize=150%2C150&amp;ssl=1 300w, https:\/\/i0.wp.com\/labourdenne.fr\/wp-content\/uploads\/2018\/01\/16.12.17-30.jpg?zoom=3&amp;resize=150%2C150&amp;ssl=1 450w\" sizes=\"auto, (max-width: 150px) 100vw, 150px\" data-attachment-id=\"1525\" data-permalink=\"https:\/\/labourdenne.fr\/index.php\/2017\/12\/16\/repas-de-noel-du-16-decembre-2017\/16-12-17-30\/\" data-orig-file=\"https:\/\/i0.wp.com\/labourdenne.fr\/wp-content\/uploads\/2018\/01\/16.12.17-30.jpg?fit=2048%2C1536&amp;ssl=1\" data-orig-size=\"2048,1536\" data-comments-opened=\"1\" data-image-meta=\"{&quot;aperture&quot;:&quot;3.5&quot;,&quot;credit&quot;:&quot;&quot;,&quot;camera&quot;:&quot;DSC-HX60&quot;,&quot;caption&quot;:&quot;&quot;,&quot;created_timestamp&quot;:&quot;1513448940&quot;,&quot;copyright&quot;:&quot;&quot;,&quot;focal_length&quot;:&quot;4.84&quot;,&quot;iso&quot;:&quot;800&quot;,&quot;shutter_speed&quot;:&quot;0.066666666666667&quot;,&quot;title&quot;:&quot;&quot;,&quot;orientation&quot;:&quot;1&quot;}\" data-image-title=\"16.12.17 (30)\" data-image-description=\"\" data-image-caption=\"\" data-large-file=\"https:\/\/i0.wp.com\/labourdenne.fr\/wp-content\/uploads\/2018\/01\/16.12.17-30.jpg?fit=646%2C485&amp;ssl=1\" \/><\/a>\n\t\t\t<\/dt><\/dl><dl class='gallery-item'>\n\t\t\t<dt class='gallery-icon landscape'>\n\t\t\t\t<a href='https:\/\/labourdenne.fr\/index.php\/2017\/12\/16\/repas-de-noel-du-16-decembre-2017\/16-12-17-31\/'><img loading=\"lazy\" decoding=\"async\" width=\"150\" height=\"150\" src=\"https:\/\/i0.wp.com\/labourdenne.fr\/wp-content\/uploads\/2018\/01\/16.12.17-31.jpg?resize=150%2C150&amp;ssl=1\" class=\"attachment-thumbnail size-thumbnail\" alt=\"\" srcset=\"https:\/\/i0.wp.com\/labourdenne.fr\/wp-content\/uploads\/2018\/01\/16.12.17-31.jpg?resize=150%2C150&amp;ssl=1 150w, https:\/\/i0.wp.com\/labourdenne.fr\/wp-content\/uploads\/2018\/01\/16.12.17-31.jpg?zoom=2&amp;resize=150%2C150&amp;ssl=1 300w, https:\/\/i0.wp.com\/labourdenne.fr\/wp-content\/uploads\/2018\/01\/16.12.17-31.jpg?zoom=3&amp;resize=150%2C150&amp;ssl=1 450w\" sizes=\"auto, (max-width: 150px) 100vw, 150px\" data-attachment-id=\"1526\" data-permalink=\"https:\/\/labourdenne.fr\/index.php\/2017\/12\/16\/repas-de-noel-du-16-decembre-2017\/16-12-17-31\/\" data-orig-file=\"https:\/\/i0.wp.com\/labourdenne.fr\/wp-content\/uploads\/2018\/01\/16.12.17-31.jpg?fit=2048%2C1536&amp;ssl=1\" data-orig-size=\"2048,1536\" data-comments-opened=\"1\" data-image-meta=\"{&quot;aperture&quot;:&quot;5&quot;,&quot;credit&quot;:&quot;&quot;,&quot;camera&quot;:&quot;DSC-HX60&quot;,&quot;caption&quot;:&quot;&quot;,&quot;created_timestamp&quot;:&quot;1513448945&quot;,&quot;copyright&quot;:&quot;&quot;,&quot;focal_length&quot;:&quot;11.69&quot;,&quot;iso&quot;:&quot;800&quot;,&quot;shutter_speed&quot;:&quot;0.076923076923077&quot;,&quot;title&quot;:&quot;&quot;,&quot;orientation&quot;:&quot;1&quot;}\" data-image-title=\"16.12.17 (31)\" data-image-description=\"\" data-image-caption=\"\" data-large-file=\"https:\/\/i0.wp.com\/labourdenne.fr\/wp-content\/uploads\/2018\/01\/16.12.17-31.jpg?fit=646%2C485&amp;ssl=1\" \/><\/a>\n\t\t\t<\/dt><\/dl><br style=\"clear: both\" \/><dl class='gallery-item'>\n\t\t\t<dt class='gallery-icon landscape'>\n\t\t\t\t<a href='https:\/\/labourdenne.fr\/index.php\/2017\/12\/16\/repas-de-noel-du-16-decembre-2017\/16-12-17-32\/'><img loading=\"lazy\" decoding=\"async\" width=\"150\" height=\"150\" src=\"https:\/\/i0.wp.com\/labourdenne.fr\/wp-content\/uploads\/2018\/01\/16.12.17-32.jpg?resize=150%2C150&amp;ssl=1\" class=\"attachment-thumbnail size-thumbnail\" alt=\"\" srcset=\"https:\/\/i0.wp.com\/labourdenne.fr\/wp-content\/uploads\/2018\/01\/16.12.17-32.jpg?resize=150%2C150&amp;ssl=1 150w, https:\/\/i0.wp.com\/labourdenne.fr\/wp-content\/uploads\/2018\/01\/16.12.17-32.jpg?zoom=2&amp;resize=150%2C150&amp;ssl=1 300w, https:\/\/i0.wp.com\/labourdenne.fr\/wp-content\/uploads\/2018\/01\/16.12.17-32.jpg?zoom=3&amp;resize=150%2C150&amp;ssl=1 450w\" sizes=\"auto, (max-width: 150px) 100vw, 150px\" data-attachment-id=\"1527\" data-permalink=\"https:\/\/labourdenne.fr\/index.php\/2017\/12\/16\/repas-de-noel-du-16-decembre-2017\/16-12-17-32\/\" data-orig-file=\"https:\/\/i0.wp.com\/labourdenne.fr\/wp-content\/uploads\/2018\/01\/16.12.17-32.jpg?fit=2048%2C1536&amp;ssl=1\" data-orig-size=\"2048,1536\" data-comments-opened=\"1\" data-image-meta=\"{&quot;aperture&quot;:&quot;4.5&quot;,&quot;credit&quot;:&quot;&quot;,&quot;camera&quot;:&quot;DSC-HX60&quot;,&quot;caption&quot;:&quot;&quot;,&quot;created_timestamp&quot;:&quot;1513448989&quot;,&quot;copyright&quot;:&quot;&quot;,&quot;focal_length&quot;:&quot;7.53&quot;,&quot;iso&quot;:&quot;800&quot;,&quot;shutter_speed&quot;:&quot;0.025&quot;,&quot;title&quot;:&quot;&quot;,&quot;orientation&quot;:&quot;1&quot;}\" data-image-title=\"16.12.17 (32)\" data-image-description=\"\" data-image-caption=\"\" data-large-file=\"https:\/\/i0.wp.com\/labourdenne.fr\/wp-content\/uploads\/2018\/01\/16.12.17-32.jpg?fit=646%2C485&amp;ssl=1\" \/><\/a>\n\t\t\t<\/dt><\/dl><dl class='gallery-item'>\n\t\t\t<dt class='gallery-icon landscape'>\n\t\t\t\t<a href='https:\/\/labourdenne.fr\/index.php\/2017\/12\/16\/repas-de-noel-du-16-decembre-2017\/16-12-17-33\/'><img loading=\"lazy\" decoding=\"async\" width=\"150\" height=\"150\" src=\"https:\/\/i0.wp.com\/labourdenne.fr\/wp-content\/uploads\/2018\/01\/16.12.17-33.jpg?resize=150%2C150&amp;ssl=1\" class=\"attachment-thumbnail size-thumbnail\" alt=\"\" srcset=\"https:\/\/i0.wp.com\/labourdenne.fr\/wp-content\/uploads\/2018\/01\/16.12.17-33.jpg?resize=150%2C150&amp;ssl=1 150w, https:\/\/i0.wp.com\/labourdenne.fr\/wp-content\/uploads\/2018\/01\/16.12.17-33.jpg?zoom=2&amp;resize=150%2C150&amp;ssl=1 300w, https:\/\/i0.wp.com\/labourdenne.fr\/wp-content\/uploads\/2018\/01\/16.12.17-33.jpg?zoom=3&amp;resize=150%2C150&amp;ssl=1 450w\" sizes=\"auto, (max-width: 150px) 100vw, 150px\" data-attachment-id=\"1528\" data-permalink=\"https:\/\/labourdenne.fr\/index.php\/2017\/12\/16\/repas-de-noel-du-16-decembre-2017\/16-12-17-33\/\" data-orig-file=\"https:\/\/i0.wp.com\/labourdenne.fr\/wp-content\/uploads\/2018\/01\/16.12.17-33.jpg?fit=2048%2C1536&amp;ssl=1\" data-orig-size=\"2048,1536\" data-comments-opened=\"1\" data-image-meta=\"{&quot;aperture&quot;:&quot;4.5&quot;,&quot;credit&quot;:&quot;&quot;,&quot;camera&quot;:&quot;DSC-HX60&quot;,&quot;caption&quot;:&quot;&quot;,&quot;created_timestamp&quot;:&quot;1513451462&quot;,&quot;copyright&quot;:&quot;&quot;,&quot;focal_length&quot;:&quot;7.53&quot;,&quot;iso&quot;:&quot;800&quot;,&quot;shutter_speed&quot;:&quot;0.033333333333333&quot;,&quot;title&quot;:&quot;&quot;,&quot;orientation&quot;:&quot;1&quot;}\" data-image-title=\"16.12.17 (33)\" data-image-description=\"\" data-image-caption=\"\" data-large-file=\"https:\/\/i0.wp.com\/labourdenne.fr\/wp-content\/uploads\/2018\/01\/16.12.17-33.jpg?fit=646%2C485&amp;ssl=1\" \/><\/a>\n\t\t\t<\/dt><\/dl><dl class='gallery-item'>\n\t\t\t<dt class='gallery-icon landscape'>\n\t\t\t\t<a href='https:\/\/labourdenne.fr\/index.php\/2017\/12\/16\/repas-de-noel-du-16-decembre-2017\/16-12-17-34\/'><img loading=\"lazy\" decoding=\"async\" width=\"150\" height=\"150\" src=\"https:\/\/i0.wp.com\/labourdenne.fr\/wp-content\/uploads\/2018\/01\/16.12.17-34.jpg?resize=150%2C150&amp;ssl=1\" class=\"attachment-thumbnail size-thumbnail\" alt=\"\" srcset=\"https:\/\/i0.wp.com\/labourdenne.fr\/wp-content\/uploads\/2018\/01\/16.12.17-34.jpg?resize=150%2C150&amp;ssl=1 150w, https:\/\/i0.wp.com\/labourdenne.fr\/wp-content\/uploads\/2018\/01\/16.12.17-34.jpg?zoom=2&amp;resize=150%2C150&amp;ssl=1 300w, https:\/\/i0.wp.com\/labourdenne.fr\/wp-content\/uploads\/2018\/01\/16.12.17-34.jpg?zoom=3&amp;resize=150%2C150&amp;ssl=1 450w\" sizes=\"auto, (max-width: 150px) 100vw, 150px\" data-attachment-id=\"1529\" data-permalink=\"https:\/\/labourdenne.fr\/index.php\/2017\/12\/16\/repas-de-noel-du-16-decembre-2017\/16-12-17-34\/\" data-orig-file=\"https:\/\/i0.wp.com\/labourdenne.fr\/wp-content\/uploads\/2018\/01\/16.12.17-34.jpg?fit=2048%2C1536&amp;ssl=1\" data-orig-size=\"2048,1536\" data-comments-opened=\"1\" data-image-meta=\"{&quot;aperture&quot;:&quot;4.5&quot;,&quot;credit&quot;:&quot;&quot;,&quot;camera&quot;:&quot;DSC-HX60&quot;,&quot;caption&quot;:&quot;&quot;,&quot;created_timestamp&quot;:&quot;1513451468&quot;,&quot;copyright&quot;:&quot;&quot;,&quot;focal_length&quot;:&quot;7.53&quot;,&quot;iso&quot;:&quot;800&quot;,&quot;shutter_speed&quot;:&quot;0.066666666666667&quot;,&quot;title&quot;:&quot;&quot;,&quot;orientation&quot;:&quot;1&quot;}\" data-image-title=\"16.12.17 (34)\" data-image-description=\"\" data-image-caption=\"\" data-large-file=\"https:\/\/i0.wp.com\/labourdenne.fr\/wp-content\/uploads\/2018\/01\/16.12.17-34.jpg?fit=646%2C485&amp;ssl=1\" \/><\/a>\n\t\t\t<\/dt><\/dl><br style=\"clear: both\" \/><dl class='gallery-item'>\n\t\t\t<dt class='gallery-icon landscape'>\n\t\t\t\t<a href='https:\/\/labourdenne.fr\/index.php\/2017\/12\/16\/repas-de-noel-du-16-decembre-2017\/16-12-17-35\/'><img loading=\"lazy\" decoding=\"async\" width=\"150\" height=\"150\" src=\"https:\/\/i0.wp.com\/labourdenne.fr\/wp-content\/uploads\/2018\/01\/16.12.17-35.jpg?resize=150%2C150&amp;ssl=1\" class=\"attachment-thumbnail size-thumbnail\" alt=\"\" srcset=\"https:\/\/i0.wp.com\/labourdenne.fr\/wp-content\/uploads\/2018\/01\/16.12.17-35.jpg?resize=150%2C150&amp;ssl=1 150w, https:\/\/i0.wp.com\/labourdenne.fr\/wp-content\/uploads\/2018\/01\/16.12.17-35.jpg?zoom=2&amp;resize=150%2C150&amp;ssl=1 300w, https:\/\/i0.wp.com\/labourdenne.fr\/wp-content\/uploads\/2018\/01\/16.12.17-35.jpg?zoom=3&amp;resize=150%2C150&amp;ssl=1 450w\" sizes=\"auto, (max-width: 150px) 100vw, 150px\" data-attachment-id=\"1530\" data-permalink=\"https:\/\/labourdenne.fr\/index.php\/2017\/12\/16\/repas-de-noel-du-16-decembre-2017\/16-12-17-35\/\" data-orig-file=\"https:\/\/i0.wp.com\/labourdenne.fr\/wp-content\/uploads\/2018\/01\/16.12.17-35.jpg?fit=2048%2C1536&amp;ssl=1\" data-orig-size=\"2048,1536\" data-comments-opened=\"1\" data-image-meta=\"{&quot;aperture&quot;:&quot;5&quot;,&quot;credit&quot;:&quot;&quot;,&quot;camera&quot;:&quot;DSC-HX60&quot;,&quot;caption&quot;:&quot;&quot;,&quot;created_timestamp&quot;:&quot;1513451514&quot;,&quot;copyright&quot;:&quot;&quot;,&quot;focal_length&quot;:&quot;11&quot;,&quot;iso&quot;:&quot;1250&quot;,&quot;shutter_speed&quot;:&quot;0.02&quot;,&quot;title&quot;:&quot;&quot;,&quot;orientation&quot;:&quot;1&quot;}\" data-image-title=\"16.12.17 (35)\" data-image-description=\"\" data-image-caption=\"\" data-large-file=\"https:\/\/i0.wp.com\/labourdenne.fr\/wp-content\/uploads\/2018\/01\/16.12.17-35.jpg?fit=646%2C485&amp;ssl=1\" \/><\/a>\n\t\t\t<\/dt><\/dl><dl class='gallery-item'>\n\t\t\t<dt class='gallery-icon landscape'>\n\t\t\t\t<a href='https:\/\/labourdenne.fr\/index.php\/2017\/12\/16\/repas-de-noel-du-16-decembre-2017\/16-12-17-36\/'><img loading=\"lazy\" decoding=\"async\" width=\"150\" height=\"150\" src=\"https:\/\/i0.wp.com\/labourdenne.fr\/wp-content\/uploads\/2018\/01\/16.12.17-36.jpg?resize=150%2C150&amp;ssl=1\" class=\"attachment-thumbnail size-thumbnail\" alt=\"\" srcset=\"https:\/\/i0.wp.com\/labourdenne.fr\/wp-content\/uploads\/2018\/01\/16.12.17-36.jpg?resize=150%2C150&amp;ssl=1 150w, https:\/\/i0.wp.com\/labourdenne.fr\/wp-content\/uploads\/2018\/01\/16.12.17-36.jpg?zoom=2&amp;resize=150%2C150&amp;ssl=1 300w, https:\/\/i0.wp.com\/labourdenne.fr\/wp-content\/uploads\/2018\/01\/16.12.17-36.jpg?zoom=3&amp;resize=150%2C150&amp;ssl=1 450w\" sizes=\"auto, (max-width: 150px) 100vw, 150px\" data-attachment-id=\"1531\" data-permalink=\"https:\/\/labourdenne.fr\/index.php\/2017\/12\/16\/repas-de-noel-du-16-decembre-2017\/16-12-17-36\/\" data-orig-file=\"https:\/\/i0.wp.com\/labourdenne.fr\/wp-content\/uploads\/2018\/01\/16.12.17-36.jpg?fit=2048%2C1536&amp;ssl=1\" data-orig-size=\"2048,1536\" data-comments-opened=\"1\" data-image-meta=\"{&quot;aperture&quot;:&quot;4&quot;,&quot;credit&quot;:&quot;&quot;,&quot;camera&quot;:&quot;DSC-HX60&quot;,&quot;caption&quot;:&quot;&quot;,&quot;created_timestamp&quot;:&quot;1513451519&quot;,&quot;copyright&quot;:&quot;&quot;,&quot;focal_length&quot;:&quot;6.26&quot;,&quot;iso&quot;:&quot;2500&quot;,&quot;shutter_speed&quot;:&quot;0.016666666666667&quot;,&quot;title&quot;:&quot;&quot;,&quot;orientation&quot;:&quot;1&quot;}\" data-image-title=\"16.12.17 (36)\" data-image-description=\"\" data-image-caption=\"\" data-large-file=\"https:\/\/i0.wp.com\/labourdenne.fr\/wp-content\/uploads\/2018\/01\/16.12.17-36.jpg?fit=646%2C485&amp;ssl=1\" \/><\/a>\n\t\t\t<\/dt><\/dl><dl class='gallery-item'>\n\t\t\t<dt class='gallery-icon landscape'>\n\t\t\t\t<a href='https:\/\/labourdenne.fr\/index.php\/2017\/12\/16\/repas-de-noel-du-16-decembre-2017\/16-12-17-37\/'><img loading=\"lazy\" decoding=\"async\" width=\"150\" height=\"150\" src=\"https:\/\/i0.wp.com\/labourdenne.fr\/wp-content\/uploads\/2018\/01\/16.12.17-37.jpg?resize=150%2C150&amp;ssl=1\" class=\"attachment-thumbnail size-thumbnail\" alt=\"\" srcset=\"https:\/\/i0.wp.com\/labourdenne.fr\/wp-content\/uploads\/2018\/01\/16.12.17-37.jpg?resize=150%2C150&amp;ssl=1 150w, https:\/\/i0.wp.com\/labourdenne.fr\/wp-content\/uploads\/2018\/01\/16.12.17-37.jpg?zoom=2&amp;resize=150%2C150&amp;ssl=1 300w, https:\/\/i0.wp.com\/labourdenne.fr\/wp-content\/uploads\/2018\/01\/16.12.17-37.jpg?zoom=3&amp;resize=150%2C150&amp;ssl=1 450w\" sizes=\"auto, (max-width: 150px) 100vw, 150px\" data-attachment-id=\"1532\" data-permalink=\"https:\/\/labourdenne.fr\/index.php\/2017\/12\/16\/repas-de-noel-du-16-decembre-2017\/16-12-17-37\/\" data-orig-file=\"https:\/\/i0.wp.com\/labourdenne.fr\/wp-content\/uploads\/2018\/01\/16.12.17-37.jpg?fit=2048%2C1536&amp;ssl=1\" data-orig-size=\"2048,1536\" data-comments-opened=\"1\" data-image-meta=\"{&quot;aperture&quot;:&quot;3.5&quot;,&quot;credit&quot;:&quot;&quot;,&quot;camera&quot;:&quot;DSC-WX220&quot;,&quot;caption&quot;:&quot;&quot;,&quot;created_timestamp&quot;:&quot;1513451534&quot;,&quot;copyright&quot;:&quot;&quot;,&quot;focal_length&quot;:&quot;5.19&quot;,&quot;iso&quot;:&quot;640&quot;,&quot;shutter_speed&quot;:&quot;0.033333333333333&quot;,&quot;title&quot;:&quot;&quot;,&quot;orientation&quot;:&quot;1&quot;}\" data-image-title=\"16.12.17 (37)\" data-image-description=\"\" data-image-caption=\"\" data-large-file=\"https:\/\/i0.wp.com\/labourdenne.fr\/wp-content\/uploads\/2018\/01\/16.12.17-37.jpg?fit=646%2C485&amp;ssl=1\" \/><\/a>\n\t\t\t<\/dt><\/dl><br style=\"clear: both\" \/><dl class='gallery-item'>\n\t\t\t<dt class='gallery-icon landscape'>\n\t\t\t\t<a href='https:\/\/labourdenne.fr\/index.php\/2017\/12\/16\/repas-de-noel-du-16-decembre-2017\/16-12-17-38\/'><img loading=\"lazy\" decoding=\"async\" width=\"150\" height=\"150\" src=\"https:\/\/i0.wp.com\/labourdenne.fr\/wp-content\/uploads\/2018\/01\/16.12.17-38.jpg?resize=150%2C150&amp;ssl=1\" class=\"attachment-thumbnail size-thumbnail\" alt=\"\" srcset=\"https:\/\/i0.wp.com\/labourdenne.fr\/wp-content\/uploads\/2018\/01\/16.12.17-38.jpg?resize=150%2C150&amp;ssl=1 150w, https:\/\/i0.wp.com\/labourdenne.fr\/wp-content\/uploads\/2018\/01\/16.12.17-38.jpg?zoom=2&amp;resize=150%2C150&amp;ssl=1 300w, https:\/\/i0.wp.com\/labourdenne.fr\/wp-content\/uploads\/2018\/01\/16.12.17-38.jpg?zoom=3&amp;resize=150%2C150&amp;ssl=1 450w\" sizes=\"auto, (max-width: 150px) 100vw, 150px\" data-attachment-id=\"1533\" data-permalink=\"https:\/\/labourdenne.fr\/index.php\/2017\/12\/16\/repas-de-noel-du-16-decembre-2017\/16-12-17-38\/\" data-orig-file=\"https:\/\/i0.wp.com\/labourdenne.fr\/wp-content\/uploads\/2018\/01\/16.12.17-38.jpg?fit=2048%2C1536&amp;ssl=1\" data-orig-size=\"2048,1536\" data-comments-opened=\"1\" data-image-meta=\"{&quot;aperture&quot;:&quot;5.6&quot;,&quot;credit&quot;:&quot;&quot;,&quot;camera&quot;:&quot;DSC-WX220&quot;,&quot;caption&quot;:&quot;&quot;,&quot;created_timestamp&quot;:&quot;1513452972&quot;,&quot;copyright&quot;:&quot;&quot;,&quot;focal_length&quot;:&quot;18.89&quot;,&quot;iso&quot;:&quot;800&quot;,&quot;shutter_speed&quot;:&quot;0.033333333333333&quot;,&quot;title&quot;:&quot;&quot;,&quot;orientation&quot;:&quot;1&quot;}\" data-image-title=\"16.12.17 (38)\" data-image-description=\"\" data-image-caption=\"\" data-large-file=\"https:\/\/i0.wp.com\/labourdenne.fr\/wp-content\/uploads\/2018\/01\/16.12.17-38.jpg?fit=646%2C485&amp;ssl=1\" \/><\/a>\n\t\t\t<\/dt><\/dl><dl class='gallery-item'>\n\t\t\t<dt class='gallery-icon landscape'>\n\t\t\t\t<a href='https:\/\/labourdenne.fr\/index.php\/2017\/12\/16\/repas-de-noel-du-16-decembre-2017\/16-12-17-39\/'><img loading=\"lazy\" decoding=\"async\" width=\"150\" height=\"150\" src=\"https:\/\/i0.wp.com\/labourdenne.fr\/wp-content\/uploads\/2018\/01\/16.12.17-39.jpg?resize=150%2C150&amp;ssl=1\" class=\"attachment-thumbnail size-thumbnail\" alt=\"\" srcset=\"https:\/\/i0.wp.com\/labourdenne.fr\/wp-content\/uploads\/2018\/01\/16.12.17-39.jpg?resize=150%2C150&amp;ssl=1 150w, https:\/\/i0.wp.com\/labourdenne.fr\/wp-content\/uploads\/2018\/01\/16.12.17-39.jpg?zoom=2&amp;resize=150%2C150&amp;ssl=1 300w, https:\/\/i0.wp.com\/labourdenne.fr\/wp-content\/uploads\/2018\/01\/16.12.17-39.jpg?zoom=3&amp;resize=150%2C150&amp;ssl=1 450w\" sizes=\"auto, (max-width: 150px) 100vw, 150px\" data-attachment-id=\"1534\" data-permalink=\"https:\/\/labourdenne.fr\/index.php\/2017\/12\/16\/repas-de-noel-du-16-decembre-2017\/16-12-17-39\/\" data-orig-file=\"https:\/\/i0.wp.com\/labourdenne.fr\/wp-content\/uploads\/2018\/01\/16.12.17-39.jpg?fit=2048%2C1536&amp;ssl=1\" data-orig-size=\"2048,1536\" data-comments-opened=\"1\" data-image-meta=\"{&quot;aperture&quot;:&quot;3.5&quot;,&quot;credit&quot;:&quot;&quot;,&quot;camera&quot;:&quot;DSC-HX60&quot;,&quot;caption&quot;:&quot;&quot;,&quot;created_timestamp&quot;:&quot;1513456062&quot;,&quot;copyright&quot;:&quot;&quot;,&quot;focal_length&quot;:&quot;4.3&quot;,&quot;iso&quot;:&quot;1600&quot;,&quot;shutter_speed&quot;:&quot;0.008&quot;,&quot;title&quot;:&quot;&quot;,&quot;orientation&quot;:&quot;1&quot;}\" data-image-title=\"16.12.17 (39)\" data-image-description=\"\" data-image-caption=\"\" data-large-file=\"https:\/\/i0.wp.com\/labourdenne.fr\/wp-content\/uploads\/2018\/01\/16.12.17-39.jpg?fit=646%2C485&amp;ssl=1\" \/><\/a>\n\t\t\t<\/dt><\/dl><dl class='gallery-item'>\n\t\t\t<dt class='gallery-icon landscape'>\n\t\t\t\t<a href='https:\/\/labourdenne.fr\/index.php\/2017\/12\/16\/repas-de-noel-du-16-decembre-2017\/16-12-17-40\/'><img loading=\"lazy\" decoding=\"async\" width=\"150\" height=\"150\" src=\"https:\/\/i0.wp.com\/labourdenne.fr\/wp-content\/uploads\/2018\/01\/16.12.17-40.jpg?resize=150%2C150&amp;ssl=1\" class=\"attachment-thumbnail size-thumbnail\" alt=\"\" srcset=\"https:\/\/i0.wp.com\/labourdenne.fr\/wp-content\/uploads\/2018\/01\/16.12.17-40.jpg?resize=150%2C150&amp;ssl=1 150w, https:\/\/i0.wp.com\/labourdenne.fr\/wp-content\/uploads\/2018\/01\/16.12.17-40.jpg?zoom=2&amp;resize=150%2C150&amp;ssl=1 300w, https:\/\/i0.wp.com\/labourdenne.fr\/wp-content\/uploads\/2018\/01\/16.12.17-40.jpg?zoom=3&amp;resize=150%2C150&amp;ssl=1 450w\" sizes=\"auto, (max-width: 150px) 100vw, 150px\" data-attachment-id=\"1535\" data-permalink=\"https:\/\/labourdenne.fr\/index.php\/2017\/12\/16\/repas-de-noel-du-16-decembre-2017\/16-12-17-40\/\" data-orig-file=\"https:\/\/i0.wp.com\/labourdenne.fr\/wp-content\/uploads\/2018\/01\/16.12.17-40.jpg?fit=2048%2C1536&amp;ssl=1\" data-orig-size=\"2048,1536\" data-comments-opened=\"1\" data-image-meta=\"{&quot;aperture&quot;:&quot;3.5&quot;,&quot;credit&quot;:&quot;&quot;,&quot;camera&quot;:&quot;DSC-HX60&quot;,&quot;caption&quot;:&quot;&quot;,&quot;created_timestamp&quot;:&quot;1513456066&quot;,&quot;copyright&quot;:&quot;&quot;,&quot;focal_length&quot;:&quot;4.3&quot;,&quot;iso&quot;:&quot;800&quot;,&quot;shutter_speed&quot;:&quot;0.066666666666667&quot;,&quot;title&quot;:&quot;&quot;,&quot;orientation&quot;:&quot;1&quot;}\" data-image-title=\"16.12.17 (40)\" data-image-description=\"\" data-image-caption=\"\" data-large-file=\"https:\/\/i0.wp.com\/labourdenne.fr\/wp-content\/uploads\/2018\/01\/16.12.17-40.jpg?fit=646%2C485&amp;ssl=1\" \/><\/a>\n\t\t\t<\/dt><\/dl><br style=\"clear: both\" \/><dl class='gallery-item'>\n\t\t\t<dt class='gallery-icon portrait'>\n\t\t\t\t<a href='https:\/\/labourdenne.fr\/index.php\/2017\/12\/16\/repas-de-noel-du-16-decembre-2017\/16-12-17-41\/'><img loading=\"lazy\" decoding=\"async\" width=\"150\" height=\"150\" src=\"https:\/\/i0.wp.com\/labourdenne.fr\/wp-content\/uploads\/2018\/01\/16.12.17-41.jpg?resize=150%2C150&amp;ssl=1\" class=\"attachment-thumbnail size-thumbnail\" alt=\"\" srcset=\"https:\/\/i0.wp.com\/labourdenne.fr\/wp-content\/uploads\/2018\/01\/16.12.17-41.jpg?resize=150%2C150&amp;ssl=1 150w, https:\/\/i0.wp.com\/labourdenne.fr\/wp-content\/uploads\/2018\/01\/16.12.17-41.jpg?zoom=2&amp;resize=150%2C150&amp;ssl=1 300w, https:\/\/i0.wp.com\/labourdenne.fr\/wp-content\/uploads\/2018\/01\/16.12.17-41.jpg?zoom=3&amp;resize=150%2C150&amp;ssl=1 450w\" sizes=\"auto, (max-width: 150px) 100vw, 150px\" data-attachment-id=\"1536\" data-permalink=\"https:\/\/labourdenne.fr\/index.php\/2017\/12\/16\/repas-de-noel-du-16-decembre-2017\/16-12-17-41\/\" data-orig-file=\"https:\/\/i0.wp.com\/labourdenne.fr\/wp-content\/uploads\/2018\/01\/16.12.17-41.jpg?fit=1536%2C2048&amp;ssl=1\" data-orig-size=\"1536,2048\" data-comments-opened=\"1\" data-image-meta=\"{&quot;aperture&quot;:&quot;3.5&quot;,&quot;credit&quot;:&quot;&quot;,&quot;camera&quot;:&quot;DSC-HX60&quot;,&quot;caption&quot;:&quot;&quot;,&quot;created_timestamp&quot;:&quot;1513456066&quot;,&quot;copyright&quot;:&quot;&quot;,&quot;focal_length&quot;:&quot;4.3&quot;,&quot;iso&quot;:&quot;800&quot;,&quot;shutter_speed&quot;:&quot;0.066666666666667&quot;,&quot;title&quot;:&quot;&quot;,&quot;orientation&quot;:&quot;1&quot;}\" data-image-title=\"16.12.17 (41)\" data-image-description=\"\" data-image-caption=\"\" data-large-file=\"https:\/\/i0.wp.com\/labourdenne.fr\/wp-content\/uploads\/2018\/01\/16.12.17-41.jpg?fit=646%2C861&amp;ssl=1\" \/><\/a>\n\t\t\t<\/dt><\/dl><dl class='gallery-item'>\n\t\t\t<dt class='gallery-icon landscape'>\n\t\t\t\t<a href='https:\/\/labourdenne.fr\/index.php\/2017\/12\/16\/repas-de-noel-du-16-decembre-2017\/16-12-17-42\/'><img loading=\"lazy\" decoding=\"async\" width=\"150\" height=\"150\" src=\"https:\/\/i0.wp.com\/labourdenne.fr\/wp-content\/uploads\/2018\/01\/16.12.17-42.jpg?resize=150%2C150&amp;ssl=1\" class=\"attachment-thumbnail size-thumbnail\" alt=\"\" srcset=\"https:\/\/i0.wp.com\/labourdenne.fr\/wp-content\/uploads\/2018\/01\/16.12.17-42.jpg?resize=150%2C150&amp;ssl=1 150w, https:\/\/i0.wp.com\/labourdenne.fr\/wp-content\/uploads\/2018\/01\/16.12.17-42.jpg?zoom=2&amp;resize=150%2C150&amp;ssl=1 300w, https:\/\/i0.wp.com\/labourdenne.fr\/wp-content\/uploads\/2018\/01\/16.12.17-42.jpg?zoom=3&amp;resize=150%2C150&amp;ssl=1 450w\" sizes=\"auto, (max-width: 150px) 100vw, 150px\" data-attachment-id=\"1537\" data-permalink=\"https:\/\/labourdenne.fr\/index.php\/2017\/12\/16\/repas-de-noel-du-16-decembre-2017\/16-12-17-42\/\" data-orig-file=\"https:\/\/i0.wp.com\/labourdenne.fr\/wp-content\/uploads\/2018\/01\/16.12.17-42.jpg?fit=2048%2C1536&amp;ssl=1\" data-orig-size=\"2048,1536\" data-comments-opened=\"1\" data-image-meta=\"{&quot;aperture&quot;:&quot;3.5&quot;,&quot;credit&quot;:&quot;&quot;,&quot;camera&quot;:&quot;DSC-HX60&quot;,&quot;caption&quot;:&quot;&quot;,&quot;created_timestamp&quot;:&quot;1513456077&quot;,&quot;copyright&quot;:&quot;&quot;,&quot;focal_length&quot;:&quot;4.3&quot;,&quot;iso&quot;:&quot;400&quot;,&quot;shutter_speed&quot;:&quot;0.033333333333333&quot;,&quot;title&quot;:&quot;&quot;,&quot;orientation&quot;:&quot;1&quot;}\" data-image-title=\"16.12.17 (42)\" data-image-description=\"\" data-image-caption=\"\" data-large-file=\"https:\/\/i0.wp.com\/labourdenne.fr\/wp-content\/uploads\/2018\/01\/16.12.17-42.jpg?fit=646%2C485&amp;ssl=1\" \/><\/a>\n\t\t\t<\/dt><\/dl><dl class='gallery-item'>\n\t\t\t<dt class='gallery-icon landscape'>\n\t\t\t\t<a href='https:\/\/labourdenne.fr\/index.php\/2017\/12\/16\/repas-de-noel-du-16-decembre-2017\/16-12-17-43\/'><img loading=\"lazy\" decoding=\"async\" width=\"150\" height=\"150\" src=\"https:\/\/i0.wp.com\/labourdenne.fr\/wp-content\/uploads\/2018\/01\/16.12.17-43.jpg?resize=150%2C150&amp;ssl=1\" class=\"attachment-thumbnail size-thumbnail\" alt=\"\" srcset=\"https:\/\/i0.wp.com\/labourdenne.fr\/wp-content\/uploads\/2018\/01\/16.12.17-43.jpg?resize=150%2C150&amp;ssl=1 150w, https:\/\/i0.wp.com\/labourdenne.fr\/wp-content\/uploads\/2018\/01\/16.12.17-43.jpg?zoom=2&amp;resize=150%2C150&amp;ssl=1 300w, https:\/\/i0.wp.com\/labourdenne.fr\/wp-content\/uploads\/2018\/01\/16.12.17-43.jpg?zoom=3&amp;resize=150%2C150&amp;ssl=1 450w\" sizes=\"auto, (max-width: 150px) 100vw, 150px\" data-attachment-id=\"1538\" data-permalink=\"https:\/\/labourdenne.fr\/index.php\/2017\/12\/16\/repas-de-noel-du-16-decembre-2017\/16-12-17-43\/\" data-orig-file=\"https:\/\/i0.wp.com\/labourdenne.fr\/wp-content\/uploads\/2018\/01\/16.12.17-43.jpg?fit=2048%2C1536&amp;ssl=1\" data-orig-size=\"2048,1536\" data-comments-opened=\"1\" data-image-meta=\"{&quot;aperture&quot;:&quot;3.3&quot;,&quot;credit&quot;:&quot;&quot;,&quot;camera&quot;:&quot;DSC-WX220&quot;,&quot;caption&quot;:&quot;&quot;,&quot;created_timestamp&quot;:&quot;1513456735&quot;,&quot;copyright&quot;:&quot;&quot;,&quot;focal_length&quot;:&quot;4.45&quot;,&quot;iso&quot;:&quot;200&quot;,&quot;shutter_speed&quot;:&quot;0.033333333333333&quot;,&quot;title&quot;:&quot;&quot;,&quot;orientation&quot;:&quot;1&quot;}\" data-image-title=\"16.12.17 (43)\" data-image-description=\"\" data-image-caption=\"\" data-large-file=\"https:\/\/i0.wp.com\/labourdenne.fr\/wp-content\/uploads\/2018\/01\/16.12.17-43.jpg?fit=646%2C485&amp;ssl=1\" \/><\/a>\n\t\t\t<\/dt><\/dl><br style=\"clear: both\" \/><dl class='gallery-item'>\n\t\t\t<dt class='gallery-icon landscape'>\n\t\t\t\t<a href='https:\/\/labourdenne.fr\/index.php\/2017\/12\/16\/repas-de-noel-du-16-decembre-2017\/16-12-17-44\/'><img loading=\"lazy\" decoding=\"async\" width=\"150\" height=\"150\" src=\"https:\/\/i0.wp.com\/labourdenne.fr\/wp-content\/uploads\/2018\/01\/16.12.17-44.jpg?resize=150%2C150&amp;ssl=1\" class=\"attachment-thumbnail size-thumbnail\" alt=\"\" srcset=\"https:\/\/i0.wp.com\/labourdenne.fr\/wp-content\/uploads\/2018\/01\/16.12.17-44.jpg?resize=150%2C150&amp;ssl=1 150w, https:\/\/i0.wp.com\/labourdenne.fr\/wp-content\/uploads\/2018\/01\/16.12.17-44.jpg?zoom=2&amp;resize=150%2C150&amp;ssl=1 300w, https:\/\/i0.wp.com\/labourdenne.fr\/wp-content\/uploads\/2018\/01\/16.12.17-44.jpg?zoom=3&amp;resize=150%2C150&amp;ssl=1 450w\" sizes=\"auto, (max-width: 150px) 100vw, 150px\" data-attachment-id=\"1539\" data-permalink=\"https:\/\/labourdenne.fr\/index.php\/2017\/12\/16\/repas-de-noel-du-16-decembre-2017\/16-12-17-44\/\" data-orig-file=\"https:\/\/i0.wp.com\/labourdenne.fr\/wp-content\/uploads\/2018\/01\/16.12.17-44.jpg?fit=2048%2C1536&amp;ssl=1\" data-orig-size=\"2048,1536\" data-comments-opened=\"1\" data-image-meta=\"{&quot;aperture&quot;:&quot;3.5&quot;,&quot;credit&quot;:&quot;&quot;,&quot;camera&quot;:&quot;DSC-HX60&quot;,&quot;caption&quot;:&quot;&quot;,&quot;created_timestamp&quot;:&quot;1513458281&quot;,&quot;copyright&quot;:&quot;&quot;,&quot;focal_length&quot;:&quot;4.3&quot;,&quot;iso&quot;:&quot;640&quot;,&quot;shutter_speed&quot;:&quot;0.033333333333333&quot;,&quot;title&quot;:&quot;&quot;,&quot;orientation&quot;:&quot;1&quot;}\" data-image-title=\"16.12.17 (44)\" data-image-description=\"\" data-image-caption=\"\" data-large-file=\"https:\/\/i0.wp.com\/labourdenne.fr\/wp-content\/uploads\/2018\/01\/16.12.17-44.jpg?fit=646%2C485&amp;ssl=1\" \/><\/a>\n\t\t\t<\/dt><\/dl><dl class='gallery-item'>\n\t\t\t<dt class='gallery-icon landscape'>\n\t\t\t\t<a href='https:\/\/labourdenne.fr\/index.php\/2017\/12\/16\/repas-de-noel-du-16-decembre-2017\/16-12-17-45\/'><img loading=\"lazy\" decoding=\"async\" width=\"150\" height=\"150\" src=\"https:\/\/i0.wp.com\/labourdenne.fr\/wp-content\/uploads\/2018\/01\/16.12.17-45.jpg?resize=150%2C150&amp;ssl=1\" class=\"attachment-thumbnail size-thumbnail\" alt=\"\" srcset=\"https:\/\/i0.wp.com\/labourdenne.fr\/wp-content\/uploads\/2018\/01\/16.12.17-45.jpg?resize=150%2C150&amp;ssl=1 150w, https:\/\/i0.wp.com\/labourdenne.fr\/wp-content\/uploads\/2018\/01\/16.12.17-45.jpg?zoom=2&amp;resize=150%2C150&amp;ssl=1 300w, https:\/\/i0.wp.com\/labourdenne.fr\/wp-content\/uploads\/2018\/01\/16.12.17-45.jpg?zoom=3&amp;resize=150%2C150&amp;ssl=1 450w\" sizes=\"auto, (max-width: 150px) 100vw, 150px\" data-attachment-id=\"1540\" data-permalink=\"https:\/\/labourdenne.fr\/index.php\/2017\/12\/16\/repas-de-noel-du-16-decembre-2017\/16-12-17-45\/\" data-orig-file=\"https:\/\/i0.wp.com\/labourdenne.fr\/wp-content\/uploads\/2018\/01\/16.12.17-45.jpg?fit=2048%2C1536&amp;ssl=1\" data-orig-size=\"2048,1536\" data-comments-opened=\"1\" data-image-meta=\"{&quot;aperture&quot;:&quot;3.5&quot;,&quot;credit&quot;:&quot;&quot;,&quot;camera&quot;:&quot;DSC-HX60&quot;,&quot;caption&quot;:&quot;&quot;,&quot;created_timestamp&quot;:&quot;1513458326&quot;,&quot;copyright&quot;:&quot;&quot;,&quot;focal_length&quot;:&quot;4.3&quot;,&quot;iso&quot;:&quot;2000&quot;,&quot;shutter_speed&quot;:&quot;0.01&quot;,&quot;title&quot;:&quot;&quot;,&quot;orientation&quot;:&quot;1&quot;}\" data-image-title=\"16.12.17 (45)\" data-image-description=\"\" data-image-caption=\"\" data-large-file=\"https:\/\/i0.wp.com\/labourdenne.fr\/wp-content\/uploads\/2018\/01\/16.12.17-45.jpg?fit=646%2C485&amp;ssl=1\" \/><\/a>\n\t\t\t<\/dt><\/dl><dl class='gallery-item'>\n\t\t\t<dt class='gallery-icon landscape'>\n\t\t\t\t<a href='https:\/\/labourdenne.fr\/index.php\/2017\/12\/16\/repas-de-noel-du-16-decembre-2017\/16-12-17-46\/'><img loading=\"lazy\" decoding=\"async\" width=\"150\" height=\"150\" src=\"https:\/\/i0.wp.com\/labourdenne.fr\/wp-content\/uploads\/2018\/01\/16.12.17-46.jpg?resize=150%2C150&amp;ssl=1\" class=\"attachment-thumbnail size-thumbnail\" alt=\"\" srcset=\"https:\/\/i0.wp.com\/labourdenne.fr\/wp-content\/uploads\/2018\/01\/16.12.17-46.jpg?resize=150%2C150&amp;ssl=1 150w, https:\/\/i0.wp.com\/labourdenne.fr\/wp-content\/uploads\/2018\/01\/16.12.17-46.jpg?zoom=2&amp;resize=150%2C150&amp;ssl=1 300w, https:\/\/i0.wp.com\/labourdenne.fr\/wp-content\/uploads\/2018\/01\/16.12.17-46.jpg?zoom=3&amp;resize=150%2C150&amp;ssl=1 450w\" sizes=\"auto, (max-width: 150px) 100vw, 150px\" data-attachment-id=\"1541\" data-permalink=\"https:\/\/labourdenne.fr\/index.php\/2017\/12\/16\/repas-de-noel-du-16-decembre-2017\/16-12-17-46\/\" data-orig-file=\"https:\/\/i0.wp.com\/labourdenne.fr\/wp-content\/uploads\/2018\/01\/16.12.17-46.jpg?fit=2048%2C1536&amp;ssl=1\" data-orig-size=\"2048,1536\" data-comments-opened=\"1\" data-image-meta=\"{&quot;aperture&quot;:&quot;3.5&quot;,&quot;credit&quot;:&quot;&quot;,&quot;camera&quot;:&quot;DSC-HX60&quot;,&quot;caption&quot;:&quot;&quot;,&quot;created_timestamp&quot;:&quot;1513458335&quot;,&quot;copyright&quot;:&quot;&quot;,&quot;focal_length&quot;:&quot;4.3&quot;,&quot;iso&quot;:&quot;320&quot;,&quot;shutter_speed&quot;:&quot;0.033333333333333&quot;,&quot;title&quot;:&quot;&quot;,&quot;orientation&quot;:&quot;1&quot;}\" data-image-title=\"16.12.17 (46)\" data-image-description=\"\" data-image-caption=\"\" data-large-file=\"https:\/\/i0.wp.com\/labourdenne.fr\/wp-content\/uploads\/2018\/01\/16.12.17-46.jpg?fit=646%2C485&amp;ssl=1\" \/><\/a>\n\t\t\t<\/dt><\/dl><br style=\"clear: both\" \/><dl class='gallery-item'>\n\t\t\t<dt class='gallery-icon landscape'>\n\t\t\t\t<a href='https:\/\/labourdenne.fr\/index.php\/2017\/12\/16\/repas-de-noel-du-16-decembre-2017\/16-12-17-47\/'><img loading=\"lazy\" decoding=\"async\" width=\"150\" height=\"150\" src=\"https:\/\/i0.wp.com\/labourdenne.fr\/wp-content\/uploads\/2018\/01\/16.12.17-47.jpg?resize=150%2C150&amp;ssl=1\" class=\"attachment-thumbnail size-thumbnail\" alt=\"\" srcset=\"https:\/\/i0.wp.com\/labourdenne.fr\/wp-content\/uploads\/2018\/01\/16.12.17-47.jpg?resize=150%2C150&amp;ssl=1 150w, https:\/\/i0.wp.com\/labourdenne.fr\/wp-content\/uploads\/2018\/01\/16.12.17-47.jpg?zoom=2&amp;resize=150%2C150&amp;ssl=1 300w, https:\/\/i0.wp.com\/labourdenne.fr\/wp-content\/uploads\/2018\/01\/16.12.17-47.jpg?zoom=3&amp;resize=150%2C150&amp;ssl=1 450w\" sizes=\"auto, (max-width: 150px) 100vw, 150px\" data-attachment-id=\"1542\" data-permalink=\"https:\/\/labourdenne.fr\/index.php\/2017\/12\/16\/repas-de-noel-du-16-decembre-2017\/16-12-17-47\/\" data-orig-file=\"https:\/\/i0.wp.com\/labourdenne.fr\/wp-content\/uploads\/2018\/01\/16.12.17-47.jpg?fit=2048%2C1536&amp;ssl=1\" data-orig-size=\"2048,1536\" data-comments-opened=\"1\" data-image-meta=\"{&quot;aperture&quot;:&quot;3.5&quot;,&quot;credit&quot;:&quot;&quot;,&quot;camera&quot;:&quot;DSC-HX60&quot;,&quot;caption&quot;:&quot;&quot;,&quot;created_timestamp&quot;:&quot;1513458338&quot;,&quot;copyright&quot;:&quot;&quot;,&quot;focal_length&quot;:&quot;4.3&quot;,&quot;iso&quot;:&quot;800&quot;,&quot;shutter_speed&quot;:&quot;0.033333333333333&quot;,&quot;title&quot;:&quot;&quot;,&quot;orientation&quot;:&quot;1&quot;}\" data-image-title=\"16.12.17 (47)\" data-image-description=\"\" data-image-caption=\"\" data-large-file=\"https:\/\/i0.wp.com\/labourdenne.fr\/wp-content\/uploads\/2018\/01\/16.12.17-47.jpg?fit=646%2C485&amp;ssl=1\" \/><\/a>\n\t\t\t<\/dt><\/dl><dl class='gallery-item'>\n\t\t\t<dt class='gallery-icon portrait'>\n\t\t\t\t<a href='https:\/\/labourdenne.fr\/index.php\/2017\/12\/16\/repas-de-noel-du-16-decembre-2017\/16-12-17-48\/'><img loading=\"lazy\" decoding=\"async\" width=\"150\" height=\"150\" src=\"https:\/\/i0.wp.com\/labourdenne.fr\/wp-content\/uploads\/2018\/01\/16.12.17-48.jpg?resize=150%2C150&amp;ssl=1\" class=\"attachment-thumbnail size-thumbnail\" alt=\"\" srcset=\"https:\/\/i0.wp.com\/labourdenne.fr\/wp-content\/uploads\/2018\/01\/16.12.17-48.jpg?resize=150%2C150&amp;ssl=1 150w, https:\/\/i0.wp.com\/labourdenne.fr\/wp-content\/uploads\/2018\/01\/16.12.17-48.jpg?zoom=2&amp;resize=150%2C150&amp;ssl=1 300w, https:\/\/i0.wp.com\/labourdenne.fr\/wp-content\/uploads\/2018\/01\/16.12.17-48.jpg?zoom=3&amp;resize=150%2C150&amp;ssl=1 450w\" sizes=\"auto, (max-width: 150px) 100vw, 150px\" data-attachment-id=\"1543\" data-permalink=\"https:\/\/labourdenne.fr\/index.php\/2017\/12\/16\/repas-de-noel-du-16-decembre-2017\/16-12-17-48\/\" data-orig-file=\"https:\/\/i0.wp.com\/labourdenne.fr\/wp-content\/uploads\/2018\/01\/16.12.17-48.jpg?fit=1536%2C2048&amp;ssl=1\" data-orig-size=\"1536,2048\" data-comments-opened=\"1\" data-image-meta=\"{&quot;aperture&quot;:&quot;3.5&quot;,&quot;credit&quot;:&quot;&quot;,&quot;camera&quot;:&quot;DSC-HX60&quot;,&quot;caption&quot;:&quot;&quot;,&quot;created_timestamp&quot;:&quot;1513458338&quot;,&quot;copyright&quot;:&quot;&quot;,&quot;focal_length&quot;:&quot;4.3&quot;,&quot;iso&quot;:&quot;800&quot;,&quot;shutter_speed&quot;:&quot;0.033333333333333&quot;,&quot;title&quot;:&quot;&quot;,&quot;orientation&quot;:&quot;1&quot;}\" data-image-title=\"16.12.17 (48)\" data-image-description=\"\" data-image-caption=\"\" data-large-file=\"https:\/\/i0.wp.com\/labourdenne.fr\/wp-content\/uploads\/2018\/01\/16.12.17-48.jpg?fit=646%2C861&amp;ssl=1\" \/><\/a>\n\t\t\t<\/dt><\/dl><dl class='gallery-item'>\n\t\t\t<dt class='gallery-icon landscape'>\n\t\t\t\t<a href='https:\/\/labourdenne.fr\/index.php\/2017\/12\/16\/repas-de-noel-du-16-decembre-2017\/16-12-17-49\/'><img loading=\"lazy\" decoding=\"async\" width=\"150\" height=\"150\" src=\"https:\/\/i0.wp.com\/labourdenne.fr\/wp-content\/uploads\/2018\/01\/16.12.17-49.jpg?resize=150%2C150&amp;ssl=1\" class=\"attachment-thumbnail size-thumbnail\" alt=\"\" srcset=\"https:\/\/i0.wp.com\/labourdenne.fr\/wp-content\/uploads\/2018\/01\/16.12.17-49.jpg?resize=150%2C150&amp;ssl=1 150w, https:\/\/i0.wp.com\/labourdenne.fr\/wp-content\/uploads\/2018\/01\/16.12.17-49.jpg?zoom=2&amp;resize=150%2C150&amp;ssl=1 300w, https:\/\/i0.wp.com\/labourdenne.fr\/wp-content\/uploads\/2018\/01\/16.12.17-49.jpg?zoom=3&amp;resize=150%2C150&amp;ssl=1 450w\" sizes=\"auto, (max-width: 150px) 100vw, 150px\" data-attachment-id=\"1544\" data-permalink=\"https:\/\/labourdenne.fr\/index.php\/2017\/12\/16\/repas-de-noel-du-16-decembre-2017\/16-12-17-49\/\" data-orig-file=\"https:\/\/i0.wp.com\/labourdenne.fr\/wp-content\/uploads\/2018\/01\/16.12.17-49.jpg?fit=2048%2C1536&amp;ssl=1\" data-orig-size=\"2048,1536\" data-comments-opened=\"1\" data-image-meta=\"{&quot;aperture&quot;:&quot;3.3&quot;,&quot;credit&quot;:&quot;&quot;,&quot;camera&quot;:&quot;DSC-WX220&quot;,&quot;caption&quot;:&quot;&quot;,&quot;created_timestamp&quot;:&quot;1513458501&quot;,&quot;copyright&quot;:&quot;&quot;,&quot;focal_length&quot;:&quot;4.45&quot;,&quot;iso&quot;:&quot;125&quot;,&quot;shutter_speed&quot;:&quot;0.033333333333333&quot;,&quot;title&quot;:&quot;&quot;,&quot;orientation&quot;:&quot;1&quot;}\" data-image-title=\"16.12.17 (49)\" data-image-description=\"\" data-image-caption=\"\" data-large-file=\"https:\/\/i0.wp.com\/labourdenne.fr\/wp-content\/uploads\/2018\/01\/16.12.17-49.jpg?fit=646%2C485&amp;ssl=1\" \/><\/a>\n\t\t\t<\/dt><\/dl><br style=\"clear: both\" \/><dl class='gallery-item'>\n\t\t\t<dt class='gallery-icon landscape'>\n\t\t\t\t<a href='https:\/\/labourdenne.fr\/index.php\/2017\/12\/16\/repas-de-noel-du-16-decembre-2017\/16-12-17-50\/'><img loading=\"lazy\" decoding=\"async\" width=\"150\" height=\"150\" src=\"https:\/\/i0.wp.com\/labourdenne.fr\/wp-content\/uploads\/2018\/01\/16.12.17-50.jpg?resize=150%2C150&amp;ssl=1\" class=\"attachment-thumbnail size-thumbnail\" alt=\"\" srcset=\"https:\/\/i0.wp.com\/labourdenne.fr\/wp-content\/uploads\/2018\/01\/16.12.17-50.jpg?resize=150%2C150&amp;ssl=1 150w, https:\/\/i0.wp.com\/labourdenne.fr\/wp-content\/uploads\/2018\/01\/16.12.17-50.jpg?zoom=2&amp;resize=150%2C150&amp;ssl=1 300w, https:\/\/i0.wp.com\/labourdenne.fr\/wp-content\/uploads\/2018\/01\/16.12.17-50.jpg?zoom=3&amp;resize=150%2C150&amp;ssl=1 450w\" sizes=\"auto, (max-width: 150px) 100vw, 150px\" data-attachment-id=\"1545\" data-permalink=\"https:\/\/labourdenne.fr\/index.php\/2017\/12\/16\/repas-de-noel-du-16-decembre-2017\/16-12-17-50\/\" data-orig-file=\"https:\/\/i0.wp.com\/labourdenne.fr\/wp-content\/uploads\/2018\/01\/16.12.17-50.jpg?fit=2048%2C1536&amp;ssl=1\" data-orig-size=\"2048,1536\" data-comments-opened=\"1\" data-image-meta=\"{&quot;aperture&quot;:&quot;3.3&quot;,&quot;credit&quot;:&quot;&quot;,&quot;camera&quot;:&quot;DSC-WX220&quot;,&quot;caption&quot;:&quot;&quot;,&quot;created_timestamp&quot;:&quot;1513458522&quot;,&quot;copyright&quot;:&quot;&quot;,&quot;focal_length&quot;:&quot;4.45&quot;,&quot;iso&quot;:&quot;640&quot;,&quot;shutter_speed&quot;:&quot;0.033333333333333&quot;,&quot;title&quot;:&quot;&quot;,&quot;orientation&quot;:&quot;1&quot;}\" data-image-title=\"16.12.17 (50)\" data-image-description=\"\" data-image-caption=\"\" data-large-file=\"https:\/\/i0.wp.com\/labourdenne.fr\/wp-content\/uploads\/2018\/01\/16.12.17-50.jpg?fit=646%2C485&amp;ssl=1\" \/><\/a>\n\t\t\t<\/dt><\/dl><dl class='gallery-item'>\n\t\t\t<dt class='gallery-icon landscape'>\n\t\t\t\t<a href='https:\/\/labourdenne.fr\/index.php\/2017\/12\/16\/repas-de-noel-du-16-decembre-2017\/16-12-17-51\/'><img loading=\"lazy\" decoding=\"async\" width=\"150\" height=\"150\" src=\"https:\/\/i0.wp.com\/labourdenne.fr\/wp-content\/uploads\/2018\/01\/16.12.17-51.jpg?resize=150%2C150&amp;ssl=1\" class=\"attachment-thumbnail size-thumbnail\" alt=\"\" srcset=\"https:\/\/i0.wp.com\/labourdenne.fr\/wp-content\/uploads\/2018\/01\/16.12.17-51.jpg?resize=150%2C150&amp;ssl=1 150w, https:\/\/i0.wp.com\/labourdenne.fr\/wp-content\/uploads\/2018\/01\/16.12.17-51.jpg?zoom=2&amp;resize=150%2C150&amp;ssl=1 300w, https:\/\/i0.wp.com\/labourdenne.fr\/wp-content\/uploads\/2018\/01\/16.12.17-51.jpg?zoom=3&amp;resize=150%2C150&amp;ssl=1 450w\" sizes=\"auto, (max-width: 150px) 100vw, 150px\" data-attachment-id=\"1546\" data-permalink=\"https:\/\/labourdenne.fr\/index.php\/2017\/12\/16\/repas-de-noel-du-16-decembre-2017\/16-12-17-51\/\" data-orig-file=\"https:\/\/i0.wp.com\/labourdenne.fr\/wp-content\/uploads\/2018\/01\/16.12.17-51.jpg?fit=2048%2C1536&amp;ssl=1\" data-orig-size=\"2048,1536\" data-comments-opened=\"1\" data-image-meta=\"{&quot;aperture&quot;:&quot;3.3&quot;,&quot;credit&quot;:&quot;&quot;,&quot;camera&quot;:&quot;DSC-WX220&quot;,&quot;caption&quot;:&quot;&quot;,&quot;created_timestamp&quot;:&quot;1513458535&quot;,&quot;copyright&quot;:&quot;&quot;,&quot;focal_length&quot;:&quot;4.45&quot;,&quot;iso&quot;:&quot;1000&quot;,&quot;shutter_speed&quot;:&quot;0.016666666666667&quot;,&quot;title&quot;:&quot;&quot;,&quot;orientation&quot;:&quot;1&quot;}\" data-image-title=\"16.12.17 (51)\" data-image-description=\"\" data-image-caption=\"\" data-large-file=\"https:\/\/i0.wp.com\/labourdenne.fr\/wp-content\/uploads\/2018\/01\/16.12.17-51.jpg?fit=646%2C485&amp;ssl=1\" \/><\/a>\n\t\t\t<\/dt><\/dl><dl class='gallery-item'>\n\t\t\t<dt class='gallery-icon landscape'>\n\t\t\t\t<a href='https:\/\/labourdenne.fr\/index.php\/2017\/12\/16\/repas-de-noel-du-16-decembre-2017\/16-12-17-52\/'><img loading=\"lazy\" decoding=\"async\" width=\"150\" height=\"150\" src=\"https:\/\/i0.wp.com\/labourdenne.fr\/wp-content\/uploads\/2018\/01\/16.12.17-52.jpg?resize=150%2C150&amp;ssl=1\" class=\"attachment-thumbnail size-thumbnail\" alt=\"\" srcset=\"https:\/\/i0.wp.com\/labourdenne.fr\/wp-content\/uploads\/2018\/01\/16.12.17-52.jpg?resize=150%2C150&amp;ssl=1 150w, https:\/\/i0.wp.com\/labourdenne.fr\/wp-content\/uploads\/2018\/01\/16.12.17-52.jpg?zoom=2&amp;resize=150%2C150&amp;ssl=1 300w, https:\/\/i0.wp.com\/labourdenne.fr\/wp-content\/uploads\/2018\/01\/16.12.17-52.jpg?zoom=3&amp;resize=150%2C150&amp;ssl=1 450w\" sizes=\"auto, (max-width: 150px) 100vw, 150px\" data-attachment-id=\"1547\" data-permalink=\"https:\/\/labourdenne.fr\/index.php\/2017\/12\/16\/repas-de-noel-du-16-decembre-2017\/16-12-17-52\/\" data-orig-file=\"https:\/\/i0.wp.com\/labourdenne.fr\/wp-content\/uploads\/2018\/01\/16.12.17-52.jpg?fit=2048%2C1536&amp;ssl=1\" data-orig-size=\"2048,1536\" data-comments-opened=\"1\" data-image-meta=\"{&quot;aperture&quot;:&quot;3.3&quot;,&quot;credit&quot;:&quot;&quot;,&quot;camera&quot;:&quot;DSC-WX220&quot;,&quot;caption&quot;:&quot;&quot;,&quot;created_timestamp&quot;:&quot;1513458540&quot;,&quot;copyright&quot;:&quot;&quot;,&quot;focal_length&quot;:&quot;4.45&quot;,&quot;iso&quot;:&quot;640&quot;,&quot;shutter_speed&quot;:&quot;0.033333333333333&quot;,&quot;title&quot;:&quot;&quot;,&quot;orientation&quot;:&quot;1&quot;}\" data-image-title=\"16.12.17 (52)\" data-image-description=\"\" data-image-caption=\"\" data-large-file=\"https:\/\/i0.wp.com\/labourdenne.fr\/wp-content\/uploads\/2018\/01\/16.12.17-52.jpg?fit=646%2C485&amp;ssl=1\" \/><\/a>\n\t\t\t<\/dt><\/dl><br style=\"clear: both\" \/><dl class='gallery-item'>\n\t\t\t<dt class='gallery-icon landscape'>\n\t\t\t\t<a href='https:\/\/labourdenne.fr\/index.php\/2017\/12\/16\/repas-de-noel-du-16-decembre-2017\/16-12-17-53\/'><img loading=\"lazy\" decoding=\"async\" width=\"150\" height=\"150\" src=\"https:\/\/i0.wp.com\/labourdenne.fr\/wp-content\/uploads\/2018\/01\/16.12.17-53.jpg?resize=150%2C150&amp;ssl=1\" class=\"attachment-thumbnail size-thumbnail\" alt=\"\" srcset=\"https:\/\/i0.wp.com\/labourdenne.fr\/wp-content\/uploads\/2018\/01\/16.12.17-53.jpg?resize=150%2C150&amp;ssl=1 150w, https:\/\/i0.wp.com\/labourdenne.fr\/wp-content\/uploads\/2018\/01\/16.12.17-53.jpg?zoom=2&amp;resize=150%2C150&amp;ssl=1 300w, https:\/\/i0.wp.com\/labourdenne.fr\/wp-content\/uploads\/2018\/01\/16.12.17-53.jpg?zoom=3&amp;resize=150%2C150&amp;ssl=1 450w\" sizes=\"auto, (max-width: 150px) 100vw, 150px\" data-attachment-id=\"1548\" data-permalink=\"https:\/\/labourdenne.fr\/index.php\/2017\/12\/16\/repas-de-noel-du-16-decembre-2017\/16-12-17-53\/\" data-orig-file=\"https:\/\/i0.wp.com\/labourdenne.fr\/wp-content\/uploads\/2018\/01\/16.12.17-53.jpg?fit=2048%2C1536&amp;ssl=1\" data-orig-size=\"2048,1536\" data-comments-opened=\"1\" data-image-meta=\"{&quot;aperture&quot;:&quot;5&quot;,&quot;credit&quot;:&quot;&quot;,&quot;camera&quot;:&quot;DSC-WX220&quot;,&quot;caption&quot;:&quot;&quot;,&quot;created_timestamp&quot;:&quot;1513458553&quot;,&quot;copyright&quot;:&quot;&quot;,&quot;focal_length&quot;:&quot;12.14&quot;,&quot;iso&quot;:&quot;2500&quot;,&quot;shutter_speed&quot;:&quot;0.016666666666667&quot;,&quot;title&quot;:&quot;&quot;,&quot;orientation&quot;:&quot;1&quot;}\" data-image-title=\"16.12.17 (53)\" data-image-description=\"\" data-image-caption=\"\" data-large-file=\"https:\/\/i0.wp.com\/labourdenne.fr\/wp-content\/uploads\/2018\/01\/16.12.17-53.jpg?fit=646%2C485&amp;ssl=1\" \/><\/a>\n\t\t\t<\/dt><\/dl><dl class='gallery-item'>\n\t\t\t<dt class='gallery-icon landscape'>\n\t\t\t\t<a href='https:\/\/labourdenne.fr\/index.php\/2017\/12\/16\/repas-de-noel-du-16-decembre-2017\/16-12-17-54\/'><img loading=\"lazy\" decoding=\"async\" width=\"150\" height=\"150\" src=\"https:\/\/i0.wp.com\/labourdenne.fr\/wp-content\/uploads\/2018\/01\/16.12.17-54.jpg?resize=150%2C150&amp;ssl=1\" class=\"attachment-thumbnail size-thumbnail\" alt=\"\" srcset=\"https:\/\/i0.wp.com\/labourdenne.fr\/wp-content\/uploads\/2018\/01\/16.12.17-54.jpg?resize=150%2C150&amp;ssl=1 150w, https:\/\/i0.wp.com\/labourdenne.fr\/wp-content\/uploads\/2018\/01\/16.12.17-54.jpg?zoom=2&amp;resize=150%2C150&amp;ssl=1 300w, https:\/\/i0.wp.com\/labourdenne.fr\/wp-content\/uploads\/2018\/01\/16.12.17-54.jpg?zoom=3&amp;resize=150%2C150&amp;ssl=1 450w\" sizes=\"auto, (max-width: 150px) 100vw, 150px\" data-attachment-id=\"1549\" data-permalink=\"https:\/\/labourdenne.fr\/index.php\/2017\/12\/16\/repas-de-noel-du-16-decembre-2017\/16-12-17-54\/\" data-orig-file=\"https:\/\/i0.wp.com\/labourdenne.fr\/wp-content\/uploads\/2018\/01\/16.12.17-54.jpg?fit=2048%2C1536&amp;ssl=1\" data-orig-size=\"2048,1536\" data-comments-opened=\"1\" data-image-meta=\"{&quot;aperture&quot;:&quot;3.3&quot;,&quot;credit&quot;:&quot;&quot;,&quot;camera&quot;:&quot;DSC-WX220&quot;,&quot;caption&quot;:&quot;&quot;,&quot;created_timestamp&quot;:&quot;1513458579&quot;,&quot;copyright&quot;:&quot;&quot;,&quot;focal_length&quot;:&quot;4.45&quot;,&quot;iso&quot;:&quot;500&quot;,&quot;shutter_speed&quot;:&quot;0.033333333333333&quot;,&quot;title&quot;:&quot;&quot;,&quot;orientation&quot;:&quot;1&quot;}\" data-image-title=\"16.12.17 (54)\" data-image-description=\"\" data-image-caption=\"\" data-large-file=\"https:\/\/i0.wp.com\/labourdenne.fr\/wp-content\/uploads\/2018\/01\/16.12.17-54.jpg?fit=646%2C485&amp;ssl=1\" \/><\/a>\n\t\t\t<\/dt><\/dl><dl class='gallery-item'>\n\t\t\t<dt class='gallery-icon landscape'>\n\t\t\t\t<a href='https:\/\/labourdenne.fr\/index.php\/2017\/12\/16\/repas-de-noel-du-16-decembre-2017\/16-12-17-55\/'><img loading=\"lazy\" decoding=\"async\" width=\"150\" height=\"150\" src=\"https:\/\/i0.wp.com\/labourdenne.fr\/wp-content\/uploads\/2018\/01\/16.12.17-55.jpg?resize=150%2C150&amp;ssl=1\" class=\"attachment-thumbnail size-thumbnail\" alt=\"\" srcset=\"https:\/\/i0.wp.com\/labourdenne.fr\/wp-content\/uploads\/2018\/01\/16.12.17-55.jpg?resize=150%2C150&amp;ssl=1 150w, https:\/\/i0.wp.com\/labourdenne.fr\/wp-content\/uploads\/2018\/01\/16.12.17-55.jpg?zoom=2&amp;resize=150%2C150&amp;ssl=1 300w, https:\/\/i0.wp.com\/labourdenne.fr\/wp-content\/uploads\/2018\/01\/16.12.17-55.jpg?zoom=3&amp;resize=150%2C150&amp;ssl=1 450w\" sizes=\"auto, (max-width: 150px) 100vw, 150px\" data-attachment-id=\"1550\" data-permalink=\"https:\/\/labourdenne.fr\/index.php\/2017\/12\/16\/repas-de-noel-du-16-decembre-2017\/16-12-17-55\/\" data-orig-file=\"https:\/\/i0.wp.com\/labourdenne.fr\/wp-content\/uploads\/2018\/01\/16.12.17-55.jpg?fit=2048%2C1536&amp;ssl=1\" data-orig-size=\"2048,1536\" data-comments-opened=\"1\" data-image-meta=\"{&quot;aperture&quot;:&quot;3.3&quot;,&quot;credit&quot;:&quot;&quot;,&quot;camera&quot;:&quot;DSC-WX220&quot;,&quot;caption&quot;:&quot;&quot;,&quot;created_timestamp&quot;:&quot;1513459570&quot;,&quot;copyright&quot;:&quot;&quot;,&quot;focal_length&quot;:&quot;4.45&quot;,&quot;iso&quot;:&quot;400&quot;,&quot;shutter_speed&quot;:&quot;0.033333333333333&quot;,&quot;title&quot;:&quot;&quot;,&quot;orientation&quot;:&quot;1&quot;}\" data-image-title=\"16.12.17 (55)\" data-image-description=\"\" data-image-caption=\"\" data-large-file=\"https:\/\/i0.wp.com\/labourdenne.fr\/wp-content\/uploads\/2018\/01\/16.12.17-55.jpg?fit=646%2C485&amp;ssl=1\" \/><\/a>\n\t\t\t<\/dt><\/dl><br style=\"clear: both\" \/><dl class='gallery-item'>\n\t\t\t<dt class='gallery-icon landscape'>\n\t\t\t\t<a href='https:\/\/labourdenne.fr\/index.php\/2017\/12\/16\/repas-de-noel-du-16-decembre-2017\/16-12-17-56\/'><img loading=\"lazy\" decoding=\"async\" width=\"150\" height=\"150\" src=\"https:\/\/i0.wp.com\/labourdenne.fr\/wp-content\/uploads\/2018\/01\/16.12.17-56.jpg?resize=150%2C150&amp;ssl=1\" class=\"attachment-thumbnail size-thumbnail\" alt=\"\" srcset=\"https:\/\/i0.wp.com\/labourdenne.fr\/wp-content\/uploads\/2018\/01\/16.12.17-56.jpg?resize=150%2C150&amp;ssl=1 150w, https:\/\/i0.wp.com\/labourdenne.fr\/wp-content\/uploads\/2018\/01\/16.12.17-56.jpg?zoom=2&amp;resize=150%2C150&amp;ssl=1 300w, https:\/\/i0.wp.com\/labourdenne.fr\/wp-content\/uploads\/2018\/01\/16.12.17-56.jpg?zoom=3&amp;resize=150%2C150&amp;ssl=1 450w\" sizes=\"auto, (max-width: 150px) 100vw, 150px\" data-attachment-id=\"1551\" data-permalink=\"https:\/\/labourdenne.fr\/index.php\/2017\/12\/16\/repas-de-noel-du-16-decembre-2017\/16-12-17-56\/\" data-orig-file=\"https:\/\/i0.wp.com\/labourdenne.fr\/wp-content\/uploads\/2018\/01\/16.12.17-56.jpg?fit=2048%2C1536&amp;ssl=1\" data-orig-size=\"2048,1536\" data-comments-opened=\"1\" data-image-meta=\"{&quot;aperture&quot;:&quot;3.3&quot;,&quot;credit&quot;:&quot;&quot;,&quot;camera&quot;:&quot;DSC-WX220&quot;,&quot;caption&quot;:&quot;&quot;,&quot;created_timestamp&quot;:&quot;1513459585&quot;,&quot;copyright&quot;:&quot;&quot;,&quot;focal_length&quot;:&quot;4.45&quot;,&quot;iso&quot;:&quot;400&quot;,&quot;shutter_speed&quot;:&quot;0.033333333333333&quot;,&quot;title&quot;:&quot;&quot;,&quot;orientation&quot;:&quot;1&quot;}\" data-image-title=\"16.12.17 (56)\" data-image-description=\"\" data-image-caption=\"\" data-large-file=\"https:\/\/i0.wp.com\/labourdenne.fr\/wp-content\/uploads\/2018\/01\/16.12.17-56.jpg?fit=646%2C485&amp;ssl=1\" \/><\/a>\n\t\t\t<\/dt><\/dl><dl class='gallery-item'>\n\t\t\t<dt class='gallery-icon landscape'>\n\t\t\t\t<a href='https:\/\/labourdenne.fr\/index.php\/2017\/12\/16\/repas-de-noel-du-16-decembre-2017\/16-12-17-57\/'><img loading=\"lazy\" decoding=\"async\" width=\"150\" height=\"150\" src=\"https:\/\/i0.wp.com\/labourdenne.fr\/wp-content\/uploads\/2018\/01\/16.12.17-57.jpg?resize=150%2C150&amp;ssl=1\" class=\"attachment-thumbnail size-thumbnail\" alt=\"\" srcset=\"https:\/\/i0.wp.com\/labourdenne.fr\/wp-content\/uploads\/2018\/01\/16.12.17-57.jpg?resize=150%2C150&amp;ssl=1 150w, https:\/\/i0.wp.com\/labourdenne.fr\/wp-content\/uploads\/2018\/01\/16.12.17-57.jpg?zoom=2&amp;resize=150%2C150&amp;ssl=1 300w, https:\/\/i0.wp.com\/labourdenne.fr\/wp-content\/uploads\/2018\/01\/16.12.17-57.jpg?zoom=3&amp;resize=150%2C150&amp;ssl=1 450w\" sizes=\"auto, (max-width: 150px) 100vw, 150px\" data-attachment-id=\"1552\" data-permalink=\"https:\/\/labourdenne.fr\/index.php\/2017\/12\/16\/repas-de-noel-du-16-decembre-2017\/16-12-17-57\/\" data-orig-file=\"https:\/\/i0.wp.com\/labourdenne.fr\/wp-content\/uploads\/2018\/01\/16.12.17-57.jpg?fit=2048%2C1536&amp;ssl=1\" data-orig-size=\"2048,1536\" data-comments-opened=\"1\" data-image-meta=\"{&quot;aperture&quot;:&quot;3.3&quot;,&quot;credit&quot;:&quot;&quot;,&quot;camera&quot;:&quot;DSC-WX220&quot;,&quot;caption&quot;:&quot;&quot;,&quot;created_timestamp&quot;:&quot;1513459594&quot;,&quot;copyright&quot;:&quot;&quot;,&quot;focal_length&quot;:&quot;4.45&quot;,&quot;iso&quot;:&quot;1600&quot;,&quot;shutter_speed&quot;:&quot;0.016666666666667&quot;,&quot;title&quot;:&quot;&quot;,&quot;orientation&quot;:&quot;1&quot;}\" data-image-title=\"16.12.17 (57)\" data-image-description=\"\" data-image-caption=\"\" data-large-file=\"https:\/\/i0.wp.com\/labourdenne.fr\/wp-content\/uploads\/2018\/01\/16.12.17-57.jpg?fit=646%2C485&amp;ssl=1\" \/><\/a>\n\t\t\t<\/dt><\/dl><dl class='gallery-item'>\n\t\t\t<dt class='gallery-icon landscape'>\n\t\t\t\t<a href='https:\/\/labourdenne.fr\/index.php\/2017\/12\/16\/repas-de-noel-du-16-decembre-2017\/16-12-17-58\/'><img loading=\"lazy\" decoding=\"async\" width=\"150\" height=\"150\" src=\"https:\/\/i0.wp.com\/labourdenne.fr\/wp-content\/uploads\/2018\/01\/16.12.17-58.jpg?resize=150%2C150&amp;ssl=1\" class=\"attachment-thumbnail size-thumbnail\" alt=\"\" srcset=\"https:\/\/i0.wp.com\/labourdenne.fr\/wp-content\/uploads\/2018\/01\/16.12.17-58.jpg?resize=150%2C150&amp;ssl=1 150w, https:\/\/i0.wp.com\/labourdenne.fr\/wp-content\/uploads\/2018\/01\/16.12.17-58.jpg?zoom=2&amp;resize=150%2C150&amp;ssl=1 300w, https:\/\/i0.wp.com\/labourdenne.fr\/wp-content\/uploads\/2018\/01\/16.12.17-58.jpg?zoom=3&amp;resize=150%2C150&amp;ssl=1 450w\" sizes=\"auto, (max-width: 150px) 100vw, 150px\" data-attachment-id=\"1553\" data-permalink=\"https:\/\/labourdenne.fr\/index.php\/2017\/12\/16\/repas-de-noel-du-16-decembre-2017\/16-12-17-58\/\" data-orig-file=\"https:\/\/i0.wp.com\/labourdenne.fr\/wp-content\/uploads\/2018\/01\/16.12.17-58.jpg?fit=2048%2C1536&amp;ssl=1\" data-orig-size=\"2048,1536\" data-comments-opened=\"1\" data-image-meta=\"{&quot;aperture&quot;:&quot;3.3&quot;,&quot;credit&quot;:&quot;&quot;,&quot;camera&quot;:&quot;DSC-WX220&quot;,&quot;caption&quot;:&quot;&quot;,&quot;created_timestamp&quot;:&quot;1513459603&quot;,&quot;copyright&quot;:&quot;&quot;,&quot;focal_length&quot;:&quot;4.45&quot;,&quot;iso&quot;:&quot;250&quot;,&quot;shutter_speed&quot;:&quot;0.033333333333333&quot;,&quot;title&quot;:&quot;&quot;,&quot;orientation&quot;:&quot;1&quot;}\" data-image-title=\"16.12.17 (58)\" data-image-description=\"\" data-image-caption=\"\" data-large-file=\"https:\/\/i0.wp.com\/labourdenne.fr\/wp-content\/uploads\/2018\/01\/16.12.17-58.jpg?fit=646%2C485&amp;ssl=1\" \/><\/a>\n\t\t\t<\/dt><\/dl><br style=\"clear: both\" \/><dl class='gallery-item'>\n\t\t\t<dt class='gallery-icon landscape'>\n\t\t\t\t<a href='https:\/\/labourdenne.fr\/index.php\/2017\/12\/16\/repas-de-noel-du-16-decembre-2017\/16-12-17-59\/'><img loading=\"lazy\" decoding=\"async\" width=\"150\" height=\"150\" src=\"https:\/\/i0.wp.com\/labourdenne.fr\/wp-content\/uploads\/2018\/01\/16.12.17-59.jpg?resize=150%2C150&amp;ssl=1\" class=\"attachment-thumbnail size-thumbnail\" alt=\"\" srcset=\"https:\/\/i0.wp.com\/labourdenne.fr\/wp-content\/uploads\/2018\/01\/16.12.17-59.jpg?resize=150%2C150&amp;ssl=1 150w, https:\/\/i0.wp.com\/labourdenne.fr\/wp-content\/uploads\/2018\/01\/16.12.17-59.jpg?zoom=2&amp;resize=150%2C150&amp;ssl=1 300w, https:\/\/i0.wp.com\/labourdenne.fr\/wp-content\/uploads\/2018\/01\/16.12.17-59.jpg?zoom=3&amp;resize=150%2C150&amp;ssl=1 450w\" sizes=\"auto, (max-width: 150px) 100vw, 150px\" data-attachment-id=\"1554\" data-permalink=\"https:\/\/labourdenne.fr\/index.php\/2017\/12\/16\/repas-de-noel-du-16-decembre-2017\/16-12-17-59\/\" data-orig-file=\"https:\/\/i0.wp.com\/labourdenne.fr\/wp-content\/uploads\/2018\/01\/16.12.17-59.jpg?fit=2048%2C1536&amp;ssl=1\" data-orig-size=\"2048,1536\" data-comments-opened=\"1\" data-image-meta=\"{&quot;aperture&quot;:&quot;5.6&quot;,&quot;credit&quot;:&quot;&quot;,&quot;camera&quot;:&quot;DSC-WX220&quot;,&quot;caption&quot;:&quot;&quot;,&quot;created_timestamp&quot;:&quot;1513459638&quot;,&quot;copyright&quot;:&quot;&quot;,&quot;focal_length&quot;:&quot;28.59&quot;,&quot;iso&quot;:&quot;3200&quot;,&quot;shutter_speed&quot;:&quot;0.025&quot;,&quot;title&quot;:&quot;&quot;,&quot;orientation&quot;:&quot;1&quot;}\" data-image-title=\"16.12.17 (59)\" data-image-description=\"\" data-image-caption=\"\" data-large-file=\"https:\/\/i0.wp.com\/labourdenne.fr\/wp-content\/uploads\/2018\/01\/16.12.17-59.jpg?fit=646%2C485&amp;ssl=1\" \/><\/a>\n\t\t\t<\/dt><\/dl><dl class='gallery-item'>\n\t\t\t<dt class='gallery-icon landscape'>\n\t\t\t\t<a href='https:\/\/labourdenne.fr\/index.php\/2017\/12\/16\/repas-de-noel-du-16-decembre-2017\/16-12-17-60\/'><img loading=\"lazy\" decoding=\"async\" width=\"150\" height=\"150\" src=\"https:\/\/i0.wp.com\/labourdenne.fr\/wp-content\/uploads\/2018\/01\/16.12.17-60.jpg?resize=150%2C150&amp;ssl=1\" class=\"attachment-thumbnail size-thumbnail\" alt=\"\" srcset=\"https:\/\/i0.wp.com\/labourdenne.fr\/wp-content\/uploads\/2018\/01\/16.12.17-60.jpg?resize=150%2C150&amp;ssl=1 150w, https:\/\/i0.wp.com\/labourdenne.fr\/wp-content\/uploads\/2018\/01\/16.12.17-60.jpg?zoom=2&amp;resize=150%2C150&amp;ssl=1 300w, https:\/\/i0.wp.com\/labourdenne.fr\/wp-content\/uploads\/2018\/01\/16.12.17-60.jpg?zoom=3&amp;resize=150%2C150&amp;ssl=1 450w\" sizes=\"auto, (max-width: 150px) 100vw, 150px\" data-attachment-id=\"1555\" data-permalink=\"https:\/\/labourdenne.fr\/index.php\/2017\/12\/16\/repas-de-noel-du-16-decembre-2017\/16-12-17-60\/\" data-orig-file=\"https:\/\/i0.wp.com\/labourdenne.fr\/wp-content\/uploads\/2018\/01\/16.12.17-60.jpg?fit=2048%2C1536&amp;ssl=1\" data-orig-size=\"2048,1536\" data-comments-opened=\"1\" data-image-meta=\"{&quot;aperture&quot;:&quot;4.5&quot;,&quot;credit&quot;:&quot;&quot;,&quot;camera&quot;:&quot;DSC-WX220&quot;,&quot;caption&quot;:&quot;&quot;,&quot;created_timestamp&quot;:&quot;1513459675&quot;,&quot;copyright&quot;:&quot;&quot;,&quot;focal_length&quot;:&quot;10.55&quot;,&quot;iso&quot;:&quot;2000&quot;,&quot;shutter_speed&quot;:&quot;0.016666666666667&quot;,&quot;title&quot;:&quot;&quot;,&quot;orientation&quot;:&quot;1&quot;}\" data-image-title=\"16.12.17 (60)\" data-image-description=\"\" data-image-caption=\"\" data-large-file=\"https:\/\/i0.wp.com\/labourdenne.fr\/wp-content\/uploads\/2018\/01\/16.12.17-60.jpg?fit=646%2C485&amp;ssl=1\" \/><\/a>\n\t\t\t<\/dt><\/dl><dl class='gallery-item'>\n\t\t\t<dt class='gallery-icon landscape'>\n\t\t\t\t<a href='https:\/\/labourdenne.fr\/index.php\/2017\/12\/16\/repas-de-noel-du-16-decembre-2017\/16-12-17-61\/'><img loading=\"lazy\" decoding=\"async\" width=\"150\" height=\"150\" src=\"https:\/\/i0.wp.com\/labourdenne.fr\/wp-content\/uploads\/2018\/01\/16.12.17-61.jpg?resize=150%2C150&amp;ssl=1\" class=\"attachment-thumbnail size-thumbnail\" alt=\"\" srcset=\"https:\/\/i0.wp.com\/labourdenne.fr\/wp-content\/uploads\/2018\/01\/16.12.17-61.jpg?resize=150%2C150&amp;ssl=1 150w, https:\/\/i0.wp.com\/labourdenne.fr\/wp-content\/uploads\/2018\/01\/16.12.17-61.jpg?zoom=2&amp;resize=150%2C150&amp;ssl=1 300w, https:\/\/i0.wp.com\/labourdenne.fr\/wp-content\/uploads\/2018\/01\/16.12.17-61.jpg?zoom=3&amp;resize=150%2C150&amp;ssl=1 450w\" sizes=\"auto, (max-width: 150px) 100vw, 150px\" data-attachment-id=\"1556\" data-permalink=\"https:\/\/labourdenne.fr\/index.php\/2017\/12\/16\/repas-de-noel-du-16-decembre-2017\/16-12-17-61\/\" data-orig-file=\"https:\/\/i0.wp.com\/labourdenne.fr\/wp-content\/uploads\/2018\/01\/16.12.17-61.jpg?fit=2048%2C1536&amp;ssl=1\" data-orig-size=\"2048,1536\" data-comments-opened=\"1\" data-image-meta=\"{&quot;aperture&quot;:&quot;5.6&quot;,&quot;credit&quot;:&quot;&quot;,&quot;camera&quot;:&quot;DSC-HX60&quot;,&quot;caption&quot;:&quot;&quot;,&quot;created_timestamp&quot;:&quot;1513459734&quot;,&quot;copyright&quot;:&quot;&quot;,&quot;focal_length&quot;:&quot;14.94&quot;,&quot;iso&quot;:&quot;800&quot;,&quot;shutter_speed&quot;:&quot;0.05&quot;,&quot;title&quot;:&quot;&quot;,&quot;orientation&quot;:&quot;1&quot;}\" data-image-title=\"16.12.17 (61)\" data-image-description=\"\" data-image-caption=\"\" data-large-file=\"https:\/\/i0.wp.com\/labourdenne.fr\/wp-content\/uploads\/2018\/01\/16.12.17-61.jpg?fit=646%2C485&amp;ssl=1\" \/><\/a>\n\t\t\t<\/dt><\/dl><br style=\"clear: both\" \/><dl class='gallery-item'>\n\t\t\t<dt class='gallery-icon landscape'>\n\t\t\t\t<a href='https:\/\/labourdenne.fr\/index.php\/2017\/12\/16\/repas-de-noel-du-16-decembre-2017\/16-12-17-63\/'><img loading=\"lazy\" decoding=\"async\" width=\"150\" height=\"150\" src=\"https:\/\/i0.wp.com\/labourdenne.fr\/wp-content\/uploads\/2018\/01\/16.12.17-63.jpg?resize=150%2C150&amp;ssl=1\" class=\"attachment-thumbnail size-thumbnail\" alt=\"\" srcset=\"https:\/\/i0.wp.com\/labourdenne.fr\/wp-content\/uploads\/2018\/01\/16.12.17-63.jpg?resize=150%2C150&amp;ssl=1 150w, https:\/\/i0.wp.com\/labourdenne.fr\/wp-content\/uploads\/2018\/01\/16.12.17-63.jpg?zoom=2&amp;resize=150%2C150&amp;ssl=1 300w, https:\/\/i0.wp.com\/labourdenne.fr\/wp-content\/uploads\/2018\/01\/16.12.17-63.jpg?zoom=3&amp;resize=150%2C150&amp;ssl=1 450w\" sizes=\"auto, (max-width: 150px) 100vw, 150px\" data-attachment-id=\"1557\" data-permalink=\"https:\/\/labourdenne.fr\/index.php\/2017\/12\/16\/repas-de-noel-du-16-decembre-2017\/16-12-17-63\/\" data-orig-file=\"https:\/\/i0.wp.com\/labourdenne.fr\/wp-content\/uploads\/2018\/01\/16.12.17-63.jpg?fit=2048%2C1536&amp;ssl=1\" data-orig-size=\"2048,1536\" data-comments-opened=\"1\" data-image-meta=\"{&quot;aperture&quot;:&quot;5&quot;,&quot;credit&quot;:&quot;&quot;,&quot;camera&quot;:&quot;DSC-WX220&quot;,&quot;caption&quot;:&quot;&quot;,&quot;created_timestamp&quot;:&quot;1513459931&quot;,&quot;copyright&quot;:&quot;&quot;,&quot;focal_length&quot;:&quot;16.24&quot;,&quot;iso&quot;:&quot;3200&quot;,&quot;shutter_speed&quot;:&quot;0.016666666666667&quot;,&quot;title&quot;:&quot;&quot;,&quot;orientation&quot;:&quot;1&quot;}\" data-image-title=\"16.12.17 (63)\" data-image-description=\"\" data-image-caption=\"\" data-large-file=\"https:\/\/i0.wp.com\/labourdenne.fr\/wp-content\/uploads\/2018\/01\/16.12.17-63.jpg?fit=646%2C485&amp;ssl=1\" \/><\/a>\n\t\t\t<\/dt><\/dl><dl class='gallery-item'>\n\t\t\t<dt class='gallery-icon landscape'>\n\t\t\t\t<a href='https:\/\/labourdenne.fr\/index.php\/2017\/12\/16\/repas-de-noel-du-16-decembre-2017\/16-12-17-64\/'><img loading=\"lazy\" decoding=\"async\" width=\"150\" height=\"150\" src=\"https:\/\/i0.wp.com\/labourdenne.fr\/wp-content\/uploads\/2018\/01\/16.12.17-64.jpg?resize=150%2C150&amp;ssl=1\" class=\"attachment-thumbnail size-thumbnail\" alt=\"\" srcset=\"https:\/\/i0.wp.com\/labourdenne.fr\/wp-content\/uploads\/2018\/01\/16.12.17-64.jpg?resize=150%2C150&amp;ssl=1 150w, https:\/\/i0.wp.com\/labourdenne.fr\/wp-content\/uploads\/2018\/01\/16.12.17-64.jpg?zoom=2&amp;resize=150%2C150&amp;ssl=1 300w, https:\/\/i0.wp.com\/labourdenne.fr\/wp-content\/uploads\/2018\/01\/16.12.17-64.jpg?zoom=3&amp;resize=150%2C150&amp;ssl=1 450w\" sizes=\"auto, (max-width: 150px) 100vw, 150px\" data-attachment-id=\"1558\" data-permalink=\"https:\/\/labourdenne.fr\/index.php\/2017\/12\/16\/repas-de-noel-du-16-decembre-2017\/16-12-17-64\/\" data-orig-file=\"https:\/\/i0.wp.com\/labourdenne.fr\/wp-content\/uploads\/2018\/01\/16.12.17-64.jpg?fit=2048%2C1536&amp;ssl=1\" data-orig-size=\"2048,1536\" data-comments-opened=\"1\" data-image-meta=\"{&quot;aperture&quot;:&quot;3.3&quot;,&quot;credit&quot;:&quot;&quot;,&quot;camera&quot;:&quot;DSC-WX220&quot;,&quot;caption&quot;:&quot;&quot;,&quot;created_timestamp&quot;:&quot;1513459946&quot;,&quot;copyright&quot;:&quot;&quot;,&quot;focal_length&quot;:&quot;4.45&quot;,&quot;iso&quot;:&quot;1000&quot;,&quot;shutter_speed&quot;:&quot;0.016666666666667&quot;,&quot;title&quot;:&quot;&quot;,&quot;orientation&quot;:&quot;1&quot;}\" data-image-title=\"16.12.17 (64)\" data-image-description=\"\" data-image-caption=\"\" data-large-file=\"https:\/\/i0.wp.com\/labourdenne.fr\/wp-content\/uploads\/2018\/01\/16.12.17-64.jpg?fit=646%2C485&amp;ssl=1\" \/><\/a>\n\t\t\t<\/dt><\/dl><dl class='gallery-item'>\n\t\t\t<dt class='gallery-icon landscape'>\n\t\t\t\t<a href='https:\/\/labourdenne.fr\/index.php\/2017\/12\/16\/repas-de-noel-du-16-decembre-2017\/16-12-17-65\/'><img loading=\"lazy\" decoding=\"async\" width=\"150\" height=\"150\" src=\"https:\/\/i0.wp.com\/labourdenne.fr\/wp-content\/uploads\/2018\/01\/16.12.17-65.jpg?resize=150%2C150&amp;ssl=1\" class=\"attachment-thumbnail size-thumbnail\" alt=\"\" srcset=\"https:\/\/i0.wp.com\/labourdenne.fr\/wp-content\/uploads\/2018\/01\/16.12.17-65.jpg?resize=150%2C150&amp;ssl=1 150w, https:\/\/i0.wp.com\/labourdenne.fr\/wp-content\/uploads\/2018\/01\/16.12.17-65.jpg?zoom=2&amp;resize=150%2C150&amp;ssl=1 300w, https:\/\/i0.wp.com\/labourdenne.fr\/wp-content\/uploads\/2018\/01\/16.12.17-65.jpg?zoom=3&amp;resize=150%2C150&amp;ssl=1 450w\" sizes=\"auto, (max-width: 150px) 100vw, 150px\" data-attachment-id=\"1559\" data-permalink=\"https:\/\/labourdenne.fr\/index.php\/2017\/12\/16\/repas-de-noel-du-16-decembre-2017\/16-12-17-65\/\" data-orig-file=\"https:\/\/i0.wp.com\/labourdenne.fr\/wp-content\/uploads\/2018\/01\/16.12.17-65.jpg?fit=2048%2C1536&amp;ssl=1\" data-orig-size=\"2048,1536\" data-comments-opened=\"1\" data-image-meta=\"{&quot;aperture&quot;:&quot;5.6&quot;,&quot;credit&quot;:&quot;&quot;,&quot;camera&quot;:&quot;DSC-WX220&quot;,&quot;caption&quot;:&quot;&quot;,&quot;created_timestamp&quot;:&quot;1513459991&quot;,&quot;copyright&quot;:&quot;&quot;,&quot;focal_length&quot;:&quot;32.99&quot;,&quot;iso&quot;:&quot;3200&quot;,&quot;shutter_speed&quot;:&quot;0.016666666666667&quot;,&quot;title&quot;:&quot;&quot;,&quot;orientation&quot;:&quot;1&quot;}\" data-image-title=\"16.12.17 (65)\" data-image-description=\"\" data-image-caption=\"\" data-large-file=\"https:\/\/i0.wp.com\/labourdenne.fr\/wp-content\/uploads\/2018\/01\/16.12.17-65.jpg?fit=646%2C485&amp;ssl=1\" \/><\/a>\n\t\t\t<\/dt><\/dl><br style=\"clear: both\" \/><dl class='gallery-item'>\n\t\t\t<dt class='gallery-icon landscape'>\n\t\t\t\t<a href='https:\/\/labourdenne.fr\/index.php\/2017\/12\/16\/repas-de-noel-du-16-decembre-2017\/16-12-17-66\/'><img loading=\"lazy\" decoding=\"async\" width=\"150\" height=\"150\" src=\"https:\/\/i0.wp.com\/labourdenne.fr\/wp-content\/uploads\/2018\/01\/16.12.17-66.jpg?resize=150%2C150&amp;ssl=1\" class=\"attachment-thumbnail size-thumbnail\" alt=\"\" srcset=\"https:\/\/i0.wp.com\/labourdenne.fr\/wp-content\/uploads\/2018\/01\/16.12.17-66.jpg?resize=150%2C150&amp;ssl=1 150w, https:\/\/i0.wp.com\/labourdenne.fr\/wp-content\/uploads\/2018\/01\/16.12.17-66.jpg?zoom=2&amp;resize=150%2C150&amp;ssl=1 300w, https:\/\/i0.wp.com\/labourdenne.fr\/wp-content\/uploads\/2018\/01\/16.12.17-66.jpg?zoom=3&amp;resize=150%2C150&amp;ssl=1 450w\" sizes=\"auto, (max-width: 150px) 100vw, 150px\" data-attachment-id=\"1560\" data-permalink=\"https:\/\/labourdenne.fr\/index.php\/2017\/12\/16\/repas-de-noel-du-16-decembre-2017\/16-12-17-66\/\" data-orig-file=\"https:\/\/i0.wp.com\/labourdenne.fr\/wp-content\/uploads\/2018\/01\/16.12.17-66.jpg?fit=2048%2C1536&amp;ssl=1\" data-orig-size=\"2048,1536\" data-comments-opened=\"1\" data-image-meta=\"{&quot;aperture&quot;:&quot;5&quot;,&quot;credit&quot;:&quot;&quot;,&quot;camera&quot;:&quot;DSC-WX220&quot;,&quot;caption&quot;:&quot;&quot;,&quot;created_timestamp&quot;:&quot;1513460301&quot;,&quot;copyright&quot;:&quot;&quot;,&quot;focal_length&quot;:&quot;16.24&quot;,&quot;iso&quot;:&quot;800&quot;,&quot;shutter_speed&quot;:&quot;0.05&quot;,&quot;title&quot;:&quot;&quot;,&quot;orientation&quot;:&quot;1&quot;}\" data-image-title=\"16.12.17 (66)\" data-image-description=\"\" data-image-caption=\"\" data-large-file=\"https:\/\/i0.wp.com\/labourdenne.fr\/wp-content\/uploads\/2018\/01\/16.12.17-66.jpg?fit=646%2C485&amp;ssl=1\" \/><\/a>\n\t\t\t<\/dt><\/dl><dl class='gallery-item'>\n\t\t\t<dt class='gallery-icon landscape'>\n\t\t\t\t<a href='https:\/\/labourdenne.fr\/index.php\/2017\/12\/16\/repas-de-noel-du-16-decembre-2017\/16-12-17-67\/'><img loading=\"lazy\" decoding=\"async\" width=\"150\" height=\"150\" src=\"https:\/\/i0.wp.com\/labourdenne.fr\/wp-content\/uploads\/2018\/01\/16.12.17-67.jpg?resize=150%2C150&amp;ssl=1\" class=\"attachment-thumbnail size-thumbnail\" alt=\"\" srcset=\"https:\/\/i0.wp.com\/labourdenne.fr\/wp-content\/uploads\/2018\/01\/16.12.17-67.jpg?resize=150%2C150&amp;ssl=1 150w, https:\/\/i0.wp.com\/labourdenne.fr\/wp-content\/uploads\/2018\/01\/16.12.17-67.jpg?zoom=2&amp;resize=150%2C150&amp;ssl=1 300w, https:\/\/i0.wp.com\/labourdenne.fr\/wp-content\/uploads\/2018\/01\/16.12.17-67.jpg?zoom=3&amp;resize=150%2C150&amp;ssl=1 450w\" sizes=\"auto, (max-width: 150px) 100vw, 150px\" data-attachment-id=\"1561\" data-permalink=\"https:\/\/labourdenne.fr\/index.php\/2017\/12\/16\/repas-de-noel-du-16-decembre-2017\/16-12-17-67\/\" data-orig-file=\"https:\/\/i0.wp.com\/labourdenne.fr\/wp-content\/uploads\/2018\/01\/16.12.17-67.jpg?fit=2048%2C1536&amp;ssl=1\" data-orig-size=\"2048,1536\" data-comments-opened=\"1\" data-image-meta=\"{&quot;aperture&quot;:&quot;5.6&quot;,&quot;credit&quot;:&quot;&quot;,&quot;camera&quot;:&quot;DSC-WX220&quot;,&quot;caption&quot;:&quot;&quot;,&quot;created_timestamp&quot;:&quot;1513460438&quot;,&quot;copyright&quot;:&quot;&quot;,&quot;focal_length&quot;:&quot;24.77&quot;,&quot;iso&quot;:&quot;800&quot;,&quot;shutter_speed&quot;:&quot;0.066666666666667&quot;,&quot;title&quot;:&quot;&quot;,&quot;orientation&quot;:&quot;1&quot;}\" data-image-title=\"16.12.17 (67)\" data-image-description=\"\" data-image-caption=\"\" data-large-file=\"https:\/\/i0.wp.com\/labourdenne.fr\/wp-content\/uploads\/2018\/01\/16.12.17-67.jpg?fit=646%2C485&amp;ssl=1\" \/><\/a>\n\t\t\t<\/dt><\/dl><dl class='gallery-item'>\n\t\t\t<dt class='gallery-icon landscape'>\n\t\t\t\t<a href='https:\/\/labourdenne.fr\/index.php\/2017\/12\/16\/repas-de-noel-du-16-decembre-2017\/16-12-17-68\/'><img loading=\"lazy\" decoding=\"async\" width=\"150\" height=\"150\" src=\"https:\/\/i0.wp.com\/labourdenne.fr\/wp-content\/uploads\/2018\/01\/16.12.17-68.jpg?resize=150%2C150&amp;ssl=1\" class=\"attachment-thumbnail size-thumbnail\" alt=\"\" srcset=\"https:\/\/i0.wp.com\/labourdenne.fr\/wp-content\/uploads\/2018\/01\/16.12.17-68.jpg?resize=150%2C150&amp;ssl=1 150w, https:\/\/i0.wp.com\/labourdenne.fr\/wp-content\/uploads\/2018\/01\/16.12.17-68.jpg?zoom=2&amp;resize=150%2C150&amp;ssl=1 300w, https:\/\/i0.wp.com\/labourdenne.fr\/wp-content\/uploads\/2018\/01\/16.12.17-68.jpg?zoom=3&amp;resize=150%2C150&amp;ssl=1 450w\" sizes=\"auto, (max-width: 150px) 100vw, 150px\" data-attachment-id=\"1562\" data-permalink=\"https:\/\/labourdenne.fr\/index.php\/2017\/12\/16\/repas-de-noel-du-16-decembre-2017\/16-12-17-68\/\" data-orig-file=\"https:\/\/i0.wp.com\/labourdenne.fr\/wp-content\/uploads\/2018\/01\/16.12.17-68.jpg?fit=2048%2C1536&amp;ssl=1\" data-orig-size=\"2048,1536\" data-comments-opened=\"1\" data-image-meta=\"{&quot;aperture&quot;:&quot;3.3&quot;,&quot;credit&quot;:&quot;&quot;,&quot;camera&quot;:&quot;DSC-WX220&quot;,&quot;caption&quot;:&quot;&quot;,&quot;created_timestamp&quot;:&quot;1513460764&quot;,&quot;copyright&quot;:&quot;&quot;,&quot;focal_length&quot;:&quot;4.45&quot;,&quot;iso&quot;:&quot;800&quot;,&quot;shutter_speed&quot;:&quot;0.033333333333333&quot;,&quot;title&quot;:&quot;&quot;,&quot;orientation&quot;:&quot;1&quot;}\" data-image-title=\"16.12.17 (68)\" data-image-description=\"\" data-image-caption=\"\" data-large-file=\"https:\/\/i0.wp.com\/labourdenne.fr\/wp-content\/uploads\/2018\/01\/16.12.17-68.jpg?fit=646%2C485&amp;ssl=1\" \/><\/a>\n\t\t\t<\/dt><\/dl><br style=\"clear: both\" \/><dl class='gallery-item'>\n\t\t\t<dt class='gallery-icon landscape'>\n\t\t\t\t<a href='https:\/\/labourdenne.fr\/index.php\/2017\/12\/16\/repas-de-noel-du-16-decembre-2017\/16-12-17-69\/'><img loading=\"lazy\" decoding=\"async\" width=\"150\" height=\"150\" src=\"https:\/\/i0.wp.com\/labourdenne.fr\/wp-content\/uploads\/2018\/01\/16.12.17-69.jpg?resize=150%2C150&amp;ssl=1\" class=\"attachment-thumbnail size-thumbnail\" alt=\"\" srcset=\"https:\/\/i0.wp.com\/labourdenne.fr\/wp-content\/uploads\/2018\/01\/16.12.17-69.jpg?resize=150%2C150&amp;ssl=1 150w, https:\/\/i0.wp.com\/labourdenne.fr\/wp-content\/uploads\/2018\/01\/16.12.17-69.jpg?zoom=2&amp;resize=150%2C150&amp;ssl=1 300w, https:\/\/i0.wp.com\/labourdenne.fr\/wp-content\/uploads\/2018\/01\/16.12.17-69.jpg?zoom=3&amp;resize=150%2C150&amp;ssl=1 450w\" sizes=\"auto, (max-width: 150px) 100vw, 150px\" data-attachment-id=\"1563\" data-permalink=\"https:\/\/labourdenne.fr\/index.php\/2017\/12\/16\/repas-de-noel-du-16-decembre-2017\/16-12-17-69\/\" data-orig-file=\"https:\/\/i0.wp.com\/labourdenne.fr\/wp-content\/uploads\/2018\/01\/16.12.17-69.jpg?fit=2048%2C1536&amp;ssl=1\" data-orig-size=\"2048,1536\" data-comments-opened=\"1\" data-image-meta=\"{&quot;aperture&quot;:&quot;3.3&quot;,&quot;credit&quot;:&quot;&quot;,&quot;camera&quot;:&quot;DSC-WX220&quot;,&quot;caption&quot;:&quot;&quot;,&quot;created_timestamp&quot;:&quot;1513460785&quot;,&quot;copyright&quot;:&quot;&quot;,&quot;focal_length&quot;:&quot;4.45&quot;,&quot;iso&quot;:&quot;125&quot;,&quot;shutter_speed&quot;:&quot;0.033333333333333&quot;,&quot;title&quot;:&quot;&quot;,&quot;orientation&quot;:&quot;1&quot;}\" data-image-title=\"16.12.17 (69)\" data-image-description=\"\" data-image-caption=\"\" data-large-file=\"https:\/\/i0.wp.com\/labourdenne.fr\/wp-content\/uploads\/2018\/01\/16.12.17-69.jpg?fit=646%2C485&amp;ssl=1\" \/><\/a>\n\t\t\t<\/dt><\/dl><dl class='gallery-item'>\n\t\t\t<dt class='gallery-icon landscape'>\n\t\t\t\t<a href='https:\/\/labourdenne.fr\/index.php\/2017\/12\/16\/repas-de-noel-du-16-decembre-2017\/16-12-17-70\/'><img loading=\"lazy\" decoding=\"async\" width=\"150\" height=\"150\" src=\"https:\/\/i0.wp.com\/labourdenne.fr\/wp-content\/uploads\/2018\/01\/16.12.17-70.jpg?resize=150%2C150&amp;ssl=1\" class=\"attachment-thumbnail size-thumbnail\" alt=\"\" srcset=\"https:\/\/i0.wp.com\/labourdenne.fr\/wp-content\/uploads\/2018\/01\/16.12.17-70.jpg?resize=150%2C150&amp;ssl=1 150w, https:\/\/i0.wp.com\/labourdenne.fr\/wp-content\/uploads\/2018\/01\/16.12.17-70.jpg?zoom=2&amp;resize=150%2C150&amp;ssl=1 300w, https:\/\/i0.wp.com\/labourdenne.fr\/wp-content\/uploads\/2018\/01\/16.12.17-70.jpg?zoom=3&amp;resize=150%2C150&amp;ssl=1 450w\" sizes=\"auto, (max-width: 150px) 100vw, 150px\" data-attachment-id=\"1564\" data-permalink=\"https:\/\/labourdenne.fr\/index.php\/2017\/12\/16\/repas-de-noel-du-16-decembre-2017\/16-12-17-70\/\" data-orig-file=\"https:\/\/i0.wp.com\/labourdenne.fr\/wp-content\/uploads\/2018\/01\/16.12.17-70.jpg?fit=2048%2C1536&amp;ssl=1\" data-orig-size=\"2048,1536\" data-comments-opened=\"1\" data-image-meta=\"{&quot;aperture&quot;:&quot;3.5&quot;,&quot;credit&quot;:&quot;&quot;,&quot;camera&quot;:&quot;DSC-HX60&quot;,&quot;caption&quot;:&quot;&quot;,&quot;created_timestamp&quot;:&quot;1513460871&quot;,&quot;copyright&quot;:&quot;&quot;,&quot;focal_length&quot;:&quot;4.3&quot;,&quot;iso&quot;:&quot;3200&quot;,&quot;shutter_speed&quot;:&quot;0.008&quot;,&quot;title&quot;:&quot;&quot;,&quot;orientation&quot;:&quot;1&quot;}\" data-image-title=\"16.12.17 (70)\" data-image-description=\"\" data-image-caption=\"\" data-large-file=\"https:\/\/i0.wp.com\/labourdenne.fr\/wp-content\/uploads\/2018\/01\/16.12.17-70.jpg?fit=646%2C485&amp;ssl=1\" \/><\/a>\n\t\t\t<\/dt><\/dl><dl class='gallery-item'>\n\t\t\t<dt class='gallery-icon landscape'>\n\t\t\t\t<a href='https:\/\/labourdenne.fr\/index.php\/2017\/12\/16\/repas-de-noel-du-16-decembre-2017\/16-12-17-71\/'><img loading=\"lazy\" decoding=\"async\" width=\"150\" height=\"150\" src=\"https:\/\/i0.wp.com\/labourdenne.fr\/wp-content\/uploads\/2018\/01\/16.12.17-71.jpg?resize=150%2C150&amp;ssl=1\" class=\"attachment-thumbnail size-thumbnail\" alt=\"\" srcset=\"https:\/\/i0.wp.com\/labourdenne.fr\/wp-content\/uploads\/2018\/01\/16.12.17-71.jpg?resize=150%2C150&amp;ssl=1 150w, https:\/\/i0.wp.com\/labourdenne.fr\/wp-content\/uploads\/2018\/01\/16.12.17-71.jpg?zoom=2&amp;resize=150%2C150&amp;ssl=1 300w, https:\/\/i0.wp.com\/labourdenne.fr\/wp-content\/uploads\/2018\/01\/16.12.17-71.jpg?zoom=3&amp;resize=150%2C150&amp;ssl=1 450w\" sizes=\"auto, (max-width: 150px) 100vw, 150px\" data-attachment-id=\"1565\" data-permalink=\"https:\/\/labourdenne.fr\/index.php\/2017\/12\/16\/repas-de-noel-du-16-decembre-2017\/16-12-17-71\/\" data-orig-file=\"https:\/\/i0.wp.com\/labourdenne.fr\/wp-content\/uploads\/2018\/01\/16.12.17-71.jpg?fit=2048%2C1536&amp;ssl=1\" data-orig-size=\"2048,1536\" data-comments-opened=\"1\" data-image-meta=\"{&quot;aperture&quot;:&quot;3.5&quot;,&quot;credit&quot;:&quot;&quot;,&quot;camera&quot;:&quot;DSC-HX60&quot;,&quot;caption&quot;:&quot;&quot;,&quot;created_timestamp&quot;:&quot;1513460876&quot;,&quot;copyright&quot;:&quot;&quot;,&quot;focal_length&quot;:&quot;4.3&quot;,&quot;iso&quot;:&quot;1600&quot;,&quot;shutter_speed&quot;:&quot;0.016666666666667&quot;,&quot;title&quot;:&quot;&quot;,&quot;orientation&quot;:&quot;1&quot;}\" data-image-title=\"16.12.17 (71)\" data-image-description=\"\" data-image-caption=\"\" data-large-file=\"https:\/\/i0.wp.com\/labourdenne.fr\/wp-content\/uploads\/2018\/01\/16.12.17-71.jpg?fit=646%2C485&amp;ssl=1\" \/><\/a>\n\t\t\t<\/dt><\/dl><br style=\"clear: both\" \/><dl class='gallery-item'>\n\t\t\t<dt class='gallery-icon landscape'>\n\t\t\t\t<a href='https:\/\/labourdenne.fr\/index.php\/2017\/12\/16\/repas-de-noel-du-16-decembre-2017\/16-12-17-72\/'><img loading=\"lazy\" decoding=\"async\" width=\"150\" height=\"150\" src=\"https:\/\/i0.wp.com\/labourdenne.fr\/wp-content\/uploads\/2018\/01\/16.12.17-72.jpg?resize=150%2C150&amp;ssl=1\" class=\"attachment-thumbnail size-thumbnail\" alt=\"\" srcset=\"https:\/\/i0.wp.com\/labourdenne.fr\/wp-content\/uploads\/2018\/01\/16.12.17-72.jpg?resize=150%2C150&amp;ssl=1 150w, https:\/\/i0.wp.com\/labourdenne.fr\/wp-content\/uploads\/2018\/01\/16.12.17-72.jpg?zoom=2&amp;resize=150%2C150&amp;ssl=1 300w, https:\/\/i0.wp.com\/labourdenne.fr\/wp-content\/uploads\/2018\/01\/16.12.17-72.jpg?zoom=3&amp;resize=150%2C150&amp;ssl=1 450w\" sizes=\"auto, (max-width: 150px) 100vw, 150px\" data-attachment-id=\"1566\" data-permalink=\"https:\/\/labourdenne.fr\/index.php\/2017\/12\/16\/repas-de-noel-du-16-decembre-2017\/16-12-17-72\/\" data-orig-file=\"https:\/\/i0.wp.com\/labourdenne.fr\/wp-content\/uploads\/2018\/01\/16.12.17-72.jpg?fit=2048%2C1536&amp;ssl=1\" data-orig-size=\"2048,1536\" data-comments-opened=\"1\" data-image-meta=\"{&quot;aperture&quot;:&quot;3.5&quot;,&quot;credit&quot;:&quot;&quot;,&quot;camera&quot;:&quot;DSC-HX60&quot;,&quot;caption&quot;:&quot;&quot;,&quot;created_timestamp&quot;:&quot;1513460936&quot;,&quot;copyright&quot;:&quot;&quot;,&quot;focal_length&quot;:&quot;4.3&quot;,&quot;iso&quot;:&quot;2000&quot;,&quot;shutter_speed&quot;:&quot;0.016666666666667&quot;,&quot;title&quot;:&quot;&quot;,&quot;orientation&quot;:&quot;1&quot;}\" data-image-title=\"16.12.17 (72)\" data-image-description=\"\" data-image-caption=\"\" data-large-file=\"https:\/\/i0.wp.com\/labourdenne.fr\/wp-content\/uploads\/2018\/01\/16.12.17-72.jpg?fit=646%2C485&amp;ssl=1\" \/><\/a>\n\t\t\t<\/dt><\/dl><dl class='gallery-item'>\n\t\t\t<dt class='gallery-icon landscape'>\n\t\t\t\t<a href='https:\/\/labourdenne.fr\/index.php\/2017\/12\/16\/repas-de-noel-du-16-decembre-2017\/16-12-17-73\/'><img loading=\"lazy\" decoding=\"async\" width=\"150\" height=\"150\" src=\"https:\/\/i0.wp.com\/labourdenne.fr\/wp-content\/uploads\/2018\/01\/16.12.17-73.jpg?resize=150%2C150&amp;ssl=1\" class=\"attachment-thumbnail size-thumbnail\" alt=\"\" srcset=\"https:\/\/i0.wp.com\/labourdenne.fr\/wp-content\/uploads\/2018\/01\/16.12.17-73.jpg?resize=150%2C150&amp;ssl=1 150w, https:\/\/i0.wp.com\/labourdenne.fr\/wp-content\/uploads\/2018\/01\/16.12.17-73.jpg?zoom=2&amp;resize=150%2C150&amp;ssl=1 300w, https:\/\/i0.wp.com\/labourdenne.fr\/wp-content\/uploads\/2018\/01\/16.12.17-73.jpg?zoom=3&amp;resize=150%2C150&amp;ssl=1 450w\" sizes=\"auto, (max-width: 150px) 100vw, 150px\" data-attachment-id=\"1567\" data-permalink=\"https:\/\/labourdenne.fr\/index.php\/2017\/12\/16\/repas-de-noel-du-16-decembre-2017\/16-12-17-73\/\" data-orig-file=\"https:\/\/i0.wp.com\/labourdenne.fr\/wp-content\/uploads\/2018\/01\/16.12.17-73.jpg?fit=2048%2C1536&amp;ssl=1\" data-orig-size=\"2048,1536\" data-comments-opened=\"1\" data-image-meta=\"{&quot;aperture&quot;:&quot;3.5&quot;,&quot;credit&quot;:&quot;&quot;,&quot;camera&quot;:&quot;DSC-HX60&quot;,&quot;caption&quot;:&quot;&quot;,&quot;created_timestamp&quot;:&quot;1513460941&quot;,&quot;copyright&quot;:&quot;&quot;,&quot;focal_length&quot;:&quot;4.3&quot;,&quot;iso&quot;:&quot;100&quot;,&quot;shutter_speed&quot;:&quot;0.033333333333333&quot;,&quot;title&quot;:&quot;&quot;,&quot;orientation&quot;:&quot;1&quot;}\" data-image-title=\"16.12.17 (73)\" data-image-description=\"\" data-image-caption=\"\" data-large-file=\"https:\/\/i0.wp.com\/labourdenne.fr\/wp-content\/uploads\/2018\/01\/16.12.17-73.jpg?fit=646%2C485&amp;ssl=1\" \/><\/a>\n\t\t\t<\/dt><\/dl><dl class='gallery-item'>\n\t\t\t<dt class='gallery-icon landscape'>\n\t\t\t\t<a href='https:\/\/labourdenne.fr\/index.php\/2017\/12\/16\/repas-de-noel-du-16-decembre-2017\/16-12-17-74\/'><img loading=\"lazy\" decoding=\"async\" width=\"150\" height=\"150\" src=\"https:\/\/i0.wp.com\/labourdenne.fr\/wp-content\/uploads\/2018\/01\/16.12.17-74.jpg?resize=150%2C150&amp;ssl=1\" class=\"attachment-thumbnail size-thumbnail\" alt=\"\" srcset=\"https:\/\/i0.wp.com\/labourdenne.fr\/wp-content\/uploads\/2018\/01\/16.12.17-74.jpg?resize=150%2C150&amp;ssl=1 150w, https:\/\/i0.wp.com\/labourdenne.fr\/wp-content\/uploads\/2018\/01\/16.12.17-74.jpg?zoom=2&amp;resize=150%2C150&amp;ssl=1 300w, https:\/\/i0.wp.com\/labourdenne.fr\/wp-content\/uploads\/2018\/01\/16.12.17-74.jpg?zoom=3&amp;resize=150%2C150&amp;ssl=1 450w\" sizes=\"auto, (max-width: 150px) 100vw, 150px\" data-attachment-id=\"1568\" data-permalink=\"https:\/\/labourdenne.fr\/index.php\/2017\/12\/16\/repas-de-noel-du-16-decembre-2017\/16-12-17-74\/\" data-orig-file=\"https:\/\/i0.wp.com\/labourdenne.fr\/wp-content\/uploads\/2018\/01\/16.12.17-74.jpg?fit=2048%2C1536&amp;ssl=1\" data-orig-size=\"2048,1536\" data-comments-opened=\"1\" data-image-meta=\"{&quot;aperture&quot;:&quot;3.3&quot;,&quot;credit&quot;:&quot;&quot;,&quot;camera&quot;:&quot;DSC-WX220&quot;,&quot;caption&quot;:&quot;&quot;,&quot;created_timestamp&quot;:&quot;1513460945&quot;,&quot;copyright&quot;:&quot;&quot;,&quot;focal_length&quot;:&quot;4.45&quot;,&quot;iso&quot;:&quot;3200&quot;,&quot;shutter_speed&quot;:&quot;0.0125&quot;,&quot;title&quot;:&quot;&quot;,&quot;orientation&quot;:&quot;1&quot;}\" data-image-title=\"16.12.17 (74)\" data-image-description=\"\" data-image-caption=\"\" data-large-file=\"https:\/\/i0.wp.com\/labourdenne.fr\/wp-content\/uploads\/2018\/01\/16.12.17-74.jpg?fit=646%2C485&amp;ssl=1\" \/><\/a>\n\t\t\t<\/dt><\/dl><br style=\"clear: both\" \/><dl class='gallery-item'>\n\t\t\t<dt class='gallery-icon landscape'>\n\t\t\t\t<a href='https:\/\/labourdenne.fr\/index.php\/2017\/12\/16\/repas-de-noel-du-16-decembre-2017\/16-12-17-75\/'><img loading=\"lazy\" decoding=\"async\" width=\"150\" height=\"150\" src=\"https:\/\/i0.wp.com\/labourdenne.fr\/wp-content\/uploads\/2018\/01\/16.12.17-75.jpg?resize=150%2C150&amp;ssl=1\" class=\"attachment-thumbnail size-thumbnail\" alt=\"\" srcset=\"https:\/\/i0.wp.com\/labourdenne.fr\/wp-content\/uploads\/2018\/01\/16.12.17-75.jpg?resize=150%2C150&amp;ssl=1 150w, https:\/\/i0.wp.com\/labourdenne.fr\/wp-content\/uploads\/2018\/01\/16.12.17-75.jpg?zoom=2&amp;resize=150%2C150&amp;ssl=1 300w, https:\/\/i0.wp.com\/labourdenne.fr\/wp-content\/uploads\/2018\/01\/16.12.17-75.jpg?zoom=3&amp;resize=150%2C150&amp;ssl=1 450w\" sizes=\"auto, (max-width: 150px) 100vw, 150px\" data-attachment-id=\"1569\" data-permalink=\"https:\/\/labourdenne.fr\/index.php\/2017\/12\/16\/repas-de-noel-du-16-decembre-2017\/16-12-17-75\/\" data-orig-file=\"https:\/\/i0.wp.com\/labourdenne.fr\/wp-content\/uploads\/2018\/01\/16.12.17-75.jpg?fit=2048%2C1536&amp;ssl=1\" data-orig-size=\"2048,1536\" data-comments-opened=\"1\" data-image-meta=\"{&quot;aperture&quot;:&quot;3.3&quot;,&quot;credit&quot;:&quot;&quot;,&quot;camera&quot;:&quot;DSC-WX220&quot;,&quot;caption&quot;:&quot;&quot;,&quot;created_timestamp&quot;:&quot;1513460949&quot;,&quot;copyright&quot;:&quot;&quot;,&quot;focal_length&quot;:&quot;4.45&quot;,&quot;iso&quot;:&quot;2000&quot;,&quot;shutter_speed&quot;:&quot;0.016666666666667&quot;,&quot;title&quot;:&quot;&quot;,&quot;orientation&quot;:&quot;1&quot;}\" data-image-title=\"16.12.17 (75)\" data-image-description=\"\" data-image-caption=\"\" data-large-file=\"https:\/\/i0.wp.com\/labourdenne.fr\/wp-content\/uploads\/2018\/01\/16.12.17-75.jpg?fit=646%2C485&amp;ssl=1\" \/><\/a>\n\t\t\t<\/dt><\/dl><dl class='gallery-item'>\n\t\t\t<dt class='gallery-icon landscape'>\n\t\t\t\t<a href='https:\/\/labourdenne.fr\/index.php\/2017\/12\/16\/repas-de-noel-du-16-decembre-2017\/16-12-17-76\/'><img loading=\"lazy\" decoding=\"async\" width=\"150\" height=\"150\" src=\"https:\/\/i0.wp.com\/labourdenne.fr\/wp-content\/uploads\/2018\/01\/16.12.17-76.jpg?resize=150%2C150&amp;ssl=1\" class=\"attachment-thumbnail size-thumbnail\" alt=\"\" srcset=\"https:\/\/i0.wp.com\/labourdenne.fr\/wp-content\/uploads\/2018\/01\/16.12.17-76.jpg?resize=150%2C150&amp;ssl=1 150w, https:\/\/i0.wp.com\/labourdenne.fr\/wp-content\/uploads\/2018\/01\/16.12.17-76.jpg?zoom=2&amp;resize=150%2C150&amp;ssl=1 300w, https:\/\/i0.wp.com\/labourdenne.fr\/wp-content\/uploads\/2018\/01\/16.12.17-76.jpg?zoom=3&amp;resize=150%2C150&amp;ssl=1 450w\" sizes=\"auto, (max-width: 150px) 100vw, 150px\" data-attachment-id=\"1570\" data-permalink=\"https:\/\/labourdenne.fr\/index.php\/2017\/12\/16\/repas-de-noel-du-16-decembre-2017\/16-12-17-76\/\" data-orig-file=\"https:\/\/i0.wp.com\/labourdenne.fr\/wp-content\/uploads\/2018\/01\/16.12.17-76.jpg?fit=2048%2C1536&amp;ssl=1\" data-orig-size=\"2048,1536\" data-comments-opened=\"1\" data-image-meta=\"{&quot;aperture&quot;:&quot;3.3&quot;,&quot;credit&quot;:&quot;&quot;,&quot;camera&quot;:&quot;DSC-WX220&quot;,&quot;caption&quot;:&quot;&quot;,&quot;created_timestamp&quot;:&quot;1513461039&quot;,&quot;copyright&quot;:&quot;&quot;,&quot;focal_length&quot;:&quot;4.45&quot;,&quot;iso&quot;:&quot;3200&quot;,&quot;shutter_speed&quot;:&quot;0.00625&quot;,&quot;title&quot;:&quot;&quot;,&quot;orientation&quot;:&quot;1&quot;}\" data-image-title=\"16.12.17 (76)\" data-image-description=\"\" data-image-caption=\"\" data-large-file=\"https:\/\/i0.wp.com\/labourdenne.fr\/wp-content\/uploads\/2018\/01\/16.12.17-76.jpg?fit=646%2C485&amp;ssl=1\" \/><\/a>\n\t\t\t<\/dt><\/dl><dl class='gallery-item'>\n\t\t\t<dt class='gallery-icon landscape'>\n\t\t\t\t<a href='https:\/\/labourdenne.fr\/index.php\/2017\/12\/16\/repas-de-noel-du-16-decembre-2017\/16-12-17-77\/'><img loading=\"lazy\" decoding=\"async\" width=\"150\" height=\"150\" src=\"https:\/\/i0.wp.com\/labourdenne.fr\/wp-content\/uploads\/2018\/01\/16.12.17-77.jpg?resize=150%2C150&amp;ssl=1\" class=\"attachment-thumbnail size-thumbnail\" alt=\"\" srcset=\"https:\/\/i0.wp.com\/labourdenne.fr\/wp-content\/uploads\/2018\/01\/16.12.17-77.jpg?resize=150%2C150&amp;ssl=1 150w, https:\/\/i0.wp.com\/labourdenne.fr\/wp-content\/uploads\/2018\/01\/16.12.17-77.jpg?zoom=2&amp;resize=150%2C150&amp;ssl=1 300w, https:\/\/i0.wp.com\/labourdenne.fr\/wp-content\/uploads\/2018\/01\/16.12.17-77.jpg?zoom=3&amp;resize=150%2C150&amp;ssl=1 450w\" sizes=\"auto, (max-width: 150px) 100vw, 150px\" data-attachment-id=\"1571\" data-permalink=\"https:\/\/labourdenne.fr\/index.php\/2017\/12\/16\/repas-de-noel-du-16-decembre-2017\/16-12-17-77\/\" data-orig-file=\"https:\/\/i0.wp.com\/labourdenne.fr\/wp-content\/uploads\/2018\/01\/16.12.17-77.jpg?fit=2048%2C1536&amp;ssl=1\" data-orig-size=\"2048,1536\" data-comments-opened=\"1\" data-image-meta=\"{&quot;aperture&quot;:&quot;3.3&quot;,&quot;credit&quot;:&quot;&quot;,&quot;camera&quot;:&quot;DSC-WX220&quot;,&quot;caption&quot;:&quot;&quot;,&quot;created_timestamp&quot;:&quot;1513461043&quot;,&quot;copyright&quot;:&quot;&quot;,&quot;focal_length&quot;:&quot;4.45&quot;,&quot;iso&quot;:&quot;800&quot;,&quot;shutter_speed&quot;:&quot;0.033333333333333&quot;,&quot;title&quot;:&quot;&quot;,&quot;orientation&quot;:&quot;1&quot;}\" data-image-title=\"16.12.17 (77)\" data-image-description=\"\" data-image-caption=\"\" data-large-file=\"https:\/\/i0.wp.com\/labourdenne.fr\/wp-content\/uploads\/2018\/01\/16.12.17-77.jpg?fit=646%2C485&amp;ssl=1\" \/><\/a>\n\t\t\t<\/dt><\/dl><br style=\"clear: both\" \/><dl class='gallery-item'>\n\t\t\t<dt class='gallery-icon landscape'>\n\t\t\t\t<a href='https:\/\/labourdenne.fr\/index.php\/2017\/12\/16\/repas-de-noel-du-16-decembre-2017\/16-12-17-78\/'><img loading=\"lazy\" decoding=\"async\" width=\"150\" height=\"150\" src=\"https:\/\/i0.wp.com\/labourdenne.fr\/wp-content\/uploads\/2018\/01\/16.12.17-78.jpg?resize=150%2C150&amp;ssl=1\" class=\"attachment-thumbnail size-thumbnail\" alt=\"\" srcset=\"https:\/\/i0.wp.com\/labourdenne.fr\/wp-content\/uploads\/2018\/01\/16.12.17-78.jpg?resize=150%2C150&amp;ssl=1 150w, https:\/\/i0.wp.com\/labourdenne.fr\/wp-content\/uploads\/2018\/01\/16.12.17-78.jpg?zoom=2&amp;resize=150%2C150&amp;ssl=1 300w, https:\/\/i0.wp.com\/labourdenne.fr\/wp-content\/uploads\/2018\/01\/16.12.17-78.jpg?zoom=3&amp;resize=150%2C150&amp;ssl=1 450w\" sizes=\"auto, (max-width: 150px) 100vw, 150px\" data-attachment-id=\"1572\" data-permalink=\"https:\/\/labourdenne.fr\/index.php\/2017\/12\/16\/repas-de-noel-du-16-decembre-2017\/16-12-17-78\/\" data-orig-file=\"https:\/\/i0.wp.com\/labourdenne.fr\/wp-content\/uploads\/2018\/01\/16.12.17-78.jpg?fit=2048%2C1536&amp;ssl=1\" data-orig-size=\"2048,1536\" data-comments-opened=\"1\" data-image-meta=\"{&quot;aperture&quot;:&quot;3.3&quot;,&quot;credit&quot;:&quot;&quot;,&quot;camera&quot;:&quot;DSC-WX220&quot;,&quot;caption&quot;:&quot;&quot;,&quot;created_timestamp&quot;:&quot;1513461068&quot;,&quot;copyright&quot;:&quot;&quot;,&quot;focal_length&quot;:&quot;4.45&quot;,&quot;iso&quot;:&quot;2000&quot;,&quot;shutter_speed&quot;:&quot;0.0125&quot;,&quot;title&quot;:&quot;&quot;,&quot;orientation&quot;:&quot;1&quot;}\" data-image-title=\"16.12.17 (78)\" data-image-description=\"\" data-image-caption=\"\" data-large-file=\"https:\/\/i0.wp.com\/labourdenne.fr\/wp-content\/uploads\/2018\/01\/16.12.17-78.jpg?fit=646%2C485&amp;ssl=1\" \/><\/a>\n\t\t\t<\/dt><\/dl><dl class='gallery-item'>\n\t\t\t<dt class='gallery-icon landscape'>\n\t\t\t\t<a href='https:\/\/labourdenne.fr\/index.php\/2017\/12\/16\/repas-de-noel-du-16-decembre-2017\/16-12-17-79\/'><img loading=\"lazy\" decoding=\"async\" width=\"150\" height=\"150\" src=\"https:\/\/i0.wp.com\/labourdenne.fr\/wp-content\/uploads\/2018\/01\/16.12.17-79.jpg?resize=150%2C150&amp;ssl=1\" class=\"attachment-thumbnail size-thumbnail\" alt=\"\" srcset=\"https:\/\/i0.wp.com\/labourdenne.fr\/wp-content\/uploads\/2018\/01\/16.12.17-79.jpg?resize=150%2C150&amp;ssl=1 150w, https:\/\/i0.wp.com\/labourdenne.fr\/wp-content\/uploads\/2018\/01\/16.12.17-79.jpg?zoom=2&amp;resize=150%2C150&amp;ssl=1 300w, https:\/\/i0.wp.com\/labourdenne.fr\/wp-content\/uploads\/2018\/01\/16.12.17-79.jpg?zoom=3&amp;resize=150%2C150&amp;ssl=1 450w\" sizes=\"auto, (max-width: 150px) 100vw, 150px\" data-attachment-id=\"1573\" data-permalink=\"https:\/\/labourdenne.fr\/index.php\/2017\/12\/16\/repas-de-noel-du-16-decembre-2017\/16-12-17-79\/\" data-orig-file=\"https:\/\/i0.wp.com\/labourdenne.fr\/wp-content\/uploads\/2018\/01\/16.12.17-79.jpg?fit=2048%2C1536&amp;ssl=1\" data-orig-size=\"2048,1536\" data-comments-opened=\"1\" data-image-meta=\"{&quot;aperture&quot;:&quot;3.3&quot;,&quot;credit&quot;:&quot;&quot;,&quot;camera&quot;:&quot;DSC-WX220&quot;,&quot;caption&quot;:&quot;&quot;,&quot;created_timestamp&quot;:&quot;1513465959&quot;,&quot;copyright&quot;:&quot;&quot;,&quot;focal_length&quot;:&quot;4.45&quot;,&quot;iso&quot;:&quot;200&quot;,&quot;shutter_speed&quot;:&quot;0.033333333333333&quot;,&quot;title&quot;:&quot;&quot;,&quot;orientation&quot;:&quot;1&quot;}\" data-image-title=\"16.12.17 (79)\" data-image-description=\"\" data-image-caption=\"\" data-large-file=\"https:\/\/i0.wp.com\/labourdenne.fr\/wp-content\/uploads\/2018\/01\/16.12.17-79.jpg?fit=646%2C485&amp;ssl=1\" \/><\/a>\n\t\t\t<\/dt><\/dl><dl class='gallery-item'>\n\t\t\t<dt class='gallery-icon landscape'>\n\t\t\t\t<a href='https:\/\/labourdenne.fr\/index.php\/2017\/12\/16\/repas-de-noel-du-16-decembre-2017\/16-12-17-80\/'><img loading=\"lazy\" decoding=\"async\" width=\"150\" height=\"150\" src=\"https:\/\/i0.wp.com\/labourdenne.fr\/wp-content\/uploads\/2018\/01\/16.12.17-80.jpg?resize=150%2C150&amp;ssl=1\" class=\"attachment-thumbnail size-thumbnail\" alt=\"\" srcset=\"https:\/\/i0.wp.com\/labourdenne.fr\/wp-content\/uploads\/2018\/01\/16.12.17-80.jpg?resize=150%2C150&amp;ssl=1 150w, https:\/\/i0.wp.com\/labourdenne.fr\/wp-content\/uploads\/2018\/01\/16.12.17-80.jpg?zoom=2&amp;resize=150%2C150&amp;ssl=1 300w, https:\/\/i0.wp.com\/labourdenne.fr\/wp-content\/uploads\/2018\/01\/16.12.17-80.jpg?zoom=3&amp;resize=150%2C150&amp;ssl=1 450w\" sizes=\"auto, (max-width: 150px) 100vw, 150px\" data-attachment-id=\"1574\" data-permalink=\"https:\/\/labourdenne.fr\/index.php\/2017\/12\/16\/repas-de-noel-du-16-decembre-2017\/16-12-17-80\/\" data-orig-file=\"https:\/\/i0.wp.com\/labourdenne.fr\/wp-content\/uploads\/2018\/01\/16.12.17-80.jpg?fit=2048%2C1536&amp;ssl=1\" data-orig-size=\"2048,1536\" data-comments-opened=\"1\" data-image-meta=\"{&quot;aperture&quot;:&quot;4.5&quot;,&quot;credit&quot;:&quot;&quot;,&quot;camera&quot;:&quot;DSC-WX220&quot;,&quot;caption&quot;:&quot;&quot;,&quot;created_timestamp&quot;:&quot;1513466572&quot;,&quot;copyright&quot;:&quot;&quot;,&quot;focal_length&quot;:&quot;10.55&quot;,&quot;iso&quot;:&quot;500&quot;,&quot;shutter_speed&quot;:&quot;0.016666666666667&quot;,&quot;title&quot;:&quot;&quot;,&quot;orientation&quot;:&quot;1&quot;}\" data-image-title=\"16.12.17 (80)\" data-image-description=\"\" data-image-caption=\"\" data-large-file=\"https:\/\/i0.wp.com\/labourdenne.fr\/wp-content\/uploads\/2018\/01\/16.12.17-80.jpg?fit=646%2C485&amp;ssl=1\" \/><\/a>\n\t\t\t<\/dt><\/dl><br style=\"clear: both\" \/>\n\t\t<\/div>\n\n","protected":false},"excerpt":{"rendered":"<p>Le bureau de La Bourdenne a, cette ann\u00e9e encore, d\u00e9cid\u00e9 d&rsquo;offrir \u00e0 l&rsquo;ensemble de ses membres, leurs conjoints et enfants&#8230;Le repas de No\u00ebl. Apr\u00e8s consultation et propositions des marmitons, le bureau s&rsquo;est r\u00e9uni pour \u00e9tablir le menu. Cela n&rsquo;a pas \u00e9tait sans mal, les propositions \u00e9tant toutes all\u00e9chantes&#8230; et voici le MENU DE NOEL&#8230;<\/p>\n","protected":false},"author":2,"featured_media":0,"comment_status":"open","ping_status":"open","sticky":false,"template":"","format":"standard","meta":{"jetpack_post_was_ever_published":false,"_jetpack_newsletter_access":"","_jetpack_dont_email_post_to_subs":false,"_jetpack_newsletter_tier_id":0,"_jetpack_memberships_contains_paywalled_content":false,"_jetpack_memberships_contains_paid_content":false,"footnotes":"","jetpack_publicize_message":"","jetpack_publicize_feature_enabled":true,"jetpack_social_post_already_shared":true,"jetpack_social_options":{"image_generator_settings":{"template":"highway","default_image_id":0,"font":"","enabled":false},"version":2}},"categories":[9],"tags":[],"class_list":["post-1496","post","type-post","status-publish","format-standard","hentry","category-atelier-cuisine"],"jetpack_publicize_connections":[],"jetpack_featured_media_url":"","jetpack_sharing_enabled":true,"jetpack_shortlink":"https:\/\/wp.me\/p6WNWb-o8","jetpack-related-posts":[{"id":2797,"url":"https:\/\/labourdenne.fr\/index.php\/2019\/12\/21\/repas-de-noel-de-la-bourdenne\/","url_meta":{"origin":1496,"position":0},"title":"REPAS DE NOEL DE LA BOURDENNE","author":"Corinne","date":"21 d\u00e9cembre 2019","format":false,"excerpt":"Le samedi 21 d\u00e9cembre les marmitons ont organis\u00e9 le repas de No\u00ebl pour les membres de l'association. Nous nous sommes donc retrouv\u00e9s \u00e0 14 h \u00e0 l'Espace Sagette pour mettre en oeuvre ces ateliers de cuisine. Certains d'entre nous ont \u00e9migr\u00e9 \u00e0 la cantine pour r\u00e9aliser le plat Russe de\u2026","rel":"","context":"Dans &quot;Section Cuisine&quot;","block_context":{"text":"Section Cuisine","link":"https:\/\/labourdenne.fr\/index.php\/category\/atelier-cuisine\/"},"img":{"alt_text":"","src":"https:\/\/i0.wp.com\/labourdenne.fr\/wp-content\/uploads\/2020\/03\/21.12.19-8.jpg?resize=350%2C200&ssl=1","width":350,"height":200,"srcset":"https:\/\/i0.wp.com\/labourdenne.fr\/wp-content\/uploads\/2020\/03\/21.12.19-8.jpg?resize=350%2C200&ssl=1 1x, https:\/\/i0.wp.com\/labourdenne.fr\/wp-content\/uploads\/2020\/03\/21.12.19-8.jpg?resize=525%2C300&ssl=1 1.5x, https:\/\/i0.wp.com\/labourdenne.fr\/wp-content\/uploads\/2020\/03\/21.12.19-8.jpg?resize=700%2C400&ssl=1 2x, https:\/\/i0.wp.com\/labourdenne.fr\/wp-content\/uploads\/2020\/03\/21.12.19-8.jpg?resize=1050%2C600&ssl=1 3x, https:\/\/i0.wp.com\/labourdenne.fr\/wp-content\/uploads\/2020\/03\/21.12.19-8.jpg?resize=1400%2C800&ssl=1 4x"},"classes":[]},{"id":4036,"url":"https:\/\/labourdenne.fr\/index.php\/2024\/12\/14\/atelier-cuisine-du-14-decembre\/","url_meta":{"origin":1496,"position":1},"title":"Atelier cuisine du 14 d\u00e9cembre","author":"Dani\u00e8le","date":"14 d\u00e9cembre 2024","format":false,"excerpt":"Ce samedi 14 d\u00e9cembre, Les Marmitons avaient mis leurs souliers sous le sapin, pour f\u00eater No\u00ebl avec un peu d\u2019avance.","rel":"","context":"Dans &quot;Section Cuisine&quot;","block_context":{"text":"Section Cuisine","link":"https:\/\/labourdenne.fr\/index.php\/category\/atelier-cuisine\/"},"img":{"alt_text":"","src":"","width":0,"height":0},"classes":[]},{"id":2657,"url":"https:\/\/labourdenne.fr\/index.php\/2019\/10\/29\/soiree-italienne-de-dede\/","url_meta":{"origin":1496,"position":2},"title":"SOIREE ITALIENNE DE DEDE","author":"Corinne","date":"29 octobre 2019","format":false,"excerpt":"LE CHEF Le 19 octobre, les marmitons se sont retrouv\u00e9s \u00e0 l'Espace Sagette pour r\u00e9aliser des LASAGNES AUTOMNALES, recette concoct\u00e9e par D\u00e9d\u00e9 aid\u00e9 de Dani\u00e8le pour les pr\u00e9paratifs. La soir\u00e9e s'est d\u00e9roul\u00e9e, comme d'habitude, dans la joie et la bonne humeur, des id\u00e9es de menus pour le repas de No\u00ebl\u2026","rel":"","context":"Dans &quot;Section Cuisine&quot;","block_context":{"text":"Section Cuisine","link":"https:\/\/labourdenne.fr\/index.php\/category\/atelier-cuisine\/"},"img":{"alt_text":"","src":"https:\/\/i0.wp.com\/labourdenne.fr\/wp-content\/uploads\/2019\/10\/Resized_20191019_204555.jpg?resize=350%2C200&ssl=1","width":350,"height":200},"classes":[]},{"id":2077,"url":"https:\/\/labourdenne.fr\/index.php\/2018\/12\/15\/repas-de-noel-de-lassociation\/","url_meta":{"origin":1496,"position":3},"title":"Repas de No\u00ebl de l&rsquo;association","author":"Carole","date":"15 d\u00e9cembre 2018","format":false,"excerpt":"Le samedi 15 d\u00e9cembre 2018, \u00e0 l'Espace Sagette, a eu lieu le traditionnel repas de No\u00ebl de l'association qui rassemble les membres des diff\u00e9rentes sections et leurs familles. C'est dans une ambiance conviviale que nos marmitons de la section cuisine se sont r\u00e9unis en d\u00e9but d'apr\u00e8s-midi afin de pr\u00e9parer les\u2026","rel":"","context":"Dans &quot;Section Cuisine&quot;","block_context":{"text":"Section Cuisine","link":"https:\/\/labourdenne.fr\/index.php\/category\/atelier-cuisine\/"},"img":{"alt_text":"","src":"https:\/\/i0.wp.com\/labourdenne.fr\/wp-content\/uploads\/2019\/01\/15.12.18-7.jpg?resize=350%2C200","width":350,"height":200,"srcset":"https:\/\/i0.wp.com\/labourdenne.fr\/wp-content\/uploads\/2019\/01\/15.12.18-7.jpg?resize=350%2C200 1x, https:\/\/i0.wp.com\/labourdenne.fr\/wp-content\/uploads\/2019\/01\/15.12.18-7.jpg?resize=525%2C300 1.5x, https:\/\/i0.wp.com\/labourdenne.fr\/wp-content\/uploads\/2019\/01\/15.12.18-7.jpg?resize=700%2C400 2x"},"classes":[]},{"id":3781,"url":"https:\/\/labourdenne.fr\/index.php\/2023\/11\/18\/la-fete-avant-lheure-chez-les-marmitons-pintade-rotie-et-son-crumble-de-potimarron-nov-2023\/","url_meta":{"origin":1496,"position":4},"title":"La f\u00eate avant l&rsquo;heure chez les marmitons- Pintade r\u00f4tie et son crumble de potimarron (Nov 2023)","author":"Dani\u00e8le","date":"18 novembre 2023","format":false,"excerpt":"Le 18 novembre, pour ce nouvel atelier de cuisine, les Marmitons ont f\u00eat\u00e9 No\u00ebl avec un moisd\u2019avance, pour cause de concours de garbure en D\u00e9cembre !Et le repas fut \u00e0 la hauteur avec une verrine carotte, chantilly noix, en entr\u00e9e, pintade r\u00f4tieaccompagn\u00e9e d\u2019un crumble de potimarron, de ch\u00e2taignes, et d\u2019un\u2026","rel":"","context":"Dans &quot;Section Cuisine&quot;","block_context":{"text":"Section Cuisine","link":"https:\/\/labourdenne.fr\/index.php\/category\/atelier-cuisine\/"},"img":{"alt_text":"","src":"https:\/\/i0.wp.com\/labourdenne.fr\/wp-content\/uploads\/2023\/11\/IMG_7480-Grande.jpeg?resize=350%2C200&ssl=1","width":350,"height":200,"srcset":"https:\/\/i0.wp.com\/labourdenne.fr\/wp-content\/uploads\/2023\/11\/IMG_7480-Grande.jpeg?resize=350%2C200&ssl=1 1x, https:\/\/i0.wp.com\/labourdenne.fr\/wp-content\/uploads\/2023\/11\/IMG_7480-Grande.jpeg?resize=525%2C300&ssl=1 1.5x, https:\/\/i0.wp.com\/labourdenne.fr\/wp-content\/uploads\/2023\/11\/IMG_7480-Grande.jpeg?resize=700%2C400&ssl=1 2x, https:\/\/i0.wp.com\/labourdenne.fr\/wp-content\/uploads\/2023\/11\/IMG_7480-Grande.jpeg?resize=1050%2C600&ssl=1 3x"},"classes":[]},{"id":4179,"url":"https:\/\/labourdenne.fr\/index.php\/2025\/04\/12\/repas-du-12-avril-repas-des-enfants\/","url_meta":{"origin":1496,"position":5},"title":"Repas du 12 avril: repas des enfants","author":"Dani\u00e8le","date":"12 avril 2025","format":false,"excerpt":"Un grand coup de jeunesse pour ce samedi, car quatre \"mini Marmitonnes\" avaient d\u00e9cid\u00e9 de nousr\u00e9galer : No\u00e9lie, Jeanne, Manon et Elisa !Et non, le talent n\u2019attend pas le nombre des ann\u00e9es, car leur repas n\u2019avait rien \u00e0 envier \u00e0 tous ceux concoct\u00e9s par les \u00ab anciens \u00bb !Et d\u2019ailleurs,\u2026","rel":"","context":"Dans &quot;Section Cuisine&quot;","block_context":{"text":"Section Cuisine","link":"https:\/\/labourdenne.fr\/index.php\/category\/atelier-cuisine\/"},"img":{"alt_text":"","src":"https:\/\/i0.wp.com\/labourdenne.fr\/wp-content\/uploads\/2025\/04\/20250412_171328.jpg?resize=350%2C200&ssl=1","width":350,"height":200,"srcset":"https:\/\/i0.wp.com\/labourdenne.fr\/wp-content\/uploads\/2025\/04\/20250412_171328.jpg?resize=350%2C200&ssl=1 1x, https:\/\/i0.wp.com\/labourdenne.fr\/wp-content\/uploads\/2025\/04\/20250412_171328.jpg?resize=525%2C300&ssl=1 1.5x, https:\/\/i0.wp.com\/labourdenne.fr\/wp-content\/uploads\/2025\/04\/20250412_171328.jpg?resize=700%2C400&ssl=1 2x, https:\/\/i0.wp.com\/labourdenne.fr\/wp-content\/uploads\/2025\/04\/20250412_171328.jpg?resize=1050%2C600&ssl=1 3x, https:\/\/i0.wp.com\/labourdenne.fr\/wp-content\/uploads\/2025\/04\/20250412_171328.jpg?resize=1400%2C800&ssl=1 4x"},"classes":[]}],"_links":{"self":[{"href":"https:\/\/labourdenne.fr\/index.php\/wp-json\/wp\/v2\/posts\/1496","targetHints":{"allow":["GET"]}}],"collection":[{"href":"https:\/\/labourdenne.fr\/index.php\/wp-json\/wp\/v2\/posts"}],"about":[{"href":"https:\/\/labourdenne.fr\/index.php\/wp-json\/wp\/v2\/types\/post"}],"author":[{"embeddable":true,"href":"https:\/\/labourdenne.fr\/index.php\/wp-json\/wp\/v2\/users\/2"}],"replies":[{"embeddable":true,"href":"https:\/\/labourdenne.fr\/index.php\/wp-json\/wp\/v2\/comments?post=1496"}],"version-history":[{"count":3,"href":"https:\/\/labourdenne.fr\/index.php\/wp-json\/wp\/v2\/posts\/1496\/revisions"}],"predecessor-version":[{"id":1622,"href":"https:\/\/labourdenne.fr\/index.php\/wp-json\/wp\/v2\/posts\/1496\/revisions\/1622"}],"wp:attachment":[{"href":"https:\/\/labourdenne.fr\/index.php\/wp-json\/wp\/v2\/media?parent=1496"}],"wp:term":[{"taxonomy":"category","embeddable":true,"href":"https:\/\/labourdenne.fr\/index.php\/wp-json\/wp\/v2\/categories?post=1496"},{"taxonomy":"post_tag","embeddable":true,"href":"https:\/\/labourdenne.fr\/index.php\/wp-json\/wp\/v2\/tags?post=1496"}],"curies":[{"name":"wp","href":"https:\/\/api.w.org\/{rel}","templated":true}]}}