{"id":15,"date":"2015-11-07T21:46:37","date_gmt":"2015-11-07T20:46:37","guid":{"rendered":"http:\/\/labourdenne.fr\/?p=15"},"modified":"2015-11-14T00:25:59","modified_gmt":"2015-11-13T23:25:59","slug":"atelier-cuisine-du-samedi-21-novembre-2015","status":"publish","type":"post","link":"https:\/\/labourdenne.fr\/index.php\/2015\/11\/07\/atelier-cuisine-du-samedi-21-novembre-2015\/","title":{"rendered":"Atelier cuisine du samedi 21 novembre 2015"},"content":{"rendered":"<p>Salut\u00a0les marmitons,<\/p>\n<div>Nous nous retrouverons <strong>le samedi\u00a021 novembre\u00a0\u00e0 17 h \u00e0 la salle des f\u00eates de Buzy<\/strong> pour notre\u00a0atelier de Cuisine du Monde.<\/div>\n<div><\/div>\n<div>Nous r\u00e9aliserons une \u00ab\u00a0CALDEIRADA DE LULAS, plat propos\u00e9 par Carine Dufourcq et ses origines\u00a0portugaises.<\/div>\n<div><\/div>\n<div>Je vous demande de bien vouloir vous inscrire pour l&rsquo;atelier et le repas\u00a0AVANT LE 13 NOVEMBRE\u00a0DERNIER DELAI.<\/div>\n<div><\/div>\n<div>Les commandes pour le poisson sont un peu plus compliqu\u00e9es vu la quantit\u00e9&#8230; donc le d\u00e9lai<\/div>\n<div>un peu plus court pour nous et un peu plus long \u00a0pour le Capitaine Haddock et ses p\u00eacheurs&#8230;<\/div>\n<div><\/div>\n<div>Je compte sur vous pour r\u00e9pondre donc rapidement.<\/div>\n<div><\/div>\n<div>Carine nous demande pour cet atelier d&rsquo;amener :<\/div>\n<ul>\n<li>1 paire de ciseaux pour les encornets<\/li>\n<li>1 \u00e9conome<\/li>\n<li>1 couteau<\/li>\n<li>1 planche<\/li>\n<li>1 saladier pour nettoyer les encornets<\/li>\n<\/ul>\n<div>Pensez \u00e0 amener une poche pour de la farine si vous en voulez, proposition de Danielle B.<\/div>\n<div>A bient\u00f4t<\/div>\n","protected":false},"excerpt":{"rendered":"<p>Salut\u00a0les marmitons, Nous nous retrouverons le samedi\u00a021 novembre\u00a0\u00e0 17 h \u00e0 la salle des f\u00eates de Buzy pour notre\u00a0atelier de Cuisine du Monde. Nous r\u00e9aliserons une \u00ab\u00a0CALDEIRADA DE LULAS, plat propos\u00e9 par Carine Dufourcq et ses origines\u00a0portugaises. Je vous demande de bien vouloir vous inscrire pour l&rsquo;atelier et le repas\u00a0AVANT LE 13 NOVEMBRE\u00a0DERNIER DELAI. Les [&hellip;]<\/p>\n","protected":false},"author":2,"featured_media":0,"comment_status":"open","ping_status":"open","sticky":false,"template":"","format":"standard","meta":{"jetpack_post_was_ever_published":false,"_jetpack_newsletter_access":"","_jetpack_dont_email_post_to_subs":false,"_jetpack_newsletter_tier_id":0,"_jetpack_memberships_contains_paywalled_content":false,"_jetpack_memberships_contains_paid_content":false,"footnotes":"","jetpack_publicize_message":"","jetpack_publicize_feature_enabled":true,"jetpack_social_post_already_shared":true,"jetpack_social_options":{"image_generator_settings":{"template":"highway","default_image_id":0,"font":"","enabled":false},"version":2}},"categories":[9],"tags":[],"class_list":["post-15","post","type-post","status-publish","format-standard","hentry","category-atelier-cuisine"],"jetpack_publicize_connections":[],"jetpack_featured_media_url":"","jetpack_sharing_enabled":true,"jetpack_shortlink":"https:\/\/wp.me\/p6WNWb-f","jetpack-related-posts":[{"id":1197,"url":"https:\/\/labourdenne.fr\/index.php\/2016\/12\/17\/repas-du-17-decembre-retour-au-bercail\/","url_meta":{"origin":15,"position":0},"title":"Repas du 17 d\u00e9cembre : retour au bercail !","author":"B\u00e9n\u00e9dicte Charpantier","date":"17 d\u00e9cembre 2016","format":false,"excerpt":"\u00a0 Ce soir l\u00e0, nous avons cuisin\u00e9 un plat d'ici :\u00a0l'axoa de veau au piment d'Espelette ! (je prends le risque de noter \"ici\", alors que c'est plut\u00f4t un plat basque n'est-ce-pas ? les b\u00e9arnais m'excuseront donc de cette approximation mais quand m\u00eame le pays basque c'est vraiment pas loin\u2026","rel":"","context":"Dans &quot;Section Cuisine&quot;","block_context":{"text":"Section Cuisine","link":"https:\/\/labourdenne.fr\/index.php\/category\/atelier-cuisine\/"},"img":{"alt_text":"","src":"https:\/\/i0.wp.com\/labourdenne.fr\/wp-content\/uploads\/2017\/01\/IMG_8171-ANIMATION.gif?resize=350%2C200","width":350,"height":200,"srcset":"https:\/\/i0.wp.com\/labourdenne.fr\/wp-content\/uploads\/2017\/01\/IMG_8171-ANIMATION.gif?resize=350%2C200 1x, https:\/\/i0.wp.com\/labourdenne.fr\/wp-content\/uploads\/2017\/01\/IMG_8171-ANIMATION.gif?resize=525%2C300 1.5x"},"classes":[]},{"id":4028,"url":"https:\/\/labourdenne.fr\/index.php\/2024\/10\/12\/atelier-cuisine-du-12-octobre-2024\/","url_meta":{"origin":15,"position":1},"title":"Atelier cuisine du 12 octobre 2024","author":"Dani\u00e8le","date":"12 octobre 2024","format":false,"excerpt":"Ce samedi 12 octobre, apr\u00e8s un \"petit\"\u00a0 saut de puce de 2000 kilom\u00e8tres, les Marmitons ont quitt\u00e9 l\u2019Italie\u00a0pour la Bulgarie . Et c\u2019est Viktoria, originaire de ce beau pays, qui nous a r\u00e9gal\u00e9s avec, au menu, des toasts chauds au fromage pour accompagner l\u2019ap\u00e9ro \u2026 Des poivrons rouges et verts\u2026","rel":"","context":"Dans &quot;Section Cuisine&quot;","block_context":{"text":"Section Cuisine","link":"https:\/\/labourdenne.fr\/index.php\/category\/atelier-cuisine\/"},"img":{"alt_text":"","src":"","width":0,"height":0},"classes":[]},{"id":1004,"url":"https:\/\/labourdenne.fr\/index.php\/2016\/10\/15\/repas-du-15-octobre-voyage-en-inde\/","url_meta":{"origin":15,"position":2},"title":"Repas du 15 octobre : Voyage en Inde","author":"B\u00e9n\u00e9dicte Charpantier","date":"15 octobre 2016","format":false,"excerpt":"Nous sommes all\u00e9s loin samedi soir : nous sommes partis en Inde ! Une premi\u00e8re pour les marmitons. Apr\u00e8s des beignets de l\u00e9gumes, Corinne, qui \u00e9tait la cuisini\u00e8re en chef samedi, avait pr\u00e9vu un curry\u00a0d agneau... Amandes, piment, gingembre, coriandre fra\u00eeche, cumin, garam masala (m\u00e9lange d'\u00e9pices) ont relev\u00e9 avec subtilit\u00e9\u2026","rel":"","context":"Dans &quot;Section Cuisine&quot;","block_context":{"text":"Section Cuisine","link":"https:\/\/labourdenne.fr\/index.php\/category\/atelier-cuisine\/"},"img":{"alt_text":"","src":"https:\/\/i0.wp.com\/labourdenne.fr\/wp-content\/uploads\/2016\/10\/15.10.16-107-4.jpg?resize=350%2C200","width":350,"height":200,"srcset":"https:\/\/i0.wp.com\/labourdenne.fr\/wp-content\/uploads\/2016\/10\/15.10.16-107-4.jpg?resize=350%2C200 1x, https:\/\/i0.wp.com\/labourdenne.fr\/wp-content\/uploads\/2016\/10\/15.10.16-107-4.jpg?resize=525%2C300 1.5x, https:\/\/i0.wp.com\/labourdenne.fr\/wp-content\/uploads\/2016\/10\/15.10.16-107-4.jpg?resize=700%2C400 2x, https:\/\/i0.wp.com\/labourdenne.fr\/wp-content\/uploads\/2016\/10\/15.10.16-107-4.jpg?resize=1050%2C600 3x, https:\/\/i0.wp.com\/labourdenne.fr\/wp-content\/uploads\/2016\/10\/15.10.16-107-4.jpg?resize=1400%2C800 4x"},"classes":[]},{"id":3712,"url":"https:\/\/labourdenne.fr\/index.php\/2023\/05\/25\/samedi-3-juin-2023-dernier-repas-de-la-saison-en-mode-auberge-espagnole\/","url_meta":{"origin":15,"position":3},"title":"Samedi 3 juin 2023: Dernier repas de la saison en mode auberge espagnole","author":"Corinne","date":"25 mai 2023","format":false,"excerpt":"Nous nous retrouverons le samedi 3 juin \u00e0 19h30 \u00e0 l'Espace Sagette pour une auberge espagnole.","rel":"","context":"Dans &quot;Section Cuisine&quot;","block_context":{"text":"Section Cuisine","link":"https:\/\/labourdenne.fr\/index.php\/category\/atelier-cuisine\/"},"img":{"alt_text":"","src":"","width":0,"height":0},"classes":[]},{"id":4036,"url":"https:\/\/labourdenne.fr\/index.php\/2024\/12\/14\/atelier-cuisine-du-14-decembre\/","url_meta":{"origin":15,"position":4},"title":"Atelier cuisine du 14 d\u00e9cembre","author":"Dani\u00e8le","date":"14 d\u00e9cembre 2024","format":false,"excerpt":"Ce samedi 14 d\u00e9cembre, Les Marmitons avaient mis leurs souliers sous le sapin, pour f\u00eater No\u00ebl avec un peu d\u2019avance.","rel":"","context":"Dans &quot;Section Cuisine&quot;","block_context":{"text":"Section Cuisine","link":"https:\/\/labourdenne.fr\/index.php\/category\/atelier-cuisine\/"},"img":{"alt_text":"","src":"","width":0,"height":0},"classes":[]},{"id":4090,"url":"https:\/\/labourdenne.fr\/index.php\/2025\/02\/15\/atelier-cuisine-du-15-fevrier-poulet-cacao-de-lile-de-la-reunion\/","url_meta":{"origin":15,"position":5},"title":"Atelier cuisine du 15 f\u00e9vrier: Poulet Cacao de l&rsquo;\u00eele de La R\u00e9union","author":"Dani\u00e8le","date":"15 f\u00e9vrier 2025","format":false,"excerpt":"Du Canada \u00e0 l\u2019\u00eele de la R\u00e9union, juste un petit saut de puce de 15 834 km, all\u00e8grement franchis par les Marmitons, ce samedi, en compagnie de Marie-Ange pour go\u00fbter au Poulet Cacao, plat traditionnel. Et pour le dessert, c\u2019est une d\u00e9licieuse tarte au pomme au lait de coco qui\u2026","rel":"","context":"Dans &quot;Section Cuisine&quot;","block_context":{"text":"Section Cuisine","link":"https:\/\/labourdenne.fr\/index.php\/category\/atelier-cuisine\/"},"img":{"alt_text":"","src":"","width":0,"height":0},"classes":[]}],"_links":{"self":[{"href":"https:\/\/labourdenne.fr\/index.php\/wp-json\/wp\/v2\/posts\/15","targetHints":{"allow":["GET"]}}],"collection":[{"href":"https:\/\/labourdenne.fr\/index.php\/wp-json\/wp\/v2\/posts"}],"about":[{"href":"https:\/\/labourdenne.fr\/index.php\/wp-json\/wp\/v2\/types\/post"}],"author":[{"embeddable":true,"href":"https:\/\/labourdenne.fr\/index.php\/wp-json\/wp\/v2\/users\/2"}],"replies":[{"embeddable":true,"href":"https:\/\/labourdenne.fr\/index.php\/wp-json\/wp\/v2\/comments?post=15"}],"version-history":[{"count":2,"href":"https:\/\/labourdenne.fr\/index.php\/wp-json\/wp\/v2\/posts\/15\/revisions"}],"predecessor-version":[{"id":17,"href":"https:\/\/labourdenne.fr\/index.php\/wp-json\/wp\/v2\/posts\/15\/revisions\/17"}],"wp:attachment":[{"href":"https:\/\/labourdenne.fr\/index.php\/wp-json\/wp\/v2\/media?parent=15"}],"wp:term":[{"taxonomy":"category","embeddable":true,"href":"https:\/\/labourdenne.fr\/index.php\/wp-json\/wp\/v2\/categories?post=15"},{"taxonomy":"post_tag","embeddable":true,"href":"https:\/\/labourdenne.fr\/index.php\/wp-json\/wp\/v2\/tags?post=15"}],"curies":[{"name":"wp","href":"https:\/\/api.w.org\/{rel}","templated":true}]}}