{"id":1577,"date":"2018-01-20T23:11:50","date_gmt":"2018-01-20T22:11:50","guid":{"rendered":"http:\/\/labourdenne.fr\/?p=1577"},"modified":"2018-07-08T20:51:48","modified_gmt":"2018-07-08T19:51:48","slug":"repas-du-20-janvier-2018-carne-de-porco-a-lalentejana-et-doce-da-casa","status":"publish","type":"post","link":"https:\/\/labourdenne.fr\/index.php\/2018\/01\/20\/repas-du-20-janvier-2018-carne-de-porco-a-lalentejana-et-doce-da-casa\/","title":{"rendered":"REPAS DU 20 JANVIER 2018 CARNE DE PORCO A L&rsquo;ALENTEJANA ET DOCE DA CASA"},"content":{"rendered":"<p>Premier rendez-vous de l&rsquo;ann\u00e9e pour les marmitons \u00e0 la cantine de l&rsquo;\u00e9cole&#8230;pour un voyage dans le sud<br \/>\ndu Portugal, l&rsquo;Alentejo&#8230;<br \/>\nNous avons du composer avec un lieu plus petit, et avons investi le r\u00e9fectoire pour la pr\u00e9paration<br \/>\nde ces plats portugais. Les enfants encadr\u00e9s par Ad\u00e8le, Marie Lourdes et Annick ont aid\u00e9 \u00e0 la<br \/>\nr\u00e9alisation du dessert <strong>Doce da Casa<\/strong> avec ces petits biscuits typiques appel\u00e9s \u00ab\u00a0<em>bolacha maria<\/em>\u00ab\u00a0.<br \/>\nFatima, aid\u00e9e des marmitons, a pu r\u00e9aliser le plat principal <strong>Carne de Porco \u00e0 l&rsquo;Alentejana<\/strong> o\u00f9 viande et<br \/>\ncrustac\u00e9s se marient \u00e0 merveille.<\/p>\n<p><!--more--><\/p>\n<p class=\"jetpack-slideshow-noscript robots-nocontent\">Ce diaporama n\u00e9cessite JavaScript.<\/p><div id=\"gallery-1577-1-slideshow\" class=\"jetpack-slideshow-window jetpack-slideshow jetpack-slideshow-black\" data-trans=\"fade\" data-autostart=\"1\" data-gallery=\"[{&quot;src&quot;:&quot;https:\\\/\\\/i0.wp.com\\\/labourdenne.fr\\\/wp-content\\\/uploads\\\/2018\\\/01\\\/20.01.18-1.jpg?fit=2048%2C1536\\u0026ssl=1&quot;,&quot;id&quot;:&quot;1641&quot;,&quot;title&quot;:&quot;20.01.18 (1)&quot;,&quot;alt&quot;:&quot;&quot;,&quot;caption&quot;:&quot;&quot;,&quot;itemprop&quot;:&quot;image&quot;},{&quot;src&quot;:&quot;https:\\\/\\\/i0.wp.com\\\/labourdenne.fr\\\/wp-content\\\/uploads\\\/2018\\\/01\\\/20.01.18-2.jpg?fit=2048%2C1536\\u0026ssl=1&quot;,&quot;id&quot;:&quot;1642&quot;,&quot;title&quot;:&quot;20.01.18 (2)&quot;,&quot;alt&quot;:&quot;&quot;,&quot;caption&quot;:&quot;&quot;,&quot;itemprop&quot;:&quot;image&quot;},{&quot;src&quot;:&quot;https:\\\/\\\/i0.wp.com\\\/labourdenne.fr\\\/wp-content\\\/uploads\\\/2018\\\/01\\\/20.01.18-3.jpg?fit=2048%2C1536\\u0026ssl=1&quot;,&quot;id&quot;:&quot;1643&quot;,&quot;title&quot;:&quot;20.01.18 (3)&quot;,&quot;alt&quot;:&quot;&quot;,&quot;caption&quot;:&quot;&quot;,&quot;itemprop&quot;:&quot;image&quot;},{&quot;src&quot;:&quot;https:\\\/\\\/i0.wp.com\\\/labourdenne.fr\\\/wp-content\\\/uploads\\\/2018\\\/01\\\/20.01.18-6.jpg?fit=2048%2C1536\\u0026ssl=1&quot;,&quot;id&quot;:&quot;1645&quot;,&quot;title&quot;:&quot;20.01.18 (6)&quot;,&quot;alt&quot;:&quot;&quot;,&quot;caption&quot;:&quot;&quot;,&quot;itemprop&quot;:&quot;image&quot;},{&quot;src&quot;:&quot;https:\\\/\\\/i0.wp.com\\\/labourdenne.fr\\\/wp-content\\\/uploads\\\/2018\\\/01\\\/20.01.18-8.jpg?fit=2048%2C1536\\u0026ssl=1&quot;,&quot;id&quot;:&quot;1647&quot;,&quot;title&quot;:&quot;20.01.18 (8)&quot;,&quot;alt&quot;:&quot;&quot;,&quot;caption&quot;:&quot;&quot;,&quot;itemprop&quot;:&quot;image&quot;},{&quot;src&quot;:&quot;https:\\\/\\\/i0.wp.com\\\/labourdenne.fr\\\/wp-content\\\/uploads\\\/2018\\\/01\\\/20.01.18-9.jpg?fit=2048%2C1536\\u0026ssl=1&quot;,&quot;id&quot;:&quot;1648&quot;,&quot;title&quot;:&quot;20.01.18 (9)&quot;,&quot;alt&quot;:&quot;&quot;,&quot;caption&quot;:&quot;&quot;,&quot;itemprop&quot;:&quot;image&quot;},{&quot;src&quot;:&quot;https:\\\/\\\/i0.wp.com\\\/labourdenne.fr\\\/wp-content\\\/uploads\\\/2018\\\/01\\\/20.01.18-10.jpg?fit=2048%2C1536\\u0026ssl=1&quot;,&quot;id&quot;:&quot;1649&quot;,&quot;title&quot;:&quot;20.01.18 (10)&quot;,&quot;alt&quot;:&quot;&quot;,&quot;caption&quot;:&quot;&quot;,&quot;itemprop&quot;:&quot;image&quot;},{&quot;src&quot;:&quot;https:\\\/\\\/i0.wp.com\\\/labourdenne.fr\\\/wp-content\\\/uploads\\\/2018\\\/01\\\/20.01.18-11.jpg?fit=2048%2C1536\\u0026ssl=1&quot;,&quot;id&quot;:&quot;1650&quot;,&quot;title&quot;:&quot;20.01.18 (11)&quot;,&quot;alt&quot;:&quot;&quot;,&quot;caption&quot;:&quot;&quot;,&quot;itemprop&quot;:&quot;image&quot;},{&quot;src&quot;:&quot;https:\\\/\\\/i0.wp.com\\\/labourdenne.fr\\\/wp-content\\\/uploads\\\/2018\\\/01\\\/20.01.18-13.jpg?fit=2048%2C1536\\u0026ssl=1&quot;,&quot;id&quot;:&quot;1651&quot;,&quot;title&quot;:&quot;20.01.18 (13)&quot;,&quot;alt&quot;:&quot;&quot;,&quot;caption&quot;:&quot;&quot;,&quot;itemprop&quot;:&quot;image&quot;},{&quot;src&quot;:&quot;https:\\\/\\\/i0.wp.com\\\/labourdenne.fr\\\/wp-content\\\/uploads\\\/2018\\\/01\\\/20.01.18-17.jpg?fit=2048%2C1536\\u0026ssl=1&quot;,&quot;id&quot;:&quot;1653&quot;,&quot;title&quot;:&quot;20.01.18 (17)&quot;,&quot;alt&quot;:&quot;&quot;,&quot;caption&quot;:&quot;&quot;,&quot;itemprop&quot;:&quot;image&quot;},{&quot;src&quot;:&quot;https:\\\/\\\/i0.wp.com\\\/labourdenne.fr\\\/wp-content\\\/uploads\\\/2018\\\/01\\\/20.01.18-18.jpg?fit=2048%2C1536\\u0026ssl=1&quot;,&quot;id&quot;:&quot;1654&quot;,&quot;title&quot;:&quot;20.01.18 (18)&quot;,&quot;alt&quot;:&quot;&quot;,&quot;caption&quot;:&quot;&quot;,&quot;itemprop&quot;:&quot;image&quot;},{&quot;src&quot;:&quot;https:\\\/\\\/i0.wp.com\\\/labourdenne.fr\\\/wp-content\\\/uploads\\\/2018\\\/01\\\/20.01.18-19.jpg?fit=2048%2C1536\\u0026ssl=1&quot;,&quot;id&quot;:&quot;1655&quot;,&quot;title&quot;:&quot;20.01.18 (19)&quot;,&quot;alt&quot;:&quot;&quot;,&quot;caption&quot;:&quot;&quot;,&quot;itemprop&quot;:&quot;image&quot;},{&quot;src&quot;:&quot;https:\\\/\\\/i0.wp.com\\\/labourdenne.fr\\\/wp-content\\\/uploads\\\/2018\\\/01\\\/20.01.18-21.jpg?fit=2048%2C1536\\u0026ssl=1&quot;,&quot;id&quot;:&quot;1656&quot;,&quot;title&quot;:&quot;20.01.18 (21)&quot;,&quot;alt&quot;:&quot;&quot;,&quot;caption&quot;:&quot;&quot;,&quot;itemprop&quot;:&quot;image&quot;},{&quot;src&quot;:&quot;https:\\\/\\\/i0.wp.com\\\/labourdenne.fr\\\/wp-content\\\/uploads\\\/2018\\\/01\\\/20.01.18-22.jpg?fit=2048%2C1536\\u0026ssl=1&quot;,&quot;id&quot;:&quot;1657&quot;,&quot;title&quot;:&quot;20.01.18 (22)&quot;,&quot;alt&quot;:&quot;&quot;,&quot;caption&quot;:&quot;&quot;,&quot;itemprop&quot;:&quot;image&quot;},{&quot;src&quot;:&quot;https:\\\/\\\/i0.wp.com\\\/labourdenne.fr\\\/wp-content\\\/uploads\\\/2018\\\/01\\\/20.01.18-23.jpg?fit=2048%2C1536\\u0026ssl=1&quot;,&quot;id&quot;:&quot;1658&quot;,&quot;title&quot;:&quot;20.01.18 (23)&quot;,&quot;alt&quot;:&quot;&quot;,&quot;caption&quot;:&quot;&quot;,&quot;itemprop&quot;:&quot;image&quot;},{&quot;src&quot;:&quot;https:\\\/\\\/i0.wp.com\\\/labourdenne.fr\\\/wp-content\\\/uploads\\\/2018\\\/01\\\/20.01.18-24.jpg?fit=2048%2C1536\\u0026ssl=1&quot;,&quot;id&quot;:&quot;1659&quot;,&quot;title&quot;:&quot;20.01.18 (24)&quot;,&quot;alt&quot;:&quot;&quot;,&quot;caption&quot;:&quot;&quot;,&quot;itemprop&quot;:&quot;image&quot;},{&quot;src&quot;:&quot;https:\\\/\\\/i0.wp.com\\\/labourdenne.fr\\\/wp-content\\\/uploads\\\/2018\\\/01\\\/20.01.18-25.jpg?fit=2048%2C1536\\u0026ssl=1&quot;,&quot;id&quot;:&quot;1660&quot;,&quot;title&quot;:&quot;20.01.18 (25)&quot;,&quot;alt&quot;:&quot;&quot;,&quot;caption&quot;:&quot;&quot;,&quot;itemprop&quot;:&quot;image&quot;},{&quot;src&quot;:&quot;https:\\\/\\\/i0.wp.com\\\/labourdenne.fr\\\/wp-content\\\/uploads\\\/2018\\\/01\\\/20.01.18-26.jpg?fit=2048%2C1536\\u0026ssl=1&quot;,&quot;id&quot;:&quot;1661&quot;,&quot;title&quot;:&quot;20.01.18 (26)&quot;,&quot;alt&quot;:&quot;&quot;,&quot;caption&quot;:&quot;&quot;,&quot;itemprop&quot;:&quot;image&quot;},{&quot;src&quot;:&quot;https:\\\/\\\/i0.wp.com\\\/labourdenne.fr\\\/wp-content\\\/uploads\\\/2018\\\/01\\\/20.01.18-27.jpg?fit=2048%2C1536\\u0026ssl=1&quot;,&quot;id&quot;:&quot;1662&quot;,&quot;title&quot;:&quot;20.01.18 (27)&quot;,&quot;alt&quot;:&quot;&quot;,&quot;caption&quot;:&quot;&quot;,&quot;itemprop&quot;:&quot;image&quot;},{&quot;src&quot;:&quot;https:\\\/\\\/i0.wp.com\\\/labourdenne.fr\\\/wp-content\\\/uploads\\\/2018\\\/01\\\/20.01.18-28.jpg?fit=2048%2C1536\\u0026ssl=1&quot;,&quot;id&quot;:&quot;1663&quot;,&quot;title&quot;:&quot;20.01.18 (28)&quot;,&quot;alt&quot;:&quot;&quot;,&quot;caption&quot;:&quot;&quot;,&quot;itemprop&quot;:&quot;image&quot;},{&quot;src&quot;:&quot;https:\\\/\\\/i0.wp.com\\\/labourdenne.fr\\\/wp-content\\\/uploads\\\/2018\\\/01\\\/20.01.18-30.jpg?fit=2048%2C1536\\u0026ssl=1&quot;,&quot;id&quot;:&quot;1664&quot;,&quot;title&quot;:&quot;20.01.18 (30)&quot;,&quot;alt&quot;:&quot;&quot;,&quot;caption&quot;:&quot;&quot;,&quot;itemprop&quot;:&quot;image&quot;},{&quot;src&quot;:&quot;https:\\\/\\\/i0.wp.com\\\/labourdenne.fr\\\/wp-content\\\/uploads\\\/2018\\\/01\\\/20.01.18-32.jpg?fit=2048%2C1536\\u0026ssl=1&quot;,&quot;id&quot;:&quot;1665&quot;,&quot;title&quot;:&quot;20.01.18 (32)&quot;,&quot;alt&quot;:&quot;&quot;,&quot;caption&quot;:&quot;&quot;,&quot;itemprop&quot;:&quot;image&quot;},{&quot;src&quot;:&quot;https:\\\/\\\/i0.wp.com\\\/labourdenne.fr\\\/wp-content\\\/uploads\\\/2018\\\/01\\\/20.01.18-33.jpg?fit=2048%2C1536\\u0026ssl=1&quot;,&quot;id&quot;:&quot;1666&quot;,&quot;title&quot;:&quot;20.01.18 (33)&quot;,&quot;alt&quot;:&quot;&quot;,&quot;caption&quot;:&quot;&quot;,&quot;itemprop&quot;:&quot;image&quot;},{&quot;src&quot;:&quot;https:\\\/\\\/i0.wp.com\\\/labourdenne.fr\\\/wp-content\\\/uploads\\\/2018\\\/01\\\/20.01.18-34.jpg?fit=2048%2C1536\\u0026ssl=1&quot;,&quot;id&quot;:&quot;1667&quot;,&quot;title&quot;:&quot;20.01.18 (34)&quot;,&quot;alt&quot;:&quot;&quot;,&quot;caption&quot;:&quot;&quot;,&quot;itemprop&quot;:&quot;image&quot;},{&quot;src&quot;:&quot;https:\\\/\\\/i0.wp.com\\\/labourdenne.fr\\\/wp-content\\\/uploads\\\/2018\\\/01\\\/20.01.18-35.jpg?fit=2048%2C1536\\u0026ssl=1&quot;,&quot;id&quot;:&quot;1668&quot;,&quot;title&quot;:&quot;20.01.18 (35)&quot;,&quot;alt&quot;:&quot;&quot;,&quot;caption&quot;:&quot;&quot;,&quot;itemprop&quot;:&quot;image&quot;},{&quot;src&quot;:&quot;https:\\\/\\\/i0.wp.com\\\/labourdenne.fr\\\/wp-content\\\/uploads\\\/2018\\\/01\\\/20.01.18-37.jpg?fit=2048%2C1536\\u0026ssl=1&quot;,&quot;id&quot;:&quot;1669&quot;,&quot;title&quot;:&quot;20.01.18 (37)&quot;,&quot;alt&quot;:&quot;&quot;,&quot;caption&quot;:&quot;&quot;,&quot;itemprop&quot;:&quot;image&quot;},{&quot;src&quot;:&quot;https:\\\/\\\/i0.wp.com\\\/labourdenne.fr\\\/wp-content\\\/uploads\\\/2018\\\/01\\\/20.01.18-38.jpg?fit=2048%2C1536\\u0026ssl=1&quot;,&quot;id&quot;:&quot;1670&quot;,&quot;title&quot;:&quot;20.01.18 (38)&quot;,&quot;alt&quot;:&quot;&quot;,&quot;caption&quot;:&quot;&quot;,&quot;itemprop&quot;:&quot;image&quot;},{&quot;src&quot;:&quot;https:\\\/\\\/i0.wp.com\\\/labourdenne.fr\\\/wp-content\\\/uploads\\\/2018\\\/01\\\/20.01.18-39.jpg?fit=2048%2C1536\\u0026ssl=1&quot;,&quot;id&quot;:&quot;1671&quot;,&quot;title&quot;:&quot;20.01.18 (39)&quot;,&quot;alt&quot;:&quot;&quot;,&quot;caption&quot;:&quot;&quot;,&quot;itemprop&quot;:&quot;image&quot;},{&quot;src&quot;:&quot;https:\\\/\\\/i0.wp.com\\\/labourdenne.fr\\\/wp-content\\\/uploads\\\/2018\\\/01\\\/20.01.18-40.jpg?fit=2048%2C1536\\u0026ssl=1&quot;,&quot;id&quot;:&quot;1672&quot;,&quot;title&quot;:&quot;20.01.18 (40)&quot;,&quot;alt&quot;:&quot;&quot;,&quot;caption&quot;:&quot;&quot;,&quot;itemprop&quot;:&quot;image&quot;},{&quot;src&quot;:&quot;https:\\\/\\\/i0.wp.com\\\/labourdenne.fr\\\/wp-content\\\/uploads\\\/2018\\\/01\\\/20.01.18-42.jpg?fit=2048%2C1536\\u0026ssl=1&quot;,&quot;id&quot;:&quot;1673&quot;,&quot;title&quot;:&quot;20.01.18 (42)&quot;,&quot;alt&quot;:&quot;&quot;,&quot;caption&quot;:&quot;&quot;,&quot;itemprop&quot;:&quot;image&quot;},{&quot;src&quot;:&quot;https:\\\/\\\/i0.wp.com\\\/labourdenne.fr\\\/wp-content\\\/uploads\\\/2018\\\/01\\\/20.01.18-44.jpg?fit=2048%2C1536\\u0026ssl=1&quot;,&quot;id&quot;:&quot;1674&quot;,&quot;title&quot;:&quot;20.01.18 (44)&quot;,&quot;alt&quot;:&quot;&quot;,&quot;caption&quot;:&quot;&quot;,&quot;itemprop&quot;:&quot;image&quot;},{&quot;src&quot;:&quot;https:\\\/\\\/i0.wp.com\\\/labourdenne.fr\\\/wp-content\\\/uploads\\\/2018\\\/01\\\/20.01.18-47.jpg?fit=2048%2C1536\\u0026ssl=1&quot;,&quot;id&quot;:&quot;1675&quot;,&quot;title&quot;:&quot;20.01.18 (47)&quot;,&quot;alt&quot;:&quot;&quot;,&quot;caption&quot;:&quot;&quot;,&quot;itemprop&quot;:&quot;image&quot;},{&quot;src&quot;:&quot;https:\\\/\\\/i0.wp.com\\\/labourdenne.fr\\\/wp-content\\\/uploads\\\/2018\\\/01\\\/20.01.18-48.jpg?fit=2048%2C1536\\u0026ssl=1&quot;,&quot;id&quot;:&quot;1676&quot;,&quot;title&quot;:&quot;20.01.18 (48)&quot;,&quot;alt&quot;:&quot;&quot;,&quot;caption&quot;:&quot;&quot;,&quot;itemprop&quot;:&quot;image&quot;},{&quot;src&quot;:&quot;https:\\\/\\\/i0.wp.com\\\/labourdenne.fr\\\/wp-content\\\/uploads\\\/2018\\\/01\\\/20.01.18-49.jpg?fit=2048%2C1536\\u0026ssl=1&quot;,&quot;id&quot;:&quot;1677&quot;,&quot;title&quot;:&quot;20.01.18 (49)&quot;,&quot;alt&quot;:&quot;&quot;,&quot;caption&quot;:&quot;&quot;,&quot;itemprop&quot;:&quot;image&quot;},{&quot;src&quot;:&quot;https:\\\/\\\/i0.wp.com\\\/labourdenne.fr\\\/wp-content\\\/uploads\\\/2018\\\/01\\\/20.01.18-50.jpg?fit=2048%2C1536\\u0026ssl=1&quot;,&quot;id&quot;:&quot;1678&quot;,&quot;title&quot;:&quot;20.01.18 (50)&quot;,&quot;alt&quot;:&quot;&quot;,&quot;caption&quot;:&quot;&quot;,&quot;itemprop&quot;:&quot;image&quot;},{&quot;src&quot;:&quot;https:\\\/\\\/i0.wp.com\\\/labourdenne.fr\\\/wp-content\\\/uploads\\\/2018\\\/01\\\/20.01.18-51.jpg?fit=2048%2C1536\\u0026ssl=1&quot;,&quot;id&quot;:&quot;1679&quot;,&quot;title&quot;:&quot;20.01.18 (51)&quot;,&quot;alt&quot;:&quot;&quot;,&quot;caption&quot;:&quot;&quot;,&quot;itemprop&quot;:&quot;image&quot;},{&quot;src&quot;:&quot;https:\\\/\\\/i0.wp.com\\\/labourdenne.fr\\\/wp-content\\\/uploads\\\/2018\\\/01\\\/20.01.18-52.jpg?fit=2048%2C1536\\u0026ssl=1&quot;,&quot;id&quot;:&quot;1680&quot;,&quot;title&quot;:&quot;20.01.18 (52)&quot;,&quot;alt&quot;:&quot;&quot;,&quot;caption&quot;:&quot;&quot;,&quot;itemprop&quot;:&quot;image&quot;},{&quot;src&quot;:&quot;https:\\\/\\\/i0.wp.com\\\/labourdenne.fr\\\/wp-content\\\/uploads\\\/2018\\\/01\\\/20.01.18-53.jpg?fit=2048%2C1536\\u0026ssl=1&quot;,&quot;id&quot;:&quot;1681&quot;,&quot;title&quot;:&quot;20.01.18 (53)&quot;,&quot;alt&quot;:&quot;&quot;,&quot;caption&quot;:&quot;&quot;,&quot;itemprop&quot;:&quot;image&quot;},{&quot;src&quot;:&quot;https:\\\/\\\/i0.wp.com\\\/labourdenne.fr\\\/wp-content\\\/uploads\\\/2018\\\/01\\\/20.01.18-54.jpg?fit=2048%2C1536\\u0026ssl=1&quot;,&quot;id&quot;:&quot;1682&quot;,&quot;title&quot;:&quot;20.01.18 (54)&quot;,&quot;alt&quot;:&quot;&quot;,&quot;caption&quot;:&quot;&quot;,&quot;itemprop&quot;:&quot;image&quot;},{&quot;src&quot;:&quot;https:\\\/\\\/i0.wp.com\\\/labourdenne.fr\\\/wp-content\\\/uploads\\\/2018\\\/01\\\/20.01.18-55.jpg?fit=2048%2C1536\\u0026ssl=1&quot;,&quot;id&quot;:&quot;1683&quot;,&quot;title&quot;:&quot;20.01.18 (55)&quot;,&quot;alt&quot;:&quot;&quot;,&quot;caption&quot;:&quot;&quot;,&quot;itemprop&quot;:&quot;image&quot;},{&quot;src&quot;:&quot;https:\\\/\\\/i0.wp.com\\\/labourdenne.fr\\\/wp-content\\\/uploads\\\/2018\\\/01\\\/20.01.18-60.jpg?fit=2048%2C1536\\u0026ssl=1&quot;,&quot;id&quot;:&quot;1684&quot;,&quot;title&quot;:&quot;20.01.18 (60)&quot;,&quot;alt&quot;:&quot;&quot;,&quot;caption&quot;:&quot;&quot;,&quot;itemprop&quot;:&quot;image&quot;},{&quot;src&quot;:&quot;https:\\\/\\\/i0.wp.com\\\/labourdenne.fr\\\/wp-content\\\/uploads\\\/2018\\\/01\\\/20.01.18-64.jpg?fit=2048%2C1536\\u0026ssl=1&quot;,&quot;id&quot;:&quot;1685&quot;,&quot;title&quot;:&quot;20.01.18 (64)&quot;,&quot;alt&quot;:&quot;&quot;,&quot;caption&quot;:&quot;&quot;,&quot;itemprop&quot;:&quot;image&quot;},{&quot;src&quot;:&quot;https:\\\/\\\/i0.wp.com\\\/labourdenne.fr\\\/wp-content\\\/uploads\\\/2018\\\/01\\\/20.01.18-65.jpg?fit=2048%2C1536\\u0026ssl=1&quot;,&quot;id&quot;:&quot;1686&quot;,&quot;title&quot;:&quot;20.01.18 (65)&quot;,&quot;alt&quot;:&quot;&quot;,&quot;caption&quot;:&quot;&quot;,&quot;itemprop&quot;:&quot;image&quot;},{&quot;src&quot;:&quot;https:\\\/\\\/i0.wp.com\\\/labourdenne.fr\\\/wp-content\\\/uploads\\\/2018\\\/01\\\/20.01.18-66.jpg?fit=2048%2C1536\\u0026ssl=1&quot;,&quot;id&quot;:&quot;1687&quot;,&quot;title&quot;:&quot;20.01.18 (66)&quot;,&quot;alt&quot;:&quot;&quot;,&quot;caption&quot;:&quot;&quot;,&quot;itemprop&quot;:&quot;image&quot;},{&quot;src&quot;:&quot;https:\\\/\\\/i0.wp.com\\\/labourdenne.fr\\\/wp-content\\\/uploads\\\/2018\\\/01\\\/20.01.18-68.jpg?fit=2048%2C1536\\u0026ssl=1&quot;,&quot;id&quot;:&quot;1688&quot;,&quot;title&quot;:&quot;20.01.18 (68)&quot;,&quot;alt&quot;:&quot;&quot;,&quot;caption&quot;:&quot;&quot;,&quot;itemprop&quot;:&quot;image&quot;},{&quot;src&quot;:&quot;https:\\\/\\\/i0.wp.com\\\/labourdenne.fr\\\/wp-content\\\/uploads\\\/2018\\\/01\\\/20.01.18-70.jpg?fit=1536%2C2048\\u0026ssl=1&quot;,&quot;id&quot;:&quot;1689&quot;,&quot;title&quot;:&quot;20.01.18 (70)&quot;,&quot;alt&quot;:&quot;&quot;,&quot;caption&quot;:&quot;&quot;,&quot;itemprop&quot;:&quot;image&quot;},{&quot;src&quot;:&quot;https:\\\/\\\/i0.wp.com\\\/labourdenne.fr\\\/wp-content\\\/uploads\\\/2018\\\/01\\\/20.01.18-73.jpg?fit=2048%2C1536\\u0026ssl=1&quot;,&quot;id&quot;:&quot;1690&quot;,&quot;title&quot;:&quot;20.01.18 (73)&quot;,&quot;alt&quot;:&quot;&quot;,&quot;caption&quot;:&quot;&quot;,&quot;itemprop&quot;:&quot;image&quot;},{&quot;src&quot;:&quot;https:\\\/\\\/i0.wp.com\\\/labourdenne.fr\\\/wp-content\\\/uploads\\\/2018\\\/04\\\/20.01.18-74.jpg?fit=2048%2C1536\\u0026ssl=1&quot;,&quot;id&quot;:&quot;1691&quot;,&quot;title&quot;:&quot;20.01.18 (74)&quot;,&quot;alt&quot;:&quot;&quot;,&quot;caption&quot;:&quot;&quot;,&quot;itemprop&quot;:&quot;image&quot;},{&quot;src&quot;:&quot;https:\\\/\\\/i0.wp.com\\\/labourdenne.fr\\\/wp-content\\\/uploads\\\/2018\\\/04\\\/20.01.18-75.jpg?fit=2048%2C1536\\u0026ssl=1&quot;,&quot;id&quot;:&quot;1692&quot;,&quot;title&quot;:&quot;20.01.18 (75)&quot;,&quot;alt&quot;:&quot;&quot;,&quot;caption&quot;:&quot;&quot;,&quot;itemprop&quot;:&quot;image&quot;},{&quot;src&quot;:&quot;https:\\\/\\\/i0.wp.com\\\/labourdenne.fr\\\/wp-content\\\/uploads\\\/2018\\\/04\\\/20.01.18-76.jpg?fit=2048%2C1536\\u0026ssl=1&quot;,&quot;id&quot;:&quot;1693&quot;,&quot;title&quot;:&quot;20.01.18 (76)&quot;,&quot;alt&quot;:&quot;&quot;,&quot;caption&quot;:&quot;&quot;,&quot;itemprop&quot;:&quot;image&quot;},{&quot;src&quot;:&quot;https:\\\/\\\/i0.wp.com\\\/labourdenne.fr\\\/wp-content\\\/uploads\\\/2018\\\/04\\\/20.01.18-77.jpg?fit=2048%2C1536\\u0026ssl=1&quot;,&quot;id&quot;:&quot;1694&quot;,&quot;title&quot;:&quot;20.01.18 (77)&quot;,&quot;alt&quot;:&quot;&quot;,&quot;caption&quot;:&quot;&quot;,&quot;itemprop&quot;:&quot;image&quot;},{&quot;src&quot;:&quot;https:\\\/\\\/i0.wp.com\\\/labourdenne.fr\\\/wp-content\\\/uploads\\\/2018\\\/04\\\/20.01.18-78.jpg?fit=2048%2C1536\\u0026ssl=1&quot;,&quot;id&quot;:&quot;1695&quot;,&quot;title&quot;:&quot;20.01.18 (78)&quot;,&quot;alt&quot;:&quot;&quot;,&quot;caption&quot;:&quot;&quot;,&quot;itemprop&quot;:&quot;image&quot;},{&quot;src&quot;:&quot;https:\\\/\\\/i0.wp.com\\\/labourdenne.fr\\\/wp-content\\\/uploads\\\/2018\\\/04\\\/20.01.18-79.jpg?fit=2048%2C1536\\u0026ssl=1&quot;,&quot;id&quot;:&quot;1696&quot;,&quot;title&quot;:&quot;20.01.18 (79)&quot;,&quot;alt&quot;:&quot;&quot;,&quot;caption&quot;:&quot;&quot;,&quot;itemprop&quot;:&quot;image&quot;}]\" itemscope itemtype=\"https:\/\/schema.org\/ImageGallery\"><\/div>\n<p>Cantine oblige, nous avons fait deux services; les enfants puis le reste de la troupe. L&rsquo;ap\u00e9ro nous<br \/>\na fait patienter&#8230; Notre rendez-vous s&rsquo;est d\u00e9roul\u00e9 une fois de plus dans la bonne humeur.<\/p>\n<p>Je tiens \u00e0 remercier Monsieur le Maire de la confiance qu&rsquo;il nous accorde pour nous pr\u00eater ces locaux,<br \/>\nsans ce pr\u00eat nous n&rsquo;aurions pu honorer cet atelier.<br \/>\nNous avons su nous adapter sans aucun probl\u00e8me et le r\u00e9fectoire a vu sa moyenne d&rsquo;\u00e2ge un peu plus \u00e9lev\u00e9e qu&rsquo;\u00e0 l&rsquo;accoutum\u00e9e&#8230;<\/p>\n<p>Voici les dates de nos prochains ateliers (sous r\u00e9serve de demande de changement de la mairie):<\/p>\n<ul>\n<li>17 f\u00e9vrier,<\/li>\n<li>24 mars,<\/li>\n<li>28 avril,<\/li>\n<li>26 mai,<\/li>\n<li>23 juin.<\/li>\n<\/ul>\n<p><a href=\"http:\/\/labourdenne.fr\/wp-content\/uploads\/2018\/01\/CARNE-DE-PORCO-A-ALENTEJANA.pdf\">CARNE DE PORCO A ALENTEJANA<\/a><\/p>\n<p><a href=\"http:\/\/labourdenne.fr\/wp-content\/uploads\/2018\/01\/DOCE-DA-CASA.pdf\">DOCE DA CASA<\/a><\/p>\n<p><a href=\"http:\/\/labourdenne.fr\/wp-content\/uploads\/2018\/01\/CAKE-FATIMA-A-LAPERO.pdf\">CAKE FATIMA A L&rsquo;APERO<\/a><\/p>\n<p class=\"jetpack-slideshow-noscript robots-nocontent\">Ce diaporama n\u00e9cessite JavaScript.<\/p><div id=\"gallery-1577-2-slideshow\" class=\"jetpack-slideshow-window jetpack-slideshow jetpack-slideshow-black\" data-trans=\"fade\" data-autostart=\"1\" data-gallery=\"[{&quot;src&quot;:&quot;https:\\\/\\\/i0.wp.com\\\/labourdenne.fr\\\/wp-content\\\/uploads\\\/2018\\\/01\\\/IMAG1463.jpg?fit=574%2C1024\\u0026ssl=1&quot;,&quot;id&quot;:&quot;1582&quot;,&quot;title&quot;:&quot;IMAG1463&quot;,&quot;alt&quot;:&quot;&quot;,&quot;caption&quot;:&quot;&quot;,&quot;itemprop&quot;:&quot;image&quot;},{&quot;src&quot;:&quot;https:\\\/\\\/i0.wp.com\\\/labourdenne.fr\\\/wp-content\\\/uploads\\\/2018\\\/01\\\/IMAG1509.jpg?fit=574%2C1024\\u0026ssl=1&quot;,&quot;id&quot;:&quot;1609&quot;,&quot;title&quot;:&quot;IMAG1509&quot;,&quot;alt&quot;:&quot;&quot;,&quot;caption&quot;:&quot;&quot;,&quot;itemprop&quot;:&quot;image&quot;},{&quot;src&quot;:&quot;https:\\\/\\\/i0.wp.com\\\/labourdenne.fr\\\/wp-content\\\/uploads\\\/2018\\\/01\\\/IMAG1508.jpg?fit=574%2C1024\\u0026ssl=1&quot;,&quot;id&quot;:&quot;1608&quot;,&quot;title&quot;:&quot;IMAG1508&quot;,&quot;alt&quot;:&quot;&quot;,&quot;caption&quot;:&quot;&quot;,&quot;itemprop&quot;:&quot;image&quot;},{&quot;src&quot;:&quot;https:\\\/\\\/i0.wp.com\\\/labourdenne.fr\\\/wp-content\\\/uploads\\\/2018\\\/01\\\/IMAG1507.jpg?fit=574%2C1024\\u0026ssl=1&quot;,&quot;id&quot;:&quot;1607&quot;,&quot;title&quot;:&quot;IMAG1507&quot;,&quot;alt&quot;:&quot;&quot;,&quot;caption&quot;:&quot;&quot;,&quot;itemprop&quot;:&quot;image&quot;},{&quot;src&quot;:&quot;https:\\\/\\\/i0.wp.com\\\/labourdenne.fr\\\/wp-content\\\/uploads\\\/2018\\\/01\\\/IMAG1506.jpg?fit=646%2C362\\u0026ssl=1&quot;,&quot;id&quot;:&quot;1606&quot;,&quot;title&quot;:&quot;IMAG1506&quot;,&quot;alt&quot;:&quot;&quot;,&quot;caption&quot;:&quot;&quot;,&quot;itemprop&quot;:&quot;image&quot;},{&quot;src&quot;:&quot;https:\\\/\\\/i0.wp.com\\\/labourdenne.fr\\\/wp-content\\\/uploads\\\/2018\\\/01\\\/IMAG1505.jpg?fit=574%2C1024\\u0026ssl=1&quot;,&quot;id&quot;:&quot;1605&quot;,&quot;title&quot;:&quot;IMAG1505&quot;,&quot;alt&quot;:&quot;&quot;,&quot;caption&quot;:&quot;&quot;,&quot;itemprop&quot;:&quot;image&quot;},{&quot;src&quot;:&quot;https:\\\/\\\/i0.wp.com\\\/labourdenne.fr\\\/wp-content\\\/uploads\\\/2018\\\/01\\\/IMAG1504.jpg?fit=646%2C362\\u0026ssl=1&quot;,&quot;id&quot;:&quot;1604&quot;,&quot;title&quot;:&quot;IMAG1504&quot;,&quot;alt&quot;:&quot;&quot;,&quot;caption&quot;:&quot;&quot;,&quot;itemprop&quot;:&quot;image&quot;},{&quot;src&quot;:&quot;https:\\\/\\\/i0.wp.com\\\/labourdenne.fr\\\/wp-content\\\/uploads\\\/2018\\\/01\\\/IMAG1503.jpg?fit=646%2C362\\u0026ssl=1&quot;,&quot;id&quot;:&quot;1603&quot;,&quot;title&quot;:&quot;IMAG1503&quot;,&quot;alt&quot;:&quot;&quot;,&quot;caption&quot;:&quot;&quot;,&quot;itemprop&quot;:&quot;image&quot;},{&quot;src&quot;:&quot;https:\\\/\\\/i0.wp.com\\\/labourdenne.fr\\\/wp-content\\\/uploads\\\/2018\\\/01\\\/IMAG1492.jpg?fit=646%2C362\\u0026ssl=1&quot;,&quot;id&quot;:&quot;1602&quot;,&quot;title&quot;:&quot;IMAG1492&quot;,&quot;alt&quot;:&quot;&quot;,&quot;caption&quot;:&quot;&quot;,&quot;itemprop&quot;:&quot;image&quot;},{&quot;src&quot;:&quot;https:\\\/\\\/i0.wp.com\\\/labourdenne.fr\\\/wp-content\\\/uploads\\\/2018\\\/01\\\/IMAG1491.jpg?fit=646%2C362\\u0026ssl=1&quot;,&quot;id&quot;:&quot;1601&quot;,&quot;title&quot;:&quot;IMAG1491&quot;,&quot;alt&quot;:&quot;&quot;,&quot;caption&quot;:&quot;&quot;,&quot;itemprop&quot;:&quot;image&quot;},{&quot;src&quot;:&quot;https:\\\/\\\/i0.wp.com\\\/labourdenne.fr\\\/wp-content\\\/uploads\\\/2018\\\/01\\\/IMAG1490.jpg?fit=574%2C1024\\u0026ssl=1&quot;,&quot;id&quot;:&quot;1600&quot;,&quot;title&quot;:&quot;IMAG1490&quot;,&quot;alt&quot;:&quot;&quot;,&quot;caption&quot;:&quot;&quot;,&quot;itemprop&quot;:&quot;image&quot;},{&quot;src&quot;:&quot;https:\\\/\\\/i0.wp.com\\\/labourdenne.fr\\\/wp-content\\\/uploads\\\/2018\\\/01\\\/IMAG1489.jpg?fit=574%2C1024\\u0026ssl=1&quot;,&quot;id&quot;:&quot;1599&quot;,&quot;title&quot;:&quot;IMAG1489&quot;,&quot;alt&quot;:&quot;&quot;,&quot;caption&quot;:&quot;&quot;,&quot;itemprop&quot;:&quot;image&quot;},{&quot;src&quot;:&quot;https:\\\/\\\/i0.wp.com\\\/labourdenne.fr\\\/wp-content\\\/uploads\\\/2018\\\/01\\\/IMAG1488.jpg?fit=574%2C1024\\u0026ssl=1&quot;,&quot;id&quot;:&quot;1598&quot;,&quot;title&quot;:&quot;IMAG1488&quot;,&quot;alt&quot;:&quot;&quot;,&quot;caption&quot;:&quot;&quot;,&quot;itemprop&quot;:&quot;image&quot;},{&quot;src&quot;:&quot;https:\\\/\\\/i0.wp.com\\\/labourdenne.fr\\\/wp-content\\\/uploads\\\/2018\\\/01\\\/IMAG1487.jpg?fit=574%2C1024\\u0026ssl=1&quot;,&quot;id&quot;:&quot;1597&quot;,&quot;title&quot;:&quot;IMAG1487&quot;,&quot;alt&quot;:&quot;&quot;,&quot;caption&quot;:&quot;&quot;,&quot;itemprop&quot;:&quot;image&quot;},{&quot;src&quot;:&quot;https:\\\/\\\/i0.wp.com\\\/labourdenne.fr\\\/wp-content\\\/uploads\\\/2018\\\/01\\\/IMAG1486.jpg?fit=646%2C362\\u0026ssl=1&quot;,&quot;id&quot;:&quot;1596&quot;,&quot;title&quot;:&quot;IMAG1486&quot;,&quot;alt&quot;:&quot;&quot;,&quot;caption&quot;:&quot;&quot;,&quot;itemprop&quot;:&quot;image&quot;},{&quot;src&quot;:&quot;https:\\\/\\\/i0.wp.com\\\/labourdenne.fr\\\/wp-content\\\/uploads\\\/2018\\\/01\\\/IMAG1485.jpg?fit=646%2C362\\u0026ssl=1&quot;,&quot;id&quot;:&quot;1595&quot;,&quot;title&quot;:&quot;IMAG1485&quot;,&quot;alt&quot;:&quot;&quot;,&quot;caption&quot;:&quot;&quot;,&quot;itemprop&quot;:&quot;image&quot;},{&quot;src&quot;:&quot;https:\\\/\\\/i0.wp.com\\\/labourdenne.fr\\\/wp-content\\\/uploads\\\/2018\\\/01\\\/IMAG1484.jpg?fit=574%2C1024\\u0026ssl=1&quot;,&quot;id&quot;:&quot;1594&quot;,&quot;title&quot;:&quot;IMAG1484&quot;,&quot;alt&quot;:&quot;&quot;,&quot;caption&quot;:&quot;&quot;,&quot;itemprop&quot;:&quot;image&quot;},{&quot;src&quot;:&quot;https:\\\/\\\/i0.wp.com\\\/labourdenne.fr\\\/wp-content\\\/uploads\\\/2018\\\/01\\\/IMAG1483.jpg?fit=574%2C1024\\u0026ssl=1&quot;,&quot;id&quot;:&quot;1593&quot;,&quot;title&quot;:&quot;IMAG1483&quot;,&quot;alt&quot;:&quot;&quot;,&quot;caption&quot;:&quot;&quot;,&quot;itemprop&quot;:&quot;image&quot;},{&quot;src&quot;:&quot;https:\\\/\\\/i0.wp.com\\\/labourdenne.fr\\\/wp-content\\\/uploads\\\/2018\\\/01\\\/IMAG1482.jpg?fit=646%2C362\\u0026ssl=1&quot;,&quot;id&quot;:&quot;1592&quot;,&quot;title&quot;:&quot;IMAG1482&quot;,&quot;alt&quot;:&quot;&quot;,&quot;caption&quot;:&quot;&quot;,&quot;itemprop&quot;:&quot;image&quot;},{&quot;src&quot;:&quot;https:\\\/\\\/i0.wp.com\\\/labourdenne.fr\\\/wp-content\\\/uploads\\\/2018\\\/01\\\/IMAG1478.jpg?fit=574%2C1024\\u0026ssl=1&quot;,&quot;id&quot;:&quot;1591&quot;,&quot;title&quot;:&quot;IMAG1478&quot;,&quot;alt&quot;:&quot;&quot;,&quot;caption&quot;:&quot;&quot;,&quot;itemprop&quot;:&quot;image&quot;},{&quot;src&quot;:&quot;https:\\\/\\\/i0.wp.com\\\/labourdenne.fr\\\/wp-content\\\/uploads\\\/2018\\\/01\\\/IMAG1477.jpg?fit=646%2C362\\u0026ssl=1&quot;,&quot;id&quot;:&quot;1590&quot;,&quot;title&quot;:&quot;IMAG1477&quot;,&quot;alt&quot;:&quot;&quot;,&quot;caption&quot;:&quot;&quot;,&quot;itemprop&quot;:&quot;image&quot;},{&quot;src&quot;:&quot;https:\\\/\\\/i0.wp.com\\\/labourdenne.fr\\\/wp-content\\\/uploads\\\/2018\\\/01\\\/IMAG1475.jpg?fit=646%2C362\\u0026ssl=1&quot;,&quot;id&quot;:&quot;1589&quot;,&quot;title&quot;:&quot;IMAG1475&quot;,&quot;alt&quot;:&quot;&quot;,&quot;caption&quot;:&quot;&quot;,&quot;itemprop&quot;:&quot;image&quot;},{&quot;src&quot;:&quot;https:\\\/\\\/i0.wp.com\\\/labourdenne.fr\\\/wp-content\\\/uploads\\\/2018\\\/01\\\/IMAG1474.jpg?fit=646%2C362\\u0026ssl=1&quot;,&quot;id&quot;:&quot;1588&quot;,&quot;title&quot;:&quot;IMAG1474&quot;,&quot;alt&quot;:&quot;&quot;,&quot;caption&quot;:&quot;&quot;,&quot;itemprop&quot;:&quot;image&quot;},{&quot;src&quot;:&quot;https:\\\/\\\/i0.wp.com\\\/labourdenne.fr\\\/wp-content\\\/uploads\\\/2018\\\/01\\\/IMAG1473.jpg?fit=646%2C362\\u0026ssl=1&quot;,&quot;id&quot;:&quot;1587&quot;,&quot;title&quot;:&quot;IMAG1473&quot;,&quot;alt&quot;:&quot;&quot;,&quot;caption&quot;:&quot;&quot;,&quot;itemprop&quot;:&quot;image&quot;},{&quot;src&quot;:&quot;https:\\\/\\\/i0.wp.com\\\/labourdenne.fr\\\/wp-content\\\/uploads\\\/2018\\\/01\\\/IMAG1470.jpg?fit=574%2C1024\\u0026ssl=1&quot;,&quot;id&quot;:&quot;1586&quot;,&quot;title&quot;:&quot;IMAG1470&quot;,&quot;alt&quot;:&quot;&quot;,&quot;caption&quot;:&quot;&quot;,&quot;itemprop&quot;:&quot;image&quot;},{&quot;src&quot;:&quot;https:\\\/\\\/i0.wp.com\\\/labourdenne.fr\\\/wp-content\\\/uploads\\\/2018\\\/01\\\/IMAG1469.jpg?fit=574%2C1024\\u0026ssl=1&quot;,&quot;id&quot;:&quot;1585&quot;,&quot;title&quot;:&quot;IMAG1469&quot;,&quot;alt&quot;:&quot;&quot;,&quot;caption&quot;:&quot;&quot;,&quot;itemprop&quot;:&quot;image&quot;},{&quot;src&quot;:&quot;https:\\\/\\\/i0.wp.com\\\/labourdenne.fr\\\/wp-content\\\/uploads\\\/2018\\\/01\\\/IMAG1467.jpg?fit=646%2C362\\u0026ssl=1&quot;,&quot;id&quot;:&quot;1584&quot;,&quot;title&quot;:&quot;IMAG1467&quot;,&quot;alt&quot;:&quot;&quot;,&quot;caption&quot;:&quot;&quot;,&quot;itemprop&quot;:&quot;image&quot;},{&quot;src&quot;:&quot;https:\\\/\\\/i0.wp.com\\\/labourdenne.fr\\\/wp-content\\\/uploads\\\/2018\\\/01\\\/IMAG1464.jpg?fit=574%2C1024\\u0026ssl=1&quot;,&quot;id&quot;:&quot;1583&quot;,&quot;title&quot;:&quot;IMAG1464&quot;,&quot;alt&quot;:&quot;&quot;,&quot;caption&quot;:&quot;&quot;,&quot;itemprop&quot;:&quot;image&quot;}]\" itemscope itemtype=\"https:\/\/schema.org\/ImageGallery\"><\/div>\n","protected":false},"excerpt":{"rendered":"<p>Premier rendez-vous de l&rsquo;ann\u00e9e pour les marmitons \u00e0 la cantine de l&rsquo;\u00e9cole&#8230;pour un voyage dans le sud du Portugal, l&rsquo;Alentejo&#8230; Nous avons du composer avec un lieu plus petit, et avons investi le r\u00e9fectoire pour la pr\u00e9paration de ces plats portugais. Les enfants encadr\u00e9s par Ad\u00e8le, Marie Lourdes et Annick ont aid\u00e9 \u00e0 la r\u00e9alisation [&hellip;]<\/p>\n","protected":false},"author":2,"featured_media":0,"comment_status":"open","ping_status":"open","sticky":false,"template":"","format":"standard","meta":{"jetpack_post_was_ever_published":false,"_jetpack_newsletter_access":"","_jetpack_dont_email_post_to_subs":false,"_jetpack_newsletter_tier_id":0,"_jetpack_memberships_contains_paywalled_content":false,"_jetpack_memberships_contains_paid_content":false,"footnotes":"","jetpack_publicize_message":"","jetpack_publicize_feature_enabled":true,"jetpack_social_post_already_shared":true,"jetpack_social_options":{"image_generator_settings":{"template":"highway","default_image_id":0,"font":"","enabled":false},"version":2}},"categories":[9],"tags":[],"class_list":["post-1577","post","type-post","status-publish","format-standard","hentry","category-atelier-cuisine"],"jetpack_publicize_connections":[],"jetpack_featured_media_url":"","jetpack_sharing_enabled":true,"jetpack_shortlink":"https:\/\/wp.me\/p6WNWb-pr","jetpack-related-posts":[{"id":1482,"url":"https:\/\/labourdenne.fr\/index.php\/2018\/01\/11\/prochain-atelier-du-samedi-20-janvier-2018\/","url_meta":{"origin":1577,"position":0},"title":"Prochain atelier du samedi 20 janvier 2018","author":"Corinne","date":"11 janvier 2018","format":false,"excerpt":"Bonjour les marmitons ! Nous voil\u00e0 pass\u00e9s en 2018, je vous souhaite \u00e0 tous une belle et bonne ann\u00e9e, sant\u00e9, gaiet\u00e9, bonheur, grains de folie, partage et\u00a0convivialit\u00e9 et tout ce que vous d\u00e9sirez\u2026 Nous allons r\u00e9veiller nos papilles avec un plat portugais propos\u00e9 par Fatima, Ad\u00e8le et Marie Lourdes... CARNE\u2026","rel":"","context":"Dans &quot;Section Cuisine&quot;","block_context":{"text":"Section Cuisine","link":"https:\/\/labourdenne.fr\/index.php\/category\/atelier-cuisine\/"},"img":{"alt_text":"","src":"","width":0,"height":0},"classes":[]},{"id":4036,"url":"https:\/\/labourdenne.fr\/index.php\/2024\/12\/14\/atelier-cuisine-du-14-decembre\/","url_meta":{"origin":1577,"position":1},"title":"Atelier cuisine du 14 d\u00e9cembre","author":"Dani\u00e8le","date":"14 d\u00e9cembre 2024","format":false,"excerpt":"Ce samedi 14 d\u00e9cembre, Les Marmitons avaient mis leurs souliers sous le sapin, pour f\u00eater No\u00ebl avec un peu d\u2019avance.","rel":"","context":"Dans &quot;Section Cuisine&quot;","block_context":{"text":"Section Cuisine","link":"https:\/\/labourdenne.fr\/index.php\/category\/atelier-cuisine\/"},"img":{"alt_text":"","src":"","width":0,"height":0},"classes":[]},{"id":3304,"url":"https:\/\/labourdenne.fr\/index.php\/2022\/09\/03\/tajine-de-kefta-3-septembre-2022\/","url_meta":{"origin":1577,"position":2},"title":"Tajine de Kefta (Maroc)","author":"Vincent","date":"3 septembre 2022","format":false,"excerpt":"Apr\u00e8s la rentr\u00e9e des enfants, les marmitons de l'atelier cuisine ont fait la leur.","rel":"","context":"Dans &quot;Section Cuisine&quot;","block_context":{"text":"Section Cuisine","link":"https:\/\/labourdenne.fr\/index.php\/category\/atelier-cuisine\/"},"img":{"alt_text":"","src":"https:\/\/i0.wp.com\/labourdenne.fr\/wp-content\/uploads\/2022\/09\/10403.09.22-.jpg?fit=1200%2C900&ssl=1&resize=350%2C200","width":350,"height":200,"srcset":"https:\/\/i0.wp.com\/labourdenne.fr\/wp-content\/uploads\/2022\/09\/10403.09.22-.jpg?fit=1200%2C900&ssl=1&resize=350%2C200 1x, https:\/\/i0.wp.com\/labourdenne.fr\/wp-content\/uploads\/2022\/09\/10403.09.22-.jpg?fit=1200%2C900&ssl=1&resize=525%2C300 1.5x, https:\/\/i0.wp.com\/labourdenne.fr\/wp-content\/uploads\/2022\/09\/10403.09.22-.jpg?fit=1200%2C900&ssl=1&resize=700%2C400 2x, https:\/\/i0.wp.com\/labourdenne.fr\/wp-content\/uploads\/2022\/09\/10403.09.22-.jpg?fit=1200%2C900&ssl=1&resize=1050%2C600 3x"},"classes":[]},{"id":2797,"url":"https:\/\/labourdenne.fr\/index.php\/2019\/12\/21\/repas-de-noel-de-la-bourdenne\/","url_meta":{"origin":1577,"position":3},"title":"REPAS DE NOEL DE LA BOURDENNE","author":"Corinne","date":"21 d\u00e9cembre 2019","format":false,"excerpt":"Le samedi 21 d\u00e9cembre les marmitons ont organis\u00e9 le repas de No\u00ebl pour les membres de l'association. Nous nous sommes donc retrouv\u00e9s \u00e0 14 h \u00e0 l'Espace Sagette pour mettre en oeuvre ces ateliers de cuisine. Certains d'entre nous ont \u00e9migr\u00e9 \u00e0 la cantine pour r\u00e9aliser le plat Russe de\u2026","rel":"","context":"Dans &quot;Section Cuisine&quot;","block_context":{"text":"Section Cuisine","link":"https:\/\/labourdenne.fr\/index.php\/category\/atelier-cuisine\/"},"img":{"alt_text":"","src":"https:\/\/i0.wp.com\/labourdenne.fr\/wp-content\/uploads\/2020\/03\/21.12.19-8.jpg?resize=350%2C200&ssl=1","width":350,"height":200,"srcset":"https:\/\/i0.wp.com\/labourdenne.fr\/wp-content\/uploads\/2020\/03\/21.12.19-8.jpg?resize=350%2C200&ssl=1 1x, https:\/\/i0.wp.com\/labourdenne.fr\/wp-content\/uploads\/2020\/03\/21.12.19-8.jpg?resize=525%2C300&ssl=1 1.5x, https:\/\/i0.wp.com\/labourdenne.fr\/wp-content\/uploads\/2020\/03\/21.12.19-8.jpg?resize=700%2C400&ssl=1 2x, https:\/\/i0.wp.com\/labourdenne.fr\/wp-content\/uploads\/2020\/03\/21.12.19-8.jpg?resize=1050%2C600&ssl=1 3x, https:\/\/i0.wp.com\/labourdenne.fr\/wp-content\/uploads\/2020\/03\/21.12.19-8.jpg?resize=1400%2C800&ssl=1 4x"},"classes":[]},{"id":3667,"url":"https:\/\/labourdenne.fr\/index.php\/2023\/02\/04\/repas-des-marmitons-autour-du-greuil-fevrier-2023\/","url_meta":{"origin":1577,"position":4},"title":"Repas des marmitons autour du greuil (F\u00e9vrier 2023)","author":"Dani\u00e8le","date":"4 f\u00e9vrier 2023","format":false,"excerpt":"Les Marmitons, en ce d\u00e9but d\u2019ann\u00e9e, ont pos\u00e9 leur valises et, gr\u00e2ce \u00e0 Aur\u00e9lie, ont plant\u00e9 leurs racines dans la terre b\u00e9arnaise. Avec un menu concoct\u00e9 du d\u00e9but \u00e0 la fin autour de sa Majest\u00e9, le GREUIL (Grulh en b\u00e9arnais) ! Et du greuil bien buz\u00e9en, puisque fabriqu\u00e9 avec amour\u2026","rel":"","context":"Dans &quot;Section Cuisine&quot;","block_context":{"text":"Section Cuisine","link":"https:\/\/labourdenne.fr\/index.php\/category\/atelier-cuisine\/"},"img":{"alt_text":"","src":"","width":0,"height":0},"classes":[]},{"id":3781,"url":"https:\/\/labourdenne.fr\/index.php\/2023\/11\/18\/la-fete-avant-lheure-chez-les-marmitons-pintade-rotie-et-son-crumble-de-potimarron-nov-2023\/","url_meta":{"origin":1577,"position":5},"title":"La f\u00eate avant l&rsquo;heure chez les marmitons- Pintade r\u00f4tie et son crumble de potimarron (Nov 2023)","author":"Dani\u00e8le","date":"18 novembre 2023","format":false,"excerpt":"Le 18 novembre, pour ce nouvel atelier de cuisine, les Marmitons ont f\u00eat\u00e9 No\u00ebl avec un moisd\u2019avance, pour cause de concours de garbure en D\u00e9cembre !Et le repas fut \u00e0 la hauteur avec une verrine carotte, chantilly noix, en entr\u00e9e, pintade r\u00f4tieaccompagn\u00e9e d\u2019un crumble de potimarron, de ch\u00e2taignes, et d\u2019un\u2026","rel":"","context":"Dans &quot;Section Cuisine&quot;","block_context":{"text":"Section Cuisine","link":"https:\/\/labourdenne.fr\/index.php\/category\/atelier-cuisine\/"},"img":{"alt_text":"","src":"https:\/\/i0.wp.com\/labourdenne.fr\/wp-content\/uploads\/2023\/11\/IMG_7480-Grande.jpeg?resize=350%2C200&ssl=1","width":350,"height":200,"srcset":"https:\/\/i0.wp.com\/labourdenne.fr\/wp-content\/uploads\/2023\/11\/IMG_7480-Grande.jpeg?resize=350%2C200&ssl=1 1x, https:\/\/i0.wp.com\/labourdenne.fr\/wp-content\/uploads\/2023\/11\/IMG_7480-Grande.jpeg?resize=525%2C300&ssl=1 1.5x, https:\/\/i0.wp.com\/labourdenne.fr\/wp-content\/uploads\/2023\/11\/IMG_7480-Grande.jpeg?resize=700%2C400&ssl=1 2x, https:\/\/i0.wp.com\/labourdenne.fr\/wp-content\/uploads\/2023\/11\/IMG_7480-Grande.jpeg?resize=1050%2C600&ssl=1 3x"},"classes":[]}],"_links":{"self":[{"href":"https:\/\/labourdenne.fr\/index.php\/wp-json\/wp\/v2\/posts\/1577","targetHints":{"allow":["GET"]}}],"collection":[{"href":"https:\/\/labourdenne.fr\/index.php\/wp-json\/wp\/v2\/posts"}],"about":[{"href":"https:\/\/labourdenne.fr\/index.php\/wp-json\/wp\/v2\/types\/post"}],"author":[{"embeddable":true,"href":"https:\/\/labourdenne.fr\/index.php\/wp-json\/wp\/v2\/users\/2"}],"replies":[{"embeddable":true,"href":"https:\/\/labourdenne.fr\/index.php\/wp-json\/wp\/v2\/comments?post=1577"}],"version-history":[{"count":12,"href":"https:\/\/labourdenne.fr\/index.php\/wp-json\/wp\/v2\/posts\/1577\/revisions"}],"predecessor-version":[{"id":1920,"href":"https:\/\/labourdenne.fr\/index.php\/wp-json\/wp\/v2\/posts\/1577\/revisions\/1920"}],"wp:attachment":[{"href":"https:\/\/labourdenne.fr\/index.php\/wp-json\/wp\/v2\/media?parent=1577"}],"wp:term":[{"taxonomy":"category","embeddable":true,"href":"https:\/\/labourdenne.fr\/index.php\/wp-json\/wp\/v2\/categories?post=1577"},{"taxonomy":"post_tag","embeddable":true,"href":"https:\/\/labourdenne.fr\/index.php\/wp-json\/wp\/v2\/tags?post=1577"}],"curies":[{"name":"wp","href":"https:\/\/api.w.org\/{rel}","templated":true}]}}