{"id":2657,"date":"2019-10-29T11:09:20","date_gmt":"2019-10-29T10:09:20","guid":{"rendered":"http:\/\/labourdenne.fr\/?p=2657"},"modified":"2019-11-06T14:32:22","modified_gmt":"2019-11-06T13:32:22","slug":"soiree-italienne-de-dede","status":"publish","type":"post","link":"https:\/\/labourdenne.fr\/index.php\/2019\/10\/29\/soiree-italienne-de-dede\/","title":{"rendered":"SOIREE ITALIENNE DE DEDE"},"content":{"rendered":"\n<figure class=\"wp-block-image is-resized\"><img data-recalc-dims=\"1\" loading=\"lazy\" decoding=\"async\" data-attachment-id=\"2658\" data-permalink=\"https:\/\/labourdenne.fr\/index.php\/2019\/10\/29\/soiree-italienne-de-dede\/resized_20191019_173914\/\" data-orig-file=\"https:\/\/i0.wp.com\/labourdenne.fr\/wp-content\/uploads\/2019\/10\/Resized_20191019_173914.jpg?fit=480%2C480&amp;ssl=1\" data-orig-size=\"480,480\" data-comments-opened=\"1\" data-image-meta=\"{&quot;aperture&quot;:&quot;0&quot;,&quot;credit&quot;:&quot;&quot;,&quot;camera&quot;:&quot;&quot;,&quot;caption&quot;:&quot;&quot;,&quot;created_timestamp&quot;:&quot;0&quot;,&quot;copyright&quot;:&quot;&quot;,&quot;focal_length&quot;:&quot;0&quot;,&quot;iso&quot;:&quot;0&quot;,&quot;shutter_speed&quot;:&quot;0&quot;,&quot;title&quot;:&quot;&quot;,&quot;orientation&quot;:&quot;0&quot;}\" data-image-title=\"Resized_20191019_173914\" data-image-description=\"\" data-image-caption=\"\" data-large-file=\"https:\/\/i0.wp.com\/labourdenne.fr\/wp-content\/uploads\/2019\/10\/Resized_20191019_173914.jpg?fit=480%2C480&amp;ssl=1\" src=\"https:\/\/i0.wp.com\/labourdenne.fr\/wp-content\/uploads\/2019\/10\/Resized_20191019_173914.jpg?resize=594%2C594&#038;ssl=1\" alt=\"\" class=\"wp-image-2658\" width=\"594\" height=\"594\" srcset=\"https:\/\/i0.wp.com\/labourdenne.fr\/wp-content\/uploads\/2019\/10\/Resized_20191019_173914.jpg?w=480&amp;ssl=1 480w, https:\/\/i0.wp.com\/labourdenne.fr\/wp-content\/uploads\/2019\/10\/Resized_20191019_173914.jpg?resize=150%2C150&amp;ssl=1 150w, https:\/\/i0.wp.com\/labourdenne.fr\/wp-content\/uploads\/2019\/10\/Resized_20191019_173914.jpg?resize=300%2C300&amp;ssl=1 300w\" sizes=\"auto, (max-width: 594px) 100vw, 594px\" \/><figcaption>LE CHEF<\/figcaption><\/figure>\n\n\n\n<p>Le 19 octobre, les marmitons se sont retrouv\u00e9s \u00e0 l&rsquo;Espace Sagette pour r\u00e9aliser des LASAGNES AUTOMNALES, recette concoct\u00e9e par D\u00e9d\u00e9 aid\u00e9 de Dani\u00e8le pour les pr\u00e9paratifs.<\/p>\n\n\n\n<p>La soir\u00e9e s&rsquo;est d\u00e9roul\u00e9e, comme d&rsquo;habitude, dans la joie et la bonne humeur, des id\u00e9es de menus pour le repas de No\u00ebl ont \u00e9t\u00e9 sugg\u00e9r\u00e9s par quelques marmitons&#8230;<\/p>\n\n\n\n<p>Nous vous proposerons tr\u00e8s rapidement un menu&#8230;<\/p>\n\n\n\n<p>Voici la recette des lasagnes, ci-dessous :<\/p>\n\n\n\n<div class=\"wp-block-file\"><a href=\"https:\/\/labourdenne.fr\/wp-content\/uploads\/2019\/10\/recette-lasagnes.pdf\">recette-lasagnes<\/a><a href=\"https:\/\/labourdenne.fr\/wp-content\/uploads\/2019\/10\/recette-lasagnes.pdf\" class=\"wp-block-file__button\" download>T\u00e9l\u00e9charger<\/a><\/div>\n\n\n\n<figure class=\"wp-block-image is-resized\"><img data-recalc-dims=\"1\" loading=\"lazy\" decoding=\"async\" data-attachment-id=\"2660\" data-permalink=\"https:\/\/labourdenne.fr\/index.php\/2019\/10\/29\/soiree-italienne-de-dede\/resized_20191019_204555\/\" data-orig-file=\"https:\/\/i0.wp.com\/labourdenne.fr\/wp-content\/uploads\/2019\/10\/Resized_20191019_204555.jpg?fit=480%2C480&amp;ssl=1\" data-orig-size=\"480,480\" data-comments-opened=\"1\" data-image-meta=\"{&quot;aperture&quot;:&quot;0&quot;,&quot;credit&quot;:&quot;&quot;,&quot;camera&quot;:&quot;&quot;,&quot;caption&quot;:&quot;&quot;,&quot;created_timestamp&quot;:&quot;0&quot;,&quot;copyright&quot;:&quot;&quot;,&quot;focal_length&quot;:&quot;0&quot;,&quot;iso&quot;:&quot;0&quot;,&quot;shutter_speed&quot;:&quot;0&quot;,&quot;title&quot;:&quot;&quot;,&quot;orientation&quot;:&quot;0&quot;}\" data-image-title=\"Resized_20191019_204555\" data-image-description=\"\" data-image-caption=\"\" data-large-file=\"https:\/\/i0.wp.com\/labourdenne.fr\/wp-content\/uploads\/2019\/10\/Resized_20191019_204555.jpg?fit=480%2C480&amp;ssl=1\" src=\"https:\/\/i0.wp.com\/labourdenne.fr\/wp-content\/uploads\/2019\/10\/Resized_20191019_204555.jpg?resize=608%2C608&#038;ssl=1\" alt=\"\" class=\"wp-image-2660\" width=\"608\" height=\"608\" srcset=\"https:\/\/i0.wp.com\/labourdenne.fr\/wp-content\/uploads\/2019\/10\/Resized_20191019_204555.jpg?w=480&amp;ssl=1 480w, https:\/\/i0.wp.com\/labourdenne.fr\/wp-content\/uploads\/2019\/10\/Resized_20191019_204555.jpg?resize=150%2C150&amp;ssl=1 150w, https:\/\/i0.wp.com\/labourdenne.fr\/wp-content\/uploads\/2019\/10\/Resized_20191019_204555.jpg?resize=300%2C300&amp;ssl=1 300w\" sizes=\"auto, (max-width: 608px) 100vw, 608px\" \/><\/figure>\n\n\n\n<p>Merci \u00e0 Danielle Bourdin pour ses photos&#8230;<\/p>\n\n\n\n<p>Je vous rappelle qu&rsquo;il n&rsquo;y aura pas d&rsquo;atelier de cuisine au mois de novembre.<\/p>\n\n\n\n<p>PROCHAIN RDV LE 21 DECEMBRE POUR NOTRE REPAS DE NOEL AVEC TOUS LES MEMBRES DE L&rsquo;ASSOCIATION<\/p>\n","protected":false},"excerpt":{"rendered":"<p>Le 19 octobre, les marmitons se sont retrouv\u00e9s \u00e0 l&rsquo;Espace Sagette pour r\u00e9aliser des LASAGNES AUTOMNALES, recette concoct\u00e9e par D\u00e9d\u00e9 aid\u00e9 de Dani\u00e8le pour les pr\u00e9paratifs. La soir\u00e9e s&rsquo;est d\u00e9roul\u00e9e, comme d&rsquo;habitude, dans la joie et la bonne humeur, des id\u00e9es de menus pour le repas de No\u00ebl ont \u00e9t\u00e9 sugg\u00e9r\u00e9s par quelques marmitons&#8230; Nous [&hellip;]<\/p>\n","protected":false},"author":2,"featured_media":0,"comment_status":"open","ping_status":"open","sticky":false,"template":"","format":"standard","meta":{"jetpack_post_was_ever_published":false,"_jetpack_newsletter_access":"","_jetpack_dont_email_post_to_subs":false,"_jetpack_newsletter_tier_id":0,"_jetpack_memberships_contains_paywalled_content":false,"_jetpack_memberships_contains_paid_content":false,"footnotes":"","jetpack_publicize_message":"","jetpack_publicize_feature_enabled":true,"jetpack_social_post_already_shared":true,"jetpack_social_options":{"image_generator_settings":{"template":"highway","default_image_id":0,"font":"","enabled":false},"version":2}},"categories":[9],"tags":[],"class_list":["post-2657","post","type-post","status-publish","format-standard","hentry","category-atelier-cuisine"],"jetpack_publicize_connections":[],"jetpack_featured_media_url":"","jetpack_sharing_enabled":true,"jetpack_shortlink":"https:\/\/wp.me\/p6WNWb-GR","jetpack-related-posts":[{"id":3667,"url":"https:\/\/labourdenne.fr\/index.php\/2023\/02\/04\/repas-des-marmitons-autour-du-greuil-fevrier-2023\/","url_meta":{"origin":2657,"position":0},"title":"Repas des marmitons autour du greuil (F\u00e9vrier 2023)","author":"Dani\u00e8le","date":"4 f\u00e9vrier 2023","format":false,"excerpt":"Les Marmitons, en ce d\u00e9but d\u2019ann\u00e9e, ont pos\u00e9 leur valises et, gr\u00e2ce \u00e0 Aur\u00e9lie, ont plant\u00e9 leurs racines dans la terre b\u00e9arnaise. Avec un menu concoct\u00e9 du d\u00e9but \u00e0 la fin autour de sa Majest\u00e9, le GREUIL (Grulh en b\u00e9arnais) ! Et du greuil bien buz\u00e9en, puisque fabriqu\u00e9 avec amour\u2026","rel":"","context":"Dans &quot;Section Cuisine&quot;","block_context":{"text":"Section Cuisine","link":"https:\/\/labourdenne.fr\/index.php\/category\/atelier-cuisine\/"},"img":{"alt_text":"","src":"","width":0,"height":0},"classes":[]},{"id":1416,"url":"https:\/\/labourdenne.fr\/index.php\/2017\/10\/21\/soiree-mechoui-a-latelier-cuisine\/","url_meta":{"origin":2657,"position":1},"title":"SOIREE M\u00c9CHOUI \u00c0 L&rsquo;ATELIER CUISINE","author":"Corinne","date":"21 octobre 2017","format":false,"excerpt":"Cette soire\u0301e si attendue et re\u0301clame\u0301e par beaucoup s'est de\u0301roule\u0301e samedi 21 octobre a\u0300 la salle des fe\u0302tes. Depuis la veille, Jalel et Je\u0301ro\u0302me s'e\u0301taient procure\u0301s le mate\u0301riel gracieusement pre\u0302te\u0301 par le CAF de la Valle\u0301e d'Ossau et un professionnel de Bizanos pour le tourne broche e\u0301lectrique. Une e\u0301quipe motive\u0301e\u2026","rel":"","context":"Dans &quot;Section Cuisine&quot;","block_context":{"text":"Section Cuisine","link":"https:\/\/labourdenne.fr\/index.php\/category\/atelier-cuisine\/"},"img":{"alt_text":"","src":"https:\/\/i0.wp.com\/labourdenne.fr\/wp-content\/uploads\/2017\/10\/IMG_3201.jpg?resize=350%2C200","width":350,"height":200,"srcset":"https:\/\/i0.wp.com\/labourdenne.fr\/wp-content\/uploads\/2017\/10\/IMG_3201.jpg?resize=350%2C200 1x, https:\/\/i0.wp.com\/labourdenne.fr\/wp-content\/uploads\/2017\/10\/IMG_3201.jpg?resize=525%2C300 1.5x"},"classes":[]},{"id":861,"url":"https:\/\/labourdenne.fr\/index.php\/2016\/09\/03\/reprise-des-ateliers-marmitons-sous-le-soleil-de-provence\/","url_meta":{"origin":2657,"position":2},"title":"Reprise des ateliers marmitons le 3 SEPTEMBRE : sous le soleil de Provence !","author":"B\u00e9n\u00e9dicte Charpantier","date":"3 septembre 2016","format":false,"excerpt":"\u00a0 Oh fan de chichourle (comprendre quelque chose du genre : oh pur\u00e9e ! - version pour enfant-, \u00e7a sentait l'ail samedi soir ! Au menu de la soir\u00e9e proven\u00e7ale : tapenade d'olives noires \u00e0 l'ap\u00e9ritif, soupe au pistou, jambon de pays (plut\u00f4t b\u00e9arnais donc) et fromage de ch\u00e8vre (de\u2026","rel":"","context":"Dans &quot;Section Cuisine&quot;","block_context":{"text":"Section Cuisine","link":"https:\/\/labourdenne.fr\/index.php\/category\/atelier-cuisine\/"},"img":{"alt_text":"","src":"https:\/\/i0.wp.com\/labourdenne.fr\/wp-content\/uploads\/2016\/09\/IMG_9291-33.jpg?resize=350%2C200","width":350,"height":200,"srcset":"https:\/\/i0.wp.com\/labourdenne.fr\/wp-content\/uploads\/2016\/09\/IMG_9291-33.jpg?resize=350%2C200 1x, https:\/\/i0.wp.com\/labourdenne.fr\/wp-content\/uploads\/2016\/09\/IMG_9291-33.jpg?resize=525%2C300 1.5x, https:\/\/i0.wp.com\/labourdenne.fr\/wp-content\/uploads\/2016\/09\/IMG_9291-33.jpg?resize=700%2C400 2x, https:\/\/i0.wp.com\/labourdenne.fr\/wp-content\/uploads\/2016\/09\/IMG_9291-33.jpg?resize=1050%2C600 3x"},"classes":[]},{"id":1004,"url":"https:\/\/labourdenne.fr\/index.php\/2016\/10\/15\/repas-du-15-octobre-voyage-en-inde\/","url_meta":{"origin":2657,"position":3},"title":"Repas du 15 octobre : Voyage en Inde","author":"B\u00e9n\u00e9dicte Charpantier","date":"15 octobre 2016","format":false,"excerpt":"Nous sommes all\u00e9s loin samedi soir : nous sommes partis en Inde ! Une premi\u00e8re pour les marmitons. Apr\u00e8s des beignets de l\u00e9gumes, Corinne, qui \u00e9tait la cuisini\u00e8re en chef samedi, avait pr\u00e9vu un curry\u00a0d agneau... Amandes, piment, gingembre, coriandre fra\u00eeche, cumin, garam masala (m\u00e9lange d'\u00e9pices) ont relev\u00e9 avec subtilit\u00e9\u2026","rel":"","context":"Dans &quot;Section Cuisine&quot;","block_context":{"text":"Section Cuisine","link":"https:\/\/labourdenne.fr\/index.php\/category\/atelier-cuisine\/"},"img":{"alt_text":"","src":"https:\/\/i0.wp.com\/labourdenne.fr\/wp-content\/uploads\/2016\/10\/15.10.16-107-4.jpg?resize=350%2C200","width":350,"height":200,"srcset":"https:\/\/i0.wp.com\/labourdenne.fr\/wp-content\/uploads\/2016\/10\/15.10.16-107-4.jpg?resize=350%2C200 1x, https:\/\/i0.wp.com\/labourdenne.fr\/wp-content\/uploads\/2016\/10\/15.10.16-107-4.jpg?resize=525%2C300 1.5x, https:\/\/i0.wp.com\/labourdenne.fr\/wp-content\/uploads\/2016\/10\/15.10.16-107-4.jpg?resize=700%2C400 2x, https:\/\/i0.wp.com\/labourdenne.fr\/wp-content\/uploads\/2016\/10\/15.10.16-107-4.jpg?resize=1050%2C600 3x, https:\/\/i0.wp.com\/labourdenne.fr\/wp-content\/uploads\/2016\/10\/15.10.16-107-4.jpg?resize=1400%2C800 4x"},"classes":[]},{"id":1496,"url":"https:\/\/labourdenne.fr\/index.php\/2017\/12\/16\/repas-de-noel-du-16-decembre-2017\/","url_meta":{"origin":2657,"position":4},"title":"REPAS DE NOEL DU 16 DECEMBRE 2017","author":"Corinne","date":"16 d\u00e9cembre 2017","format":false,"excerpt":"Le bureau de La Bourdenne a, cette ann\u00e9e encore, d\u00e9cid\u00e9 d'offrir \u00e0 l'ensemble de ses membres, leurs conjoints et enfants...Le repas de No\u00ebl. Apr\u00e8s consultation et propositions des marmitons, le bureau s'est r\u00e9uni pour \u00e9tablir le menu. Cela n'a pas \u00e9tait sans mal, les propositions \u00e9tant toutes all\u00e9chantes... et voici\u2026","rel":"","context":"Dans &quot;Section Cuisine&quot;","block_context":{"text":"Section Cuisine","link":"https:\/\/labourdenne.fr\/index.php\/category\/atelier-cuisine\/"},"img":{"alt_text":"","src":"https:\/\/i0.wp.com\/labourdenne.fr\/wp-content\/uploads\/2018\/01\/16.12.17-1.jpg?resize=350%2C200","width":350,"height":200,"srcset":"https:\/\/i0.wp.com\/labourdenne.fr\/wp-content\/uploads\/2018\/01\/16.12.17-1.jpg?resize=350%2C200 1x, https:\/\/i0.wp.com\/labourdenne.fr\/wp-content\/uploads\/2018\/01\/16.12.17-1.jpg?resize=525%2C300 1.5x, https:\/\/i0.wp.com\/labourdenne.fr\/wp-content\/uploads\/2018\/01\/16.12.17-1.jpg?resize=700%2C400 2x, https:\/\/i0.wp.com\/labourdenne.fr\/wp-content\/uploads\/2018\/01\/16.12.17-1.jpg?resize=1050%2C600 3x, https:\/\/i0.wp.com\/labourdenne.fr\/wp-content\/uploads\/2018\/01\/16.12.17-1.jpg?resize=1400%2C800 4x"},"classes":[]},{"id":3887,"url":"https:\/\/labourdenne.fr\/index.php\/2024\/03\/22\/pari-reussi-pour-les-10-ans-de-la-section-cuisine\/","url_meta":{"origin":2657,"position":5},"title":"Pari r\u00e9ussi pour les 10 ans de la section cuisine\u202f!\u00a0","author":"Carole","date":"22 mars 2024","format":false,"excerpt":"Cette ann\u00e9e marque le 10\u00e8me anniversaire de la section \u00ab\u202fcuisine\u202f\u00bb. Au fil des ans, nos voyages culinaires nous ont men\u00e9s aux 4 coins du globe, de l\u2019Espagne \u00e0 l\u2019Inde en passant par le Liban ou encore la Polyn\u00e9sie fran\u00e7aise.\u00a0 Pour f\u00eater cet \u00e9v\u00e8nement, de animations ont \u00e9t\u00e9 programm\u00e9es cette ann\u00e9e.\u2026","rel":"","context":"Dans &quot;Information g\u00e9n\u00e9rale&quot;","block_context":{"text":"Information g\u00e9n\u00e9rale","link":"https:\/\/labourdenne.fr\/index.php\/category\/information-generale\/"},"img":{"alt_text":"","src":"https:\/\/i0.wp.com\/labourdenne.fr\/wp-content\/uploads\/2024\/03\/20240316_141448839_iOS-rotated.jpeg?resize=350%2C200&ssl=1","width":350,"height":200,"srcset":"https:\/\/i0.wp.com\/labourdenne.fr\/wp-content\/uploads\/2024\/03\/20240316_141448839_iOS-rotated.jpeg?resize=350%2C200&ssl=1 1x, https:\/\/i0.wp.com\/labourdenne.fr\/wp-content\/uploads\/2024\/03\/20240316_141448839_iOS-rotated.jpeg?resize=525%2C300&ssl=1 1.5x, https:\/\/i0.wp.com\/labourdenne.fr\/wp-content\/uploads\/2024\/03\/20240316_141448839_iOS-rotated.jpeg?resize=700%2C400&ssl=1 2x, https:\/\/i0.wp.com\/labourdenne.fr\/wp-content\/uploads\/2024\/03\/20240316_141448839_iOS-rotated.jpeg?resize=1050%2C600&ssl=1 3x, https:\/\/i0.wp.com\/labourdenne.fr\/wp-content\/uploads\/2024\/03\/20240316_141448839_iOS-rotated.jpeg?resize=1400%2C800&ssl=1 4x"},"classes":[]}],"_links":{"self":[{"href":"https:\/\/labourdenne.fr\/index.php\/wp-json\/wp\/v2\/posts\/2657","targetHints":{"allow":["GET"]}}],"collection":[{"href":"https:\/\/labourdenne.fr\/index.php\/wp-json\/wp\/v2\/posts"}],"about":[{"href":"https:\/\/labourdenne.fr\/index.php\/wp-json\/wp\/v2\/types\/post"}],"author":[{"embeddable":true,"href":"https:\/\/labourdenne.fr\/index.php\/wp-json\/wp\/v2\/users\/2"}],"replies":[{"embeddable":true,"href":"https:\/\/labourdenne.fr\/index.php\/wp-json\/wp\/v2\/comments?post=2657"}],"version-history":[{"count":1,"href":"https:\/\/labourdenne.fr\/index.php\/wp-json\/wp\/v2\/posts\/2657\/revisions"}],"predecessor-version":[{"id":2661,"href":"https:\/\/labourdenne.fr\/index.php\/wp-json\/wp\/v2\/posts\/2657\/revisions\/2661"}],"wp:attachment":[{"href":"https:\/\/labourdenne.fr\/index.php\/wp-json\/wp\/v2\/media?parent=2657"}],"wp:term":[{"taxonomy":"category","embeddable":true,"href":"https:\/\/labourdenne.fr\/index.php\/wp-json\/wp\/v2\/categories?post=2657"},{"taxonomy":"post_tag","embeddable":true,"href":"https:\/\/labourdenne.fr\/index.php\/wp-json\/wp\/v2\/tags?post=2657"}],"curies":[{"name":"wp","href":"https:\/\/api.w.org\/{rel}","templated":true}]}}