{"id":3100,"date":"2022-05-09T21:00:00","date_gmt":"2022-05-09T20:00:00","guid":{"rendered":"https:\/\/labourdenne.fr\/?p=3100"},"modified":"2022-06-19T09:24:02","modified_gmt":"2022-06-19T08:24:02","slug":"reprise-des-ateliers-loisirs-creatifs-mai-2022","status":"publish","type":"post","link":"https:\/\/labourdenne.fr\/index.php\/2022\/05\/09\/reprise-des-ateliers-loisirs-creatifs-mai-2022\/","title":{"rendered":"Reprise des ateliers Loisirs Cr\u00e9atifs &#8211; mai 2022"},"content":{"rendered":"\n<figure class=\"wp-block-gallery has-nested-images columns-3 is-cropped wp-block-gallery-1 is-layout-flex wp-block-gallery-is-layout-flex\">\n<figure class=\"wp-block-image size-medium\"><img data-recalc-dims=\"1\" loading=\"lazy\" decoding=\"async\" width=\"225\" height=\"300\" data-attachment-id=\"3101\" data-permalink=\"https:\/\/labourdenne.fr\/index.php\/2022\/05\/09\/reprise-des-ateliers-loisirs-creatifs-mai-2022\/20200916_200052763_ios\/\" data-orig-file=\"https:\/\/i0.wp.com\/labourdenne.fr\/wp-content\/uploads\/2020\/10\/20200916_200052763_iOS.jpg?fit=1536%2C2048&amp;ssl=1\" data-orig-size=\"1536,2048\" data-comments-opened=\"1\" data-image-meta=\"{&quot;aperture&quot;:&quot;1.8&quot;,&quot;credit&quot;:&quot;&quot;,&quot;camera&quot;:&quot;iPhone SE (2nd generation)&quot;,&quot;caption&quot;:&quot;&quot;,&quot;created_timestamp&quot;:&quot;1600293653&quot;,&quot;copyright&quot;:&quot;&quot;,&quot;focal_length&quot;:&quot;3.99&quot;,&quot;iso&quot;:&quot;64&quot;,&quot;shutter_speed&quot;:&quot;0.02&quot;,&quot;title&quot;:&quot;&quot;,&quot;orientation&quot;:&quot;1&quot;}\" data-image-title=\"20200916_200052763_iOS\" data-image-description=\"\" data-image-caption=\"\" data-large-file=\"https:\/\/i0.wp.com\/labourdenne.fr\/wp-content\/uploads\/2020\/10\/20200916_200052763_iOS.jpg?fit=646%2C861&amp;ssl=1\" data-id=\"3101\" src=\"https:\/\/i0.wp.com\/labourdenne.fr\/wp-content\/uploads\/2020\/10\/20200916_200052763_iOS.jpg?resize=225%2C300&#038;ssl=1\" alt=\"\" class=\"wp-image-3101\" srcset=\"https:\/\/i0.wp.com\/labourdenne.fr\/wp-content\/uploads\/2020\/10\/20200916_200052763_iOS.jpg?resize=225%2C300&amp;ssl=1 225w, https:\/\/i0.wp.com\/labourdenne.fr\/wp-content\/uploads\/2020\/10\/20200916_200052763_iOS.jpg?resize=768%2C1024&amp;ssl=1 768w, https:\/\/i0.wp.com\/labourdenne.fr\/wp-content\/uploads\/2020\/10\/20200916_200052763_iOS.jpg?resize=1152%2C1536&amp;ssl=1 1152w, https:\/\/i0.wp.com\/labourdenne.fr\/wp-content\/uploads\/2020\/10\/20200916_200052763_iOS.jpg?resize=749%2C999&amp;ssl=1 749w, https:\/\/i0.wp.com\/labourdenne.fr\/wp-content\/uploads\/2020\/10\/20200916_200052763_iOS.jpg?w=1536&amp;ssl=1 1536w, https:\/\/i0.wp.com\/labourdenne.fr\/wp-content\/uploads\/2020\/10\/20200916_200052763_iOS.jpg?w=1292&amp;ssl=1 1292w\" sizes=\"auto, (max-width: 225px) 100vw, 225px\" \/><\/figure>\n\n\n\n<figure class=\"wp-block-image size-medium\"><img data-recalc-dims=\"1\" loading=\"lazy\" decoding=\"async\" width=\"225\" height=\"300\" data-attachment-id=\"3102\" data-permalink=\"https:\/\/labourdenne.fr\/index.php\/2022\/05\/09\/reprise-des-ateliers-loisirs-creatifs-mai-2022\/20200916_200059465_ios\/\" data-orig-file=\"https:\/\/i0.wp.com\/labourdenne.fr\/wp-content\/uploads\/2020\/10\/20200916_200059465_iOS.jpg?fit=1536%2C2048&amp;ssl=1\" data-orig-size=\"1536,2048\" data-comments-opened=\"1\" data-image-meta=\"{&quot;aperture&quot;:&quot;1.8&quot;,&quot;credit&quot;:&quot;&quot;,&quot;camera&quot;:&quot;iPhone SE (2nd generation)&quot;,&quot;caption&quot;:&quot;&quot;,&quot;created_timestamp&quot;:&quot;1600293660&quot;,&quot;copyright&quot;:&quot;&quot;,&quot;focal_length&quot;:&quot;3.99&quot;,&quot;iso&quot;:&quot;80&quot;,&quot;shutter_speed&quot;:&quot;0.02&quot;,&quot;title&quot;:&quot;&quot;,&quot;orientation&quot;:&quot;1&quot;}\" data-image-title=\"20200916_200059465_iOS\" data-image-description=\"\" data-image-caption=\"\" data-large-file=\"https:\/\/i0.wp.com\/labourdenne.fr\/wp-content\/uploads\/2020\/10\/20200916_200059465_iOS.jpg?fit=646%2C861&amp;ssl=1\" data-id=\"3102\" src=\"https:\/\/i0.wp.com\/labourdenne.fr\/wp-content\/uploads\/2020\/10\/20200916_200059465_iOS.jpg?resize=225%2C300&#038;ssl=1\" alt=\"\" class=\"wp-image-3102\" srcset=\"https:\/\/i0.wp.com\/labourdenne.fr\/wp-content\/uploads\/2020\/10\/20200916_200059465_iOS.jpg?resize=225%2C300&amp;ssl=1 225w, https:\/\/i0.wp.com\/labourdenne.fr\/wp-content\/uploads\/2020\/10\/20200916_200059465_iOS.jpg?resize=768%2C1024&amp;ssl=1 768w, https:\/\/i0.wp.com\/labourdenne.fr\/wp-content\/uploads\/2020\/10\/20200916_200059465_iOS.jpg?resize=1152%2C1536&amp;ssl=1 1152w, https:\/\/i0.wp.com\/labourdenne.fr\/wp-content\/uploads\/2020\/10\/20200916_200059465_iOS.jpg?resize=749%2C999&amp;ssl=1 749w, https:\/\/i0.wp.com\/labourdenne.fr\/wp-content\/uploads\/2020\/10\/20200916_200059465_iOS.jpg?w=1536&amp;ssl=1 1536w, https:\/\/i0.wp.com\/labourdenne.fr\/wp-content\/uploads\/2020\/10\/20200916_200059465_iOS.jpg?w=1292&amp;ssl=1 1292w\" sizes=\"auto, (max-width: 225px) 100vw, 225px\" \/><\/figure>\n\n\n\n<figure class=\"wp-block-image size-medium\"><img data-recalc-dims=\"1\" loading=\"lazy\" decoding=\"async\" width=\"225\" height=\"300\" data-attachment-id=\"3103\" data-permalink=\"https:\/\/labourdenne.fr\/index.php\/2022\/05\/09\/reprise-des-ateliers-loisirs-creatifs-mai-2022\/20200916_200109813_ios\/\" data-orig-file=\"https:\/\/i0.wp.com\/labourdenne.fr\/wp-content\/uploads\/2020\/10\/20200916_200109813_iOS.jpg?fit=1536%2C2048&amp;ssl=1\" data-orig-size=\"1536,2048\" data-comments-opened=\"1\" data-image-meta=\"{&quot;aperture&quot;:&quot;1.8&quot;,&quot;credit&quot;:&quot;&quot;,&quot;camera&quot;:&quot;iPhone SE (2nd generation)&quot;,&quot;caption&quot;:&quot;&quot;,&quot;created_timestamp&quot;:&quot;1600293670&quot;,&quot;copyright&quot;:&quot;&quot;,&quot;focal_length&quot;:&quot;3.99&quot;,&quot;iso&quot;:&quot;80&quot;,&quot;shutter_speed&quot;:&quot;0.01&quot;,&quot;title&quot;:&quot;&quot;,&quot;orientation&quot;:&quot;1&quot;}\" data-image-title=\"20200916_200109813_iOS\" data-image-description=\"\" data-image-caption=\"\" data-large-file=\"https:\/\/i0.wp.com\/labourdenne.fr\/wp-content\/uploads\/2020\/10\/20200916_200109813_iOS.jpg?fit=646%2C861&amp;ssl=1\" data-id=\"3103\" src=\"https:\/\/i0.wp.com\/labourdenne.fr\/wp-content\/uploads\/2020\/10\/20200916_200109813_iOS.jpg?resize=225%2C300&#038;ssl=1\" alt=\"\" class=\"wp-image-3103\" srcset=\"https:\/\/i0.wp.com\/labourdenne.fr\/wp-content\/uploads\/2020\/10\/20200916_200109813_iOS.jpg?resize=225%2C300&amp;ssl=1 225w, https:\/\/i0.wp.com\/labourdenne.fr\/wp-content\/uploads\/2020\/10\/20200916_200109813_iOS.jpg?resize=768%2C1024&amp;ssl=1 768w, https:\/\/i0.wp.com\/labourdenne.fr\/wp-content\/uploads\/2020\/10\/20200916_200109813_iOS.jpg?resize=1152%2C1536&amp;ssl=1 1152w, https:\/\/i0.wp.com\/labourdenne.fr\/wp-content\/uploads\/2020\/10\/20200916_200109813_iOS.jpg?resize=749%2C999&amp;ssl=1 749w, https:\/\/i0.wp.com\/labourdenne.fr\/wp-content\/uploads\/2020\/10\/20200916_200109813_iOS.jpg?w=1536&amp;ssl=1 1536w, https:\/\/i0.wp.com\/labourdenne.fr\/wp-content\/uploads\/2020\/10\/20200916_200109813_iOS.jpg?w=1292&amp;ssl=1 1292w\" sizes=\"auto, (max-width: 225px) 100vw, 225px\" \/><\/figure>\n<\/figure>\n\n\n\n<p>Annul\u00e9s depuis la crise sanitaire, les ateliers cr\u00e9atifs de l\u2019association la Bourdenne reprennent\u00a0<strong>tous les mardis \u00e0 19h30<\/strong>\u00a0\u00e0 la\u00a0<strong>salle Luriendeilh.<\/strong><\/p>\n\n\n\n<p>Venez prendre du temps pour vous, vous d\u00e9tendre, vous faire plaisir, vous \u00e9panouir mais \u00e9galement rencontrer de nouvelles personnes et ainsi cr\u00e9er du lien.<\/p>\n\n\n\n<!--more-->\n\n\n\n<p>Cet atelier permet d\u2019acqu\u00e9rir des techniques nouvelles, de partager des comp\u00e9tences, de d\u00e9velopper son esprit cr\u00e9atif\u2026<br>Diff\u00e9rentes activit\u00e9s sont propos\u00e9es comme le graphisme, le scrapbooking, la peinture, la sculpture, la confection de petits objets divers \u2026<br>Chacun peut venir avec des id\u00e9es, des envies de d\u00e9couverte\u2026<br>Le c\u00f4t\u00e9 convivial est de rigueur.<br><strong>Nouveaut\u00e9 cette ann\u00e9e<\/strong>\u00a0: ouverture des ateliers aux adolescents !<\/p>\n\n\n\n<p><strong>N\u2019h\u00e9sitez plus et venez nous rejoindre pour passer un moment agr\u00e9able !<\/strong><\/p>\n","protected":false},"excerpt":{"rendered":"<p>Annul\u00e9s depuis la crise sanitaire, les ateliers cr\u00e9atifs de l\u2019association la Bourdenne reprennent\u00a0tous les mardis \u00e0 19h30\u00a0\u00e0 la\u00a0salle Luriendeilh. Venez prendre du temps pour vous, vous d\u00e9tendre, vous faire plaisir, vous \u00e9panouir mais \u00e9galement rencontrer de nouvelles personnes et ainsi cr\u00e9er du lien.<\/p>\n","protected":false},"author":4,"featured_media":3105,"comment_status":"open","ping_status":"open","sticky":false,"template":"","format":"gallery","meta":{"jetpack_post_was_ever_published":false,"_jetpack_newsletter_access":"","_jetpack_dont_email_post_to_subs":false,"_jetpack_newsletter_tier_id":0,"_jetpack_memberships_contains_paywalled_content":false,"_jetpack_memberships_contains_paid_content":false,"footnotes":"","jetpack_publicize_message":"","jetpack_publicize_feature_enabled":true,"jetpack_social_post_already_shared":true,"jetpack_social_options":{"image_generator_settings":{"template":"highway","default_image_id":0,"font":"","enabled":false},"version":2}},"categories":[4,15],"tags":[],"class_list":["post-3100","post","type-post","status-publish","format-gallery","has-post-thumbnail","hentry","category-information-generale","category-atelier-loisirs-creatifs","post_format-post-format-gallery"],"jetpack_publicize_connections":[],"jetpack_featured_media_url":"https:\/\/i0.wp.com\/labourdenne.fr\/wp-content\/uploads\/2020\/10\/pexels-photo-4348401.jpeg?fit=1880%2C1257&ssl=1","jetpack_sharing_enabled":true,"jetpack_shortlink":"https:\/\/wp.me\/p6WNWb-O0","jetpack-related-posts":[{"id":2384,"url":"https:\/\/labourdenne.fr\/index.php\/2019\/01\/21\/atelier-loisirs-creatifs-du-21-janvier-2019\/","url_meta":{"origin":3100,"position":0},"title":"Atelier \u00ab\u00a0loisirs cr\u00e9atifs\u00a0\u00bb du 21 janvier 2019","author":"Carole","date":"21 janvier 2019","format":false,"excerpt":"Ce soir, nos artistes en herbe ont d\u00e9couvert les bases de l'aquarelle. Quelques conseils, le choix d'un mod\u00e8le et hop, c'est parti!\u00a0Des palettes de couleurs, des pinceaux, du papier aquarelle, de l'eau, des chiffons et voici le r\u00e9sultats : Le prochain rendez-vous est fix\u00e9 au 4 f\u00e9vrier et aura pour\u2026","rel":"","context":"Dans &quot;Section Loisirs Cr\u00e9atifs&quot;","block_context":{"text":"Section Loisirs Cr\u00e9atifs","link":"https:\/\/labourdenne.fr\/index.php\/category\/atelier-loisirs-creatifs\/"},"img":{"alt_text":"","src":"https:\/\/i0.wp.com\/labourdenne.fr\/wp-content\/uploads\/2019\/01\/IMG_2305-e1548510314374.jpg?resize=350%2C200","width":350,"height":200},"classes":[]},{"id":2071,"url":"https:\/\/labourdenne.fr\/index.php\/2019\/01\/13\/lancement-de-la-section-loisirs-creatifs\/","url_meta":{"origin":3100,"position":1},"title":"Lancement de la section loisirs cr\u00e9atifs&#8230;","author":"Carole","date":"13 janvier 2019","format":false,"excerpt":"D\u00e9but janvier 2019, l\u2019association a lanc\u00e9 une section loisirs cr\u00e9atifs. Chacun peut constater l\u2019engouement actuel pour ces activit\u00e9s. Elles permettent de prendre du temps pour soi, se d\u00e9tendre, se faire plaisir, s\u2019\u00e9panouir, rencontrer de nouvelles personnes et ainsi cr\u00e9er du lien. Cet atelier permet d\u2019acqu\u00e9rir des techniques nouvelles, de partager\u2026","rel":"","context":"Dans &quot;Section Loisirs Cr\u00e9atifs&quot;","block_context":{"text":"Section Loisirs Cr\u00e9atifs","link":"https:\/\/labourdenne.fr\/index.php\/category\/atelier-loisirs-creatifs\/"},"img":{"alt_text":"","src":"","width":0,"height":0},"classes":[]},{"id":4321,"url":"https:\/\/labourdenne.fr\/index.php\/2025\/09\/02\/assemblee-generale-de-la-rentree-2k25\/","url_meta":{"origin":3100,"position":2},"title":"Assembl\u00e9e G\u00e9n\u00e9rale de la rentr\u00e9e 2k25","author":"Vincent","date":"2 septembre 2025","format":false,"excerpt":"Assembl\u00e9e G\u00e9n\u00e9rale : retrouvons-nous le jeudi 25\/09 \u00e0 19:30 \u00e0 l'espace Sagette!","rel":"","context":"Dans &quot;Information g\u00e9n\u00e9rale&quot;","block_context":{"text":"Information g\u00e9n\u00e9rale","link":"https:\/\/labourdenne.fr\/index.php\/category\/information-generale\/"},"img":{"alt_text":"","src":"","width":0,"height":0},"classes":[]},{"id":2991,"url":"https:\/\/labourdenne.fr\/index.php\/2020\/05\/08\/le-bureau-pousse-la-chansonnette\/","url_meta":{"origin":3100,"position":3},"title":"Le bureau pousse la chansonnette","author":"Vincent","date":"8 mai 2020","format":"audio","excerpt":"Chers adh\u00e9rents de la Bourdenne ! Voici un petit message des membres du bureau qui ont d\u00e9cid\u00e9 de vous divertir en cette dr\u00f4le de p\u00e9riode avec cette petite chanson. Bonne \u00e9coute et laissez nous un commentaire! Gare au Covid par le bureau de La Bourdenne Gare au Covid par le\u2026","rel":"","context":"Dans &quot;Information g\u00e9n\u00e9rale&quot;","block_context":{"text":"Information g\u00e9n\u00e9rale","link":"https:\/\/labourdenne.fr\/index.php\/category\/information-generale\/"},"img":{"alt_text":"","src":"","width":0,"height":0},"classes":[]},{"id":3285,"url":"https:\/\/labourdenne.fr\/index.php\/2022\/06\/08\/lassociation-sports-et-loisirs-dogeu-organise-des-puces-des-couturieres-le-dimanche-3-juillet-2022\/","url_meta":{"origin":3100,"position":4},"title":"L&rsquo;Association Sports et Loisirs d&rsquo;Ogeu organise des puces des couturi\u00e8res le dimanche 3 juillet 2022","author":"Vincent","date":"8 juin 2022","format":false,"excerpt":"Pour sa premi\u00e8re \u00e9dition, nous vous relayons un message de l'atelier de couture de l'Association Sports et Loisirs d'Ogeu -ASLO- qui organise des puces des couturi\u00e8res. le Dimanche 3 Juillet de 9h \u00e0 17h \u00e0 la salle polyvalente d'Ogeu-les-Bains Puces-des-couturie\u0300res-Ogeu-2022T\u00e9l\u00e9charger","rel":"","context":"Dans &quot;Information g\u00e9n\u00e9rale&quot;","block_context":{"text":"Information g\u00e9n\u00e9rale","link":"https:\/\/labourdenne.fr\/index.php\/category\/information-generale\/"},"img":{"alt_text":"","src":"","width":0,"height":0},"classes":[]},{"id":3199,"url":"https:\/\/labourdenne.fr\/index.php\/2021\/09\/04\/lassociation-sort-dune-longue-hibernation\/","url_meta":{"origin":3100,"position":5},"title":"L&rsquo;association sort d&rsquo;une longue hibernation","author":"Vincent","date":"4 septembre 2021","format":false,"excerpt":"Ami de La Bourdenne, bonjour ! Merci \u00e0 vous qui venez prendre des nouvelles de l'association et qui avez envie de reprendre vos activit\u00e9s pr\u00e9f\u00e9r\u00e9es. Il est temps de se retrouver. Avec la prudence de mise, mais surtout l\u2019enthousiasme et la joie de se retrouver autour d'une activit\u00e9 commune. Le\u2026","rel":"","context":"Dans &quot;Information g\u00e9n\u00e9rale&quot;","block_context":{"text":"Information g\u00e9n\u00e9rale","link":"https:\/\/labourdenne.fr\/index.php\/category\/information-generale\/"},"img":{"alt_text":"","src":"https:\/\/i0.wp.com\/labourdenne.fr\/wp-content\/uploads\/2021\/09\/WINWORD_ClP7aT8INw-1.jpg?resize=350%2C200&ssl=1","width":350,"height":200,"srcset":"https:\/\/i0.wp.com\/labourdenne.fr\/wp-content\/uploads\/2021\/09\/WINWORD_ClP7aT8INw-1.jpg?resize=350%2C200&ssl=1 1x, https:\/\/i0.wp.com\/labourdenne.fr\/wp-content\/uploads\/2021\/09\/WINWORD_ClP7aT8INw-1.jpg?resize=525%2C300&ssl=1 1.5x"},"classes":[]}],"_links":{"self":[{"href":"https:\/\/labourdenne.fr\/index.php\/wp-json\/wp\/v2\/posts\/3100","targetHints":{"allow":["GET"]}}],"collection":[{"href":"https:\/\/labourdenne.fr\/index.php\/wp-json\/wp\/v2\/posts"}],"about":[{"href":"https:\/\/labourdenne.fr\/index.php\/wp-json\/wp\/v2\/types\/post"}],"author":[{"embeddable":true,"href":"https:\/\/labourdenne.fr\/index.php\/wp-json\/wp\/v2\/users\/4"}],"replies":[{"embeddable":true,"href":"https:\/\/labourdenne.fr\/index.php\/wp-json\/wp\/v2\/comments?post=3100"}],"version-history":[{"count":4,"href":"https:\/\/labourdenne.fr\/index.php\/wp-json\/wp\/v2\/posts\/3100\/revisions"}],"predecessor-version":[{"id":3277,"href":"https:\/\/labourdenne.fr\/index.php\/wp-json\/wp\/v2\/posts\/3100\/revisions\/3277"}],"wp:featuredmedia":[{"embeddable":true,"href":"https:\/\/labourdenne.fr\/index.php\/wp-json\/wp\/v2\/media\/3105"}],"wp:attachment":[{"href":"https:\/\/labourdenne.fr\/index.php\/wp-json\/wp\/v2\/media?parent=3100"}],"wp:term":[{"taxonomy":"category","embeddable":true,"href":"https:\/\/labourdenne.fr\/index.php\/wp-json\/wp\/v2\/categories?post=3100"},{"taxonomy":"post_tag","embeddable":true,"href":"https:\/\/labourdenne.fr\/index.php\/wp-json\/wp\/v2\/tags?post=3100"}],"curies":[{"name":"wp","href":"https:\/\/api.w.org\/{rel}","templated":true}]}}