{"id":3199,"date":"2021-09-04T14:50:09","date_gmt":"2021-09-04T13:50:09","guid":{"rendered":"https:\/\/labourdenne.fr\/?p=3199"},"modified":"2021-09-04T15:00:15","modified_gmt":"2021-09-04T14:00:15","slug":"lassociation-sort-dune-longue-hibernation","status":"publish","type":"post","link":"https:\/\/labourdenne.fr\/index.php\/2021\/09\/04\/lassociation-sort-dune-longue-hibernation\/","title":{"rendered":"L&rsquo;association sort d&rsquo;une longue hibernation"},"content":{"rendered":"\n<p><em>Ami de La Bourdenne, bonjour<\/em> !<\/p>\n\n\n\n<p><em>Merci \u00e0 vous qui venez prendre des nouvelles de l&rsquo;association et qui avez envie de reprendre vos activit\u00e9s pr\u00e9f\u00e9r\u00e9es. Il est temps de se retrouver. Avec la prudence de mise, mais surtout l\u2019enthousiasme et la joie de se retrouver autour d&rsquo;une activit\u00e9 commune.<\/em><\/p>\n\n\n\n<p><em>Le bureau, avant de se r\u00e9unir tr\u00e8s prochainement, a d\u00e9j\u00e0 commenc\u00e9 \u00e0 \u0153uvrer \u00e0 la reprise et d&rsquo;\u00e9tudier les conditions \u00e0 respecter en fonction des r\u00e8gles sanitaires en vigueur et de leurs \u00e9volutions.<\/em><\/p>\n\n\n\n<h2 class=\"wp-block-heading\">Patrimoine<\/h2>\n\n\n\n<p>La section Patrimoine n&rsquo;a pas cess\u00e9 ses activit\u00e9s, bien que les actions se soient r\u00e9duites. <\/p>\n\n\n\n<p>Elle a mont\u00e9, avec le concours du bureau, un dossier afin de s&rsquo;inscrire au premier <a rel=\"noreferrer noopener\" href=\"https:\/\/www.budgetparticipatif64.fr\/profile\/associationlabourdenne1\" target=\"_blank\">budget participatif<\/a> du d\u00e9partement des Pyr\u00e9n\u00e9es-Atlantiques. On a d&rsquo;ailleurs pu voir certains \u00e9nergum\u00e8nes de l&rsquo;asso se distinguer afin de rameuter des voix. <\/p>\n\n\n\n<figure class=\"wp-block-embed is-type-video is-provider-youtube wp-block-embed-youtube wp-embed-aspect-16-9 wp-has-aspect-ratio\"><div class=\"wp-block-embed__wrapper\">\n<div class=\"jetpack-video-wrapper\"><span class=\"embed-youtube\" style=\"text-align:center; display: block;\"><iframe loading=\"lazy\" class=\"youtube-player\" width=\"646\" height=\"364\" src=\"https:\/\/www.youtube.com\/embed\/NBygE3dGY7U?version=3&#038;rel=1&#038;showsearch=0&#038;showinfo=1&#038;iv_load_policy=1&#038;fs=1&#038;hl=fr-FR&#038;autohide=2&#038;wmode=transparent\" allowfullscreen=\"true\" style=\"border:0;\" sandbox=\"allow-scripts allow-same-origin allow-popups allow-presentation allow-popups-to-escape-sandbox\"><\/iframe><\/span><\/div>\n<\/div><figcaption>La vid\u00e9o humoristique pour le budget participatif 64. (cherchez le b\u00eatisier aussi)<\/figcaption><\/figure>\n\n\n\n<p>Le succ\u00e8s n&rsquo;a pas \u00e9t\u00e9 au rendez-vous, mais cette exp\u00e9rience sera utile pour monter d&rsquo;autres dossiers \u00e0 l&rsquo;avenir.<\/p>\n\n\n\n<p>De plus, la cabane de Ch\u00e9rue continue de se refaire une beaut\u00e9 avec le soutien de la commune. Certains adh\u00e9rents, accompagn\u00e9s de la marmailles, sont mont\u00e9s pour changer les volets, nettoyer la cabane, et d\u00e9blayer les environs de tous les d\u00e9chets qui se sont accumul\u00e9s au fil des ans. Le vieux po\u00eale a \u00e9t\u00e9 remis\u00e9 car en tr\u00e8s mauvais \u00e9tat, en vue d&rsquo;\u00eatre remplac\u00e9. Deux chargements ont \u00e9t\u00e9 \u00e9vacu\u00e9s par h\u00e9litreuillage, puis par nos agents municipaux en camionnette qui nous ont pr\u00eat\u00e9 main forte pour r\u00e9cup\u00e9rer et traiter les d\u00e9chets.<\/p>\n\n\n\n<blockquote class=\"wp-block-quote is-style-large is-layout-flow wp-block-quote-is-layout-flow\"><p>Courant septembre la r\u00e9novation de la cabane va reprendre. Rapprochez vous de la section patrimoine par le formulaire de la <a href=\"https:\/\/labourdenne.fr\/index.php\/patrimoine\/\">page Patrimoine (lien vers la page)<\/a>, si vous avez envie de rejoindre l&rsquo;\u00e9quipe.<\/p><\/blockquote>\n\n\n\n<h2 class=\"wp-block-heading\">Gym<\/h2>\n\n\n\n<p>C&rsquo;est la premi\u00e8re section \u00e0 lancer les invitations pour la rentr\u00e9e. <strong>L&rsquo;activit\u00e9 reprend le 14 septembre 2021.<\/strong><\/p>\n\n\n\n<div class=\"wp-block-image\"><figure class=\"aligncenter size-large\"><img data-recalc-dims=\"1\" loading=\"lazy\" decoding=\"async\" width=\"551\" height=\"785\" data-attachment-id=\"3208\" data-permalink=\"https:\/\/labourdenne.fr\/index.php\/2021\/09\/04\/lassociation-sort-dune-longue-hibernation\/winword_clp7at8inw-1\/\" data-orig-file=\"https:\/\/i0.wp.com\/labourdenne.fr\/wp-content\/uploads\/2021\/09\/WINWORD_ClP7aT8INw-1.jpg?fit=551%2C785&amp;ssl=1\" data-orig-size=\"551,785\" data-comments-opened=\"1\" data-image-meta=\"{&quot;aperture&quot;:&quot;0&quot;,&quot;credit&quot;:&quot;&quot;,&quot;camera&quot;:&quot;&quot;,&quot;caption&quot;:&quot;&quot;,&quot;created_timestamp&quot;:&quot;0&quot;,&quot;copyright&quot;:&quot;&quot;,&quot;focal_length&quot;:&quot;0&quot;,&quot;iso&quot;:&quot;0&quot;,&quot;shutter_speed&quot;:&quot;0&quot;,&quot;title&quot;:&quot;&quot;,&quot;orientation&quot;:&quot;0&quot;}\" data-image-title=\"WINWORD_ClP7aT8INw-1\" data-image-description=\"\" data-image-caption=\"\" data-large-file=\"https:\/\/i0.wp.com\/labourdenne.fr\/wp-content\/uploads\/2021\/09\/WINWORD_ClP7aT8INw-1.jpg?fit=551%2C785&amp;ssl=1\" src=\"https:\/\/i0.wp.com\/labourdenne.fr\/wp-content\/uploads\/2021\/09\/WINWORD_ClP7aT8INw-1.jpg?resize=551%2C785&#038;ssl=1\" alt=\"\" class=\"wp-image-3208\" srcset=\"https:\/\/i0.wp.com\/labourdenne.fr\/wp-content\/uploads\/2021\/09\/WINWORD_ClP7aT8INw-1.jpg?w=551&amp;ssl=1 551w, https:\/\/i0.wp.com\/labourdenne.fr\/wp-content\/uploads\/2021\/09\/WINWORD_ClP7aT8INw-1.jpg?resize=211%2C300&amp;ssl=1 211w\" sizes=\"auto, (max-width: 551px) 100vw, 551px\" \/><figcaption>Affiche de la rentr\u00e9e de la gym<\/figcaption><\/figure><\/div>\n\n\n\n<figure class=\"wp-block-pullquote\" style=\"border-color:#8ed1fc\"><blockquote><p>Gym tous les mardis de 17:00 \u00e0 18:00 au foyer Luriendeilh <\/p><p>(Buzy en face de la boulangerie)<\/p><\/blockquote><\/figure>\n\n\n\n<p class=\"has-medium-font-size\"><strong>Renseignements et contact dans la <a href=\"https:\/\/labourdenne.fr\/index.php\/atelier-gym\/\">section Gym (lien vers la page)<\/a><\/strong> ou sur place aupr\u00e8s de Juliette et des adh\u00e9rents.<\/p>\n\n\n\n<h2 class=\"wp-block-heading\">Et les autres sections alors ? <\/h2>\n\n\n\n<p>Nous reviendrons prochainement afin de vous donner des nouvelles concernant les autres sections (chant, couture, cuisine, et loisirs cr\u00e9atifs). Portez vous bien et \u00e0 tr\u00e8s vite !<\/p>\n","protected":false},"excerpt":{"rendered":"<p>Ami de La Bourdenne, bonjour ! Merci \u00e0 vous qui venez prendre des nouvelles de l&rsquo;association et qui avez envie de reprendre vos activit\u00e9s pr\u00e9f\u00e9r\u00e9es. Il est temps de se retrouver. Avec la prudence de mise, mais surtout l\u2019enthousiasme et la joie de se retrouver autour d&rsquo;une activit\u00e9 commune. Le bureau, avant de se r\u00e9unir [&hellip;]<\/p>\n","protected":false},"author":1,"featured_media":0,"comment_status":"closed","ping_status":"closed","sticky":false,"template":"","format":"standard","meta":{"jetpack_post_was_ever_published":false,"_jetpack_newsletter_access":"","_jetpack_dont_email_post_to_subs":false,"_jetpack_newsletter_tier_id":0,"_jetpack_memberships_contains_paywalled_content":false,"_jetpack_memberships_contains_paid_content":false,"footnotes":"","jetpack_publicize_message":"","jetpack_publicize_feature_enabled":true,"jetpack_social_post_already_shared":true,"jetpack_social_options":{"image_generator_settings":{"template":"highway","default_image_id":0,"font":"","enabled":false},"version":2}},"categories":[4,7,16],"tags":[],"class_list":["post-3199","post","type-post","status-publish","format-standard","hentry","category-information-generale","category-atelier-gym","category-section-patrimoine"],"jetpack_publicize_connections":[],"jetpack_featured_media_url":"","jetpack_sharing_enabled":true,"jetpack_shortlink":"https:\/\/wp.me\/p6WNWb-PB","jetpack-related-posts":[{"id":4321,"url":"https:\/\/labourdenne.fr\/index.php\/2025\/09\/02\/assemblee-generale-de-la-rentree-2k25\/","url_meta":{"origin":3199,"position":0},"title":"Assembl\u00e9e G\u00e9n\u00e9rale de la rentr\u00e9e 2k25","author":"Vincent","date":"2 septembre 2025","format":false,"excerpt":"Assembl\u00e9e G\u00e9n\u00e9rale : retrouvons-nous le jeudi 25\/09 \u00e0 19:30 \u00e0 l'espace Sagette!","rel":"","context":"Dans &quot;Information g\u00e9n\u00e9rale&quot;","block_context":{"text":"Information g\u00e9n\u00e9rale","link":"https:\/\/labourdenne.fr\/index.php\/category\/information-generale\/"},"img":{"alt_text":"","src":"","width":0,"height":0},"classes":[]},{"id":2991,"url":"https:\/\/labourdenne.fr\/index.php\/2020\/05\/08\/le-bureau-pousse-la-chansonnette\/","url_meta":{"origin":3199,"position":1},"title":"Le bureau pousse la chansonnette","author":"Vincent","date":"8 mai 2020","format":"audio","excerpt":"Chers adh\u00e9rents de la Bourdenne ! Voici un petit message des membres du bureau qui ont d\u00e9cid\u00e9 de vous divertir en cette dr\u00f4le de p\u00e9riode avec cette petite chanson. Bonne \u00e9coute et laissez nous un commentaire! Gare au Covid par le bureau de La Bourdenne Gare au Covid par le\u2026","rel":"","context":"Dans &quot;Information g\u00e9n\u00e9rale&quot;","block_context":{"text":"Information g\u00e9n\u00e9rale","link":"https:\/\/labourdenne.fr\/index.php\/category\/information-generale\/"},"img":{"alt_text":"","src":"","width":0,"height":0},"classes":[]},{"id":3110,"url":"https:\/\/labourdenne.fr\/index.php\/2020\/10\/24\/candidature-a-ledition-2020-du-budget-participatif-64\/","url_meta":{"origin":3199,"position":2},"title":"Candidature \u00e0 l&rsquo;\u00e9dition 2020 du budget participatif 64","author":"Vincent","date":"24 octobre 2020","format":false,"excerpt":"Dans le cadre de ses activit\u00e9s autour de la restauration et de la mise en valeur du petit patrimoine b\u00e2ti buz\u00e9en, sachez que l'association La Bourdenne se positionne pour obtenir une aide du d\u00e9partement au travers du budget participatif 64 \u00e9dition 2020. Le but est de concr\u00e9tiser plus rapidement nos\u2026","rel":"","context":"Dans &quot;Information g\u00e9n\u00e9rale&quot;","block_context":{"text":"Information g\u00e9n\u00e9rale","link":"https:\/\/labourdenne.fr\/index.php\/category\/information-generale\/"},"img":{"alt_text":"","src":"","width":0,"height":0},"classes":[]},{"id":2601,"url":"https:\/\/labourdenne.fr\/index.php\/2019\/09\/30\/patrimoine-de-buzy-reunion-dinformation-le-4-octobre-2019\/","url_meta":{"origin":3199,"position":3},"title":"Patrimoine de BUZY &#8211; R\u00e9union d\u2019information le 4 octobre 2019.","author":"Vincent","date":"30 septembre 2019","format":false,"excerpt":"La nouvelle section \u00ab\u00a0Patrimoine\u00a0\u00bb de l\u2019association a pour objectif de recueillir et mettre en valeur la m\u00e9moire collective de notre village, mais aussi participer \u00e0 la r\u00e9novation du petit patrimoine b\u00e2ti.Toutes les personnes int\u00e9ress\u00e9es par ce projet sont cordialement invit\u00e9es \u00e0 venir nous rencontrer vendredi 4 octobre, \u00e0 19h30, \u00e0\u2026","rel":"","context":"Dans &quot;Section Patrimoine&quot;","block_context":{"text":"Section Patrimoine","link":"https:\/\/labourdenne.fr\/index.php\/category\/section-patrimoine\/"},"img":{"alt_text":"Nettoyage de la fontaine Limoges","src":"https:\/\/i0.wp.com\/labourdenne.fr\/wp-content\/uploads\/2019\/01\/VMI_8533.jpg?fit=1024%2C680&ssl=1&resize=350%2C200","width":350,"height":200,"srcset":"https:\/\/i0.wp.com\/labourdenne.fr\/wp-content\/uploads\/2019\/01\/VMI_8533.jpg?fit=1024%2C680&ssl=1&resize=350%2C200 1x, https:\/\/i0.wp.com\/labourdenne.fr\/wp-content\/uploads\/2019\/01\/VMI_8533.jpg?fit=1024%2C680&ssl=1&resize=525%2C300 1.5x, https:\/\/i0.wp.com\/labourdenne.fr\/wp-content\/uploads\/2019\/01\/VMI_8533.jpg?fit=1024%2C680&ssl=1&resize=700%2C400 2x"},"classes":[]},{"id":3042,"url":"https:\/\/labourdenne.fr\/index.php\/2020\/06\/21\/grand-nettoyage-a-la-cabane-de-cherue\/","url_meta":{"origin":3199,"position":4},"title":"Grand nettoyage \u00e0 la cabane de Ch\u00e9rue","author":"Vincent","date":"21 juin 2020","format":"image","excerpt":"Les petites mains qui sont entr\u00e9es en action. Il aura fallu le courage de neuf enfants pour mettre un grand coup de balai \u00e0 la cabane de Ch\u00e9rue. Cette petite cabane situ\u00e9e sur le territoire de Buzy en vall\u00e9e d\u2019Ossau accueille les randonneurs et permet de stocker le mat\u00e9riel pour\u2026","rel":"","context":"Dans &quot;Section Patrimoine&quot;","block_context":{"text":"Section Patrimoine","link":"https:\/\/labourdenne.fr\/index.php\/category\/section-patrimoine\/"},"img":{"alt_text":"","src":"https:\/\/i0.wp.com\/labourdenne.fr\/wp-content\/uploads\/2020\/06\/20200621-cherue.jpg?resize=350%2C200&ssl=1","width":350,"height":200,"srcset":"https:\/\/i0.wp.com\/labourdenne.fr\/wp-content\/uploads\/2020\/06\/20200621-cherue.jpg?resize=350%2C200&ssl=1 1x, https:\/\/i0.wp.com\/labourdenne.fr\/wp-content\/uploads\/2020\/06\/20200621-cherue.jpg?resize=525%2C300&ssl=1 1.5x, https:\/\/i0.wp.com\/labourdenne.fr\/wp-content\/uploads\/2020\/06\/20200621-cherue.jpg?resize=700%2C400&ssl=1 2x, https:\/\/i0.wp.com\/labourdenne.fr\/wp-content\/uploads\/2020\/06\/20200621-cherue.jpg?resize=1050%2C600&ssl=1 3x, https:\/\/i0.wp.com\/labourdenne.fr\/wp-content\/uploads\/2020\/06\/20200621-cherue.jpg?resize=1400%2C800&ssl=1 4x"},"classes":[]},{"id":2819,"url":"https:\/\/labourdenne.fr\/index.php\/2020\/01\/25\/nettoyage-fontaine-patierme\/","url_meta":{"origin":3199,"position":5},"title":"NETTOYAGE FONTAINE PATIERME [VIDEO]","author":"Corinne","date":"25 janvier 2020","format":"video","excerpt":"Les membres de la section patrimoine se sont retrouv\u00e9s le dimanche 19 et le samedi 25 janvier sur le chantier de nettoyage de la fontaine Patierme. Voici un aper\u00e7u des travaux.","rel":"","context":"Dans &quot;Section Patrimoine&quot;","block_context":{"text":"Section Patrimoine","link":"https:\/\/labourdenne.fr\/index.php\/category\/section-patrimoine\/"},"img":{"alt_text":"","src":"https:\/\/i0.wp.com\/labourdenne.fr\/wp-content\/uploads\/2020\/02\/20200119_115815_003.jpg?resize=350%2C200&ssl=1","width":350,"height":200,"srcset":"https:\/\/i0.wp.com\/labourdenne.fr\/wp-content\/uploads\/2020\/02\/20200119_115815_003.jpg?resize=350%2C200&ssl=1 1x, https:\/\/i0.wp.com\/labourdenne.fr\/wp-content\/uploads\/2020\/02\/20200119_115815_003.jpg?resize=525%2C300&ssl=1 1.5x, https:\/\/i0.wp.com\/labourdenne.fr\/wp-content\/uploads\/2020\/02\/20200119_115815_003.jpg?resize=700%2C400&ssl=1 2x, https:\/\/i0.wp.com\/labourdenne.fr\/wp-content\/uploads\/2020\/02\/20200119_115815_003.jpg?resize=1050%2C600&ssl=1 3x, https:\/\/i0.wp.com\/labourdenne.fr\/wp-content\/uploads\/2020\/02\/20200119_115815_003.jpg?resize=1400%2C800&ssl=1 4x"},"classes":[]}],"_links":{"self":[{"href":"https:\/\/labourdenne.fr\/index.php\/wp-json\/wp\/v2\/posts\/3199","targetHints":{"allow":["GET"]}}],"collection":[{"href":"https:\/\/labourdenne.fr\/index.php\/wp-json\/wp\/v2\/posts"}],"about":[{"href":"https:\/\/labourdenne.fr\/index.php\/wp-json\/wp\/v2\/types\/post"}],"author":[{"embeddable":true,"href":"https:\/\/labourdenne.fr\/index.php\/wp-json\/wp\/v2\/users\/1"}],"replies":[{"embeddable":true,"href":"https:\/\/labourdenne.fr\/index.php\/wp-json\/wp\/v2\/comments?post=3199"}],"version-history":[{"count":6,"href":"https:\/\/labourdenne.fr\/index.php\/wp-json\/wp\/v2\/posts\/3199\/revisions"}],"predecessor-version":[{"id":3209,"href":"https:\/\/labourdenne.fr\/index.php\/wp-json\/wp\/v2\/posts\/3199\/revisions\/3209"}],"wp:attachment":[{"href":"https:\/\/labourdenne.fr\/index.php\/wp-json\/wp\/v2\/media?parent=3199"}],"wp:term":[{"taxonomy":"category","embeddable":true,"href":"https:\/\/labourdenne.fr\/index.php\/wp-json\/wp\/v2\/categories?post=3199"},{"taxonomy":"post_tag","embeddable":true,"href":"https:\/\/labourdenne.fr\/index.php\/wp-json\/wp\/v2\/tags?post=3199"}],"curies":[{"name":"wp","href":"https:\/\/api.w.org\/{rel}","templated":true}]}}