{"id":3431,"date":"2023-09-03T09:49:00","date_gmt":"2023-09-03T08:49:00","guid":{"rendered":"https:\/\/labourdenne.fr\/?p=3431"},"modified":"2024-03-05T10:20:08","modified_gmt":"2024-03-05T09:20:08","slug":"la-section-gym-fait-sa-rentree-2022","status":"publish","type":"post","link":"https:\/\/labourdenne.fr\/index.php\/2023\/09\/03\/la-section-gym-fait-sa-rentree-2022\/","title":{"rendered":"La section gym fait sa rentr\u00e9e 2023 !"},"content":{"rendered":"\n<p class=\"has-medium-font-size\">Tous les d\u00e9tails (horaires, tarif et inscription) sont disponibles sur la page d\u00e9di\u00e9e \u00e0 <a href=\"https:\/\/labourdenne.fr\/index.php\/atelier-gym\/\" data-type=\"page\" data-id=\"25\">la section gym (suivez ce lien vers la section)<\/a><\/p>\n\n\n\n<p class=\"has-medium-font-size\">Renseignements et inscription sur place aupr\u00e8s de <strong>Juliette<\/strong>, toute l&rsquo;ann\u00e9e.<\/p>\n\n\n\n<p class=\"has-medium-font-size\">Vous pouvez aussi envoyer un message <a href=\"https:\/\/labourdenne.fr\/index.php\/atelier-gym\/\" data-type=\"page\" data-id=\"25\">via ce formulaire<\/a>.<\/p>\n","protected":false},"excerpt":{"rendered":"<p>Tous les d\u00e9tails (horaires, tarif et inscription) sont disponibles sur la page d\u00e9di\u00e9e \u00e0 la section gym (suivez ce lien vers la section) Renseignements et inscription sur place aupr\u00e8s de Juliette, toute l&rsquo;ann\u00e9e. Vous pouvez aussi envoyer un message via ce formulaire.<\/p>\n","protected":false},"author":1,"featured_media":0,"comment_status":"open","ping_status":"open","sticky":false,"template":"","format":"standard","meta":{"jetpack_post_was_ever_published":false,"_jetpack_newsletter_access":"","_jetpack_dont_email_post_to_subs":false,"_jetpack_newsletter_tier_id":0,"_jetpack_memberships_contains_paywalled_content":false,"_jetpack_memberships_contains_paid_content":false,"footnotes":"","jetpack_publicize_message":"","jetpack_publicize_feature_enabled":true,"jetpack_social_post_already_shared":true,"jetpack_social_options":{"image_generator_settings":{"template":"highway","default_image_id":0,"font":"","enabled":false},"version":2}},"categories":[7],"tags":[],"class_list":["post-3431","post","type-post","status-publish","format-standard","hentry","category-atelier-gym"],"jetpack_publicize_connections":[],"jetpack_featured_media_url":"","jetpack_sharing_enabled":true,"jetpack_shortlink":"https:\/\/wp.me\/p6WNWb-Tl","jetpack-related-posts":[{"id":2055,"url":"https:\/\/labourdenne.fr\/index.php\/2019\/01\/13\/un-peu-de-sport-avec-la-section-gym\/","url_meta":{"origin":3431,"position":0},"title":"Un peu de sport avec la section gym&#8230;","author":"Carole","date":"13 janvier 2019","format":"gallery","excerpt":"La section gym regroupe une quinzaine de sportives qui se r\u00e9unissent tous les mardis de 17h \u00e0 18h, sous la direction de Genevi\u00e8ve Lain, pour pratiquer une gymnastique douce et d\u2019entretien. Pendant les travaux de r\u00e9habilitation de la salle des f\u00eates devenue l\u2019Espace Sagette, elles se sont install\u00e9es dans la\u2026","rel":"","context":"Dans &quot;Section Gym&quot;","block_context":{"text":"Section Gym","link":"https:\/\/labourdenne.fr\/index.php\/category\/atelier-gym\/"},"img":{"alt_text":"","src":"https:\/\/i0.wp.com\/labourdenne.fr\/wp-content\/uploads\/2019\/01\/18.09.18-3.jpg?resize=350%2C200","width":350,"height":200,"srcset":"https:\/\/i0.wp.com\/labourdenne.fr\/wp-content\/uploads\/2019\/01\/18.09.18-3.jpg?resize=350%2C200 1x, https:\/\/i0.wp.com\/labourdenne.fr\/wp-content\/uploads\/2019\/01\/18.09.18-3.jpg?resize=525%2C300 1.5x, https:\/\/i0.wp.com\/labourdenne.fr\/wp-content\/uploads\/2019\/01\/18.09.18-3.jpg?resize=700%2C400 2x"},"classes":[]},{"id":1276,"url":"https:\/\/labourdenne.fr\/index.php\/2017\/07\/08\/les-sections-chant-gym-et-couture-cloturent-lannee-par-un-petit-repas\/","url_meta":{"origin":3431,"position":1},"title":"Les sections chant, gym et couture cl\u00f4turent l&rsquo;ann\u00e9e par un petit repas","author":"Corinne","date":"8 juillet 2017","format":false,"excerpt":"Les dames qui chantent, cousent et \"gesticulent\" aux ateliers de la Bourdenne ont cl\u00f4tur\u00e9 l'ann\u00e9e par un petit repas commun. Et sans l'avoir pr\u00e9vu, ont profit\u00e9 de la transhumance des troupeaux \u00e0 Laruns. Le repas fut donc tr\u00e8s digestif car il a fallu courir sur la terrasse du restaurant entre\u2026","rel":"","context":"Dans &quot;Section Chant&quot;","block_context":{"text":"Section Chant","link":"https:\/\/labourdenne.fr\/index.php\/category\/atelier-chant\/"},"img":{"alt_text":"","src":"https:\/\/i0.wp.com\/labourdenne.fr\/wp-content\/uploads\/2017\/09\/07.07.17-37-300x225.jpg?resize=350%2C200","width":350,"height":200},"classes":[]},{"id":185,"url":"https:\/\/labourdenne.fr\/index.php\/2015\/12\/05\/latelier-gym-a-marche-pour-le-telethon-2015\/","url_meta":{"origin":3431,"position":2},"title":"L&rsquo;atelier Gym a march\u00e9 pour le T\u00e9l\u00e9thon 2015","author":"Vincent","date":"5 d\u00e9cembre 2015","format":"image","excerpt":"Genevi\u00e8ve Lain notre prof de gym a\u00a0partag\u00e9 notre marche avec sa section marche nordique et a veill\u00e9 ainsi \u00e0 notre \u201crelaxation\u201d","rel":"","context":"Dans &quot;Section Gym&quot;","block_context":{"text":"Section Gym","link":"https:\/\/labourdenne.fr\/index.php\/category\/atelier-gym\/"},"img":{"alt_text":"","src":"https:\/\/i0.wp.com\/labourdenne.fr\/wp-content\/uploads\/2016\/01\/05.12.15-6.jpg?resize=350%2C200","width":350,"height":200,"srcset":"https:\/\/i0.wp.com\/labourdenne.fr\/wp-content\/uploads\/2016\/01\/05.12.15-6.jpg?resize=350%2C200 1x, https:\/\/i0.wp.com\/labourdenne.fr\/wp-content\/uploads\/2016\/01\/05.12.15-6.jpg?resize=525%2C300 1.5x, https:\/\/i0.wp.com\/labourdenne.fr\/wp-content\/uploads\/2016\/01\/05.12.15-6.jpg?resize=700%2C400 2x"},"classes":[]},{"id":3199,"url":"https:\/\/labourdenne.fr\/index.php\/2021\/09\/04\/lassociation-sort-dune-longue-hibernation\/","url_meta":{"origin":3431,"position":3},"title":"L&rsquo;association sort d&rsquo;une longue hibernation","author":"Vincent","date":"4 septembre 2021","format":false,"excerpt":"Ami de La Bourdenne, bonjour ! Merci \u00e0 vous qui venez prendre des nouvelles de l'association et qui avez envie de reprendre vos activit\u00e9s pr\u00e9f\u00e9r\u00e9es. Il est temps de se retrouver. Avec la prudence de mise, mais surtout l\u2019enthousiasme et la joie de se retrouver autour d'une activit\u00e9 commune. Le\u2026","rel":"","context":"Dans &quot;Information g\u00e9n\u00e9rale&quot;","block_context":{"text":"Information g\u00e9n\u00e9rale","link":"https:\/\/labourdenne.fr\/index.php\/category\/information-generale\/"},"img":{"alt_text":"","src":"https:\/\/i0.wp.com\/labourdenne.fr\/wp-content\/uploads\/2021\/09\/WINWORD_ClP7aT8INw-1.jpg?resize=350%2C200&ssl=1","width":350,"height":200,"srcset":"https:\/\/i0.wp.com\/labourdenne.fr\/wp-content\/uploads\/2021\/09\/WINWORD_ClP7aT8INw-1.jpg?resize=350%2C200&ssl=1 1x, https:\/\/i0.wp.com\/labourdenne.fr\/wp-content\/uploads\/2021\/09\/WINWORD_ClP7aT8INw-1.jpg?resize=525%2C300&ssl=1 1.5x"},"classes":[]},{"id":179,"url":"https:\/\/labourdenne.fr\/index.php\/2016\/01\/19\/fete-des-reines-a-la-gym-de-la-bourdenne\/","url_meta":{"origin":3431,"position":4},"title":"F\u00eate des reines \u00e0 la Gym de la Bourdenne","author":"Vincent","date":"19 janvier 2016","format":"image","excerpt":"Apr\u00e8s l\u2019effort le r\u00e9confort Juliette","rel":"","context":"Dans &quot;Section Gym&quot;","block_context":{"text":"Section Gym","link":"https:\/\/labourdenne.fr\/index.php\/category\/atelier-gym\/"},"img":{"alt_text":"20160119_180429","src":"https:\/\/i0.wp.com\/labourdenne.fr\/wp-content\/uploads\/2016\/01\/20160119_180429.jpg?resize=350%2C200","width":350,"height":200,"srcset":"https:\/\/i0.wp.com\/labourdenne.fr\/wp-content\/uploads\/2016\/01\/20160119_180429.jpg?resize=350%2C200 1x, https:\/\/i0.wp.com\/labourdenne.fr\/wp-content\/uploads\/2016\/01\/20160119_180429.jpg?resize=525%2C300 1.5x"},"classes":[]},{"id":4321,"url":"https:\/\/labourdenne.fr\/index.php\/2025\/09\/02\/assemblee-generale-de-la-rentree-2k25\/","url_meta":{"origin":3431,"position":5},"title":"Assembl\u00e9e G\u00e9n\u00e9rale de la rentr\u00e9e 2k25","author":"Vincent","date":"2 septembre 2025","format":false,"excerpt":"Assembl\u00e9e G\u00e9n\u00e9rale : retrouvons-nous le jeudi 25\/09 \u00e0 19:30 \u00e0 l'espace Sagette!","rel":"","context":"Dans &quot;Information g\u00e9n\u00e9rale&quot;","block_context":{"text":"Information g\u00e9n\u00e9rale","link":"https:\/\/labourdenne.fr\/index.php\/category\/information-generale\/"},"img":{"alt_text":"","src":"","width":0,"height":0},"classes":[]}],"_links":{"self":[{"href":"https:\/\/labourdenne.fr\/index.php\/wp-json\/wp\/v2\/posts\/3431","targetHints":{"allow":["GET"]}}],"collection":[{"href":"https:\/\/labourdenne.fr\/index.php\/wp-json\/wp\/v2\/posts"}],"about":[{"href":"https:\/\/labourdenne.fr\/index.php\/wp-json\/wp\/v2\/types\/post"}],"author":[{"embeddable":true,"href":"https:\/\/labourdenne.fr\/index.php\/wp-json\/wp\/v2\/users\/1"}],"replies":[{"embeddable":true,"href":"https:\/\/labourdenne.fr\/index.php\/wp-json\/wp\/v2\/comments?post=3431"}],"version-history":[{"count":4,"href":"https:\/\/labourdenne.fr\/index.php\/wp-json\/wp\/v2\/posts\/3431\/revisions"}],"predecessor-version":[{"id":3861,"href":"https:\/\/labourdenne.fr\/index.php\/wp-json\/wp\/v2\/posts\/3431\/revisions\/3861"}],"wp:attachment":[{"href":"https:\/\/labourdenne.fr\/index.php\/wp-json\/wp\/v2\/media?parent=3431"}],"wp:term":[{"taxonomy":"category","embeddable":true,"href":"https:\/\/labourdenne.fr\/index.php\/wp-json\/wp\/v2\/categories?post=3431"},{"taxonomy":"post_tag","embeddable":true,"href":"https:\/\/labourdenne.fr\/index.php\/wp-json\/wp\/v2\/tags?post=3431"}],"curies":[{"name":"wp","href":"https:\/\/api.w.org\/{rel}","templated":true}]}}