{"id":3746,"date":"2023-10-29T19:08:04","date_gmt":"2023-10-29T18:08:04","guid":{"rendered":"https:\/\/labourdenne.fr\/?p=3746"},"modified":"2023-12-01T00:22:27","modified_gmt":"2023-11-30T23:22:27","slug":"la-section-cuisine-des-marmitons-programme-2023-2024","status":"publish","type":"post","link":"https:\/\/labourdenne.fr\/index.php\/2023\/10\/29\/la-section-cuisine-des-marmitons-programme-2023-2024\/","title":{"rendered":"La section cuisine des Marmitons &#8211; Programme 2023 &#8211; 2024"},"content":{"rendered":"\n<p><em>Lors de notre rencontre culinaire du 14 octobre nous avons \u00e9labor\u00e9 le calendrier de nos prochains ateliers de cuisine du monde, comme je vous l&rsquo;avais indiqu\u00e9 <strong>nous f\u00eaterons&nbsp;en 2024 les 10 ans de la section Cuisine de La Bourdenne<\/strong>&nbsp;et nous envisageons une ann\u00e9e FESTIVE, voici donc l&rsquo;\u00e9bauche d&rsquo;un calendrier sugg\u00e9r\u00e9 par l&rsquo;ensemble des marmitons pr\u00e9sents au repas d&rsquo;octobre et qui reste ouvert \u00e0 toutes propositions.<\/em><\/p>\n\n\n\n<!--more-->\n\n\n\n<h2 class=\"wp-block-heading\"><strong><u>DATES ET ANIMATIONS 2023-2024<\/u><\/strong><\/h2>\n\n\n\n<h3 class=\"wp-block-heading\"><strong><u>18 NOVEMBRE 2023<\/u><\/strong><\/h3>\n\n\n\n<p>Recherchons un CHEF cuisinier local pour nous apprendre un plat, l&rsquo;atelier commencera vers 14h si besoin, contact avec l&rsquo;Etable d&rsquo;Ossau (en attente de rappel) la Fourgonetta, l&rsquo;Ayguelade et le restau de Georges Fallati ont \u00e9t\u00e9 propos\u00e9s.<\/p>\n\n\n\n<h3 class=\"wp-block-heading\">16 D\u00c9CEMBRE&nbsp;2023<\/h3>\n\n\n\n<p>Organisation d&rsquo;un concours interne de <strong>Garbure<\/strong>, des \u00e9quipes de <strong>maximum 5 personnes<\/strong> r\u00e9aliseront dans une cocotte d&rsquo;environ <strong>8 L<\/strong> une garbure. Tout le monde votera de fa\u00e7on anonyme pour \u00e9lire la meilleure garbure, nous en reparlerons le 18 novembre.<\/p>\n\n\n\n<h3 class=\"wp-block-heading\">13 JANVIER 2024<\/h3>\n\n\n\n<p>Soir\u00e9e Antillaise, Carole proposera un menu et contact \u00e0 prendre avec Les Voix du Tam Tam d&rsquo;Arudy pour animer la soir\u00e9e.<\/p>\n\n\n\n<h3 class=\"wp-block-heading\">10 FEVRIER&nbsp;2024<\/h3>\n\n\n\n<p>Repas test pour notre <strong>Repas du Village<\/strong><\/p>\n\n\n\n<h3 class=\"wp-block-heading\">16 MARS 2024<\/h3>\n\n\n\n<p><strong>Repas du Village<\/strong><\/p>\n\n\n\n<h3 class=\"wp-block-heading\">27 AVRIL 2024<\/h3>\n\n\n\n<p>Nous vous proposerons d&rsquo;aller cueillir des plantes avec une personne comp\u00e9tente en botanique et de les cuisiner.<\/p>\n\n\n\n<h3 class=\"wp-block-heading\">25 MAI 2024<\/h3>\n\n\n\n<p>Soir\u00e9e Africaine, Emilie nous proposera un menu et Sandrine animera la soir\u00e9e avec percussionnistes, si possible, pour une initiation aux danses africaines<\/p>\n\n\n\n<h3 class=\"wp-block-heading\">29 JUIN 2024<\/h3>\n\n\n\n<p>Pour notre dernier atelier avant les vacances, nous vous proposerons un <strong>m\u00e9choui<\/strong>; eh oui \u00e7a&nbsp;fait&nbsp;plaisir !!!&nbsp;&nbsp;<\/p>\n\n\n\n<p>&#x26a0;&#xfe0f; Les ateliers d&rsquo;avril et de mai sont susceptibles de permuter suivant les plantes \u00e0 r\u00e9colter.<\/p>\n\n\n\n<p>J&rsquo;esp\u00e8re que ces propositions vous conviendront, n&rsquo;h\u00e9sitez pas \u00e0 proposer des id\u00e9es et commencer \u00e0 r\u00e9fl\u00e9chir pour notre menu pour le REPAS DU VILLAGE, nous en discuterons tous ensemble, bien entendu !<\/p>\n\n\n\n<blockquote class=\"wp-block-quote is-layout-flow wp-block-quote-is-layout-flow\">\n<p style=\"text-transform:none\">Tout seul on va plus vite, ensemble on va plus loin !<\/p>\n<\/blockquote>\n","protected":false},"excerpt":{"rendered":"<p>Nous avons \u00e9labor\u00e9 le calendrier de nos prochains ateliers de cuisine du monde pour la saison 2023\/2024.<\/p>\n","protected":false},"author":2,"featured_media":0,"comment_status":"open","ping_status":"open","sticky":false,"template":"","format":"standard","meta":{"jetpack_post_was_ever_published":false,"_jetpack_newsletter_access":"","_jetpack_dont_email_post_to_subs":false,"_jetpack_newsletter_tier_id":0,"_jetpack_memberships_contains_paywalled_content":false,"_jetpack_memberships_contains_paid_content":false,"footnotes":"","jetpack_publicize_message":"","jetpack_publicize_feature_enabled":true,"jetpack_social_post_already_shared":true,"jetpack_social_options":{"image_generator_settings":{"template":"highway","default_image_id":0,"font":"","enabled":false},"version":2}},"categories":[4,9],"tags":[],"class_list":["post-3746","post","type-post","status-publish","format-standard","hentry","category-information-generale","category-atelier-cuisine"],"jetpack_publicize_connections":[],"jetpack_featured_media_url":"","jetpack_sharing_enabled":true,"jetpack_shortlink":"https:\/\/wp.me\/p6WNWb-Yq","jetpack-related-posts":[{"id":4028,"url":"https:\/\/labourdenne.fr\/index.php\/2024\/10\/12\/atelier-cuisine-du-12-octobre-2024\/","url_meta":{"origin":3746,"position":0},"title":"Atelier cuisine du 12 octobre 2024","author":"Dani\u00e8le","date":"12 octobre 2024","format":false,"excerpt":"Ce samedi 12 octobre, apr\u00e8s un \"petit\"\u00a0 saut de puce de 2000 kilom\u00e8tres, les Marmitons ont quitt\u00e9 l\u2019Italie\u00a0pour la Bulgarie . Et c\u2019est Viktoria, originaire de ce beau pays, qui nous a r\u00e9gal\u00e9s avec, au menu, des toasts chauds au fromage pour accompagner l\u2019ap\u00e9ro \u2026 Des poivrons rouges et verts\u2026","rel":"","context":"Dans &quot;Section Cuisine&quot;","block_context":{"text":"Section Cuisine","link":"https:\/\/labourdenne.fr\/index.php\/category\/atelier-cuisine\/"},"img":{"alt_text":"","src":"","width":0,"height":0},"classes":[]},{"id":3992,"url":"https:\/\/labourdenne.fr\/index.php\/2024\/09\/14\/atelier-de-cuisine-du-14-septembre\/","url_meta":{"origin":3746,"position":1},"title":"Atelier cuisine du 14 septembre","author":"Dani\u00e8le","date":"14 septembre 2024","format":false,"excerpt":"La rentr\u00e9e de la section cuisine fut donc italienne gr\u00e2ce \u00e0 Maurice qui avait d\u00e9cid\u00e9 d\u2019initier les Marmitons \u00e0 la pr\u00e9paration de la p\u00e2te \u00e0 pizza.","rel":"","context":"Dans &quot;Section Cuisine&quot;","block_context":{"text":"Section Cuisine","link":"https:\/\/labourdenne.fr\/index.php\/category\/atelier-cuisine\/"},"img":{"alt_text":"","src":"","width":0,"height":0},"classes":[]},{"id":4036,"url":"https:\/\/labourdenne.fr\/index.php\/2024\/12\/14\/atelier-cuisine-du-14-decembre\/","url_meta":{"origin":3746,"position":2},"title":"Atelier cuisine du 14 d\u00e9cembre","author":"Dani\u00e8le","date":"14 d\u00e9cembre 2024","format":false,"excerpt":"Ce samedi 14 d\u00e9cembre, Les Marmitons avaient mis leurs souliers sous le sapin, pour f\u00eater No\u00ebl avec un peu d\u2019avance.","rel":"","context":"Dans &quot;Section Cuisine&quot;","block_context":{"text":"Section Cuisine","link":"https:\/\/labourdenne.fr\/index.php\/category\/atelier-cuisine\/"},"img":{"alt_text":"","src":"","width":0,"height":0},"classes":[]},{"id":3959,"url":"https:\/\/labourdenne.fr\/index.php\/2024\/09\/01\/rentree-2024-des-marmitons-le-samedi-14-septembre-17h\/","url_meta":{"origin":3746,"position":3},"title":"Rentr\u00e9e 2024 des marmitons le samedi 14 septembre (17h)","author":"Corinne","date":"1 septembre 2024","format":false,"excerpt":"Premier rendez vous de la rentr\u00e9e 2024 pour les marmitons de l'association La Bourdenne.","rel":"","context":"Dans &quot;Information g\u00e9n\u00e9rale&quot;","block_context":{"text":"Information g\u00e9n\u00e9rale","link":"https:\/\/labourdenne.fr\/index.php\/category\/information-generale\/"},"img":{"alt_text":"hands holding pizzas","src":"https:\/\/i0.wp.com\/labourdenne.fr\/wp-content\/uploads\/2024\/09\/pexels-photo-19602378.jpeg?fit=960%2C1200&ssl=1&resize=350%2C200","width":350,"height":200,"srcset":"https:\/\/i0.wp.com\/labourdenne.fr\/wp-content\/uploads\/2024\/09\/pexels-photo-19602378.jpeg?fit=960%2C1200&ssl=1&resize=350%2C200 1x, https:\/\/i0.wp.com\/labourdenne.fr\/wp-content\/uploads\/2024\/09\/pexels-photo-19602378.jpeg?fit=960%2C1200&ssl=1&resize=525%2C300 1.5x, https:\/\/i0.wp.com\/labourdenne.fr\/wp-content\/uploads\/2024\/09\/pexels-photo-19602378.jpeg?fit=960%2C1200&ssl=1&resize=700%2C400 2x"},"classes":[]},{"id":3887,"url":"https:\/\/labourdenne.fr\/index.php\/2024\/03\/22\/pari-reussi-pour-les-10-ans-de-la-section-cuisine\/","url_meta":{"origin":3746,"position":4},"title":"Pari r\u00e9ussi pour les 10 ans de la section cuisine\u202f!\u00a0","author":"Carole","date":"22 mars 2024","format":false,"excerpt":"Cette ann\u00e9e marque le 10\u00e8me anniversaire de la section \u00ab\u202fcuisine\u202f\u00bb. Au fil des ans, nos voyages culinaires nous ont men\u00e9s aux 4 coins du globe, de l\u2019Espagne \u00e0 l\u2019Inde en passant par le Liban ou encore la Polyn\u00e9sie fran\u00e7aise.\u00a0 Pour f\u00eater cet \u00e9v\u00e8nement, de animations ont \u00e9t\u00e9 programm\u00e9es cette ann\u00e9e.\u2026","rel":"","context":"Dans &quot;Information g\u00e9n\u00e9rale&quot;","block_context":{"text":"Information g\u00e9n\u00e9rale","link":"https:\/\/labourdenne.fr\/index.php\/category\/information-generale\/"},"img":{"alt_text":"","src":"https:\/\/i0.wp.com\/labourdenne.fr\/wp-content\/uploads\/2024\/03\/20240316_141448839_iOS-rotated.jpeg?resize=350%2C200&ssl=1","width":350,"height":200,"srcset":"https:\/\/i0.wp.com\/labourdenne.fr\/wp-content\/uploads\/2024\/03\/20240316_141448839_iOS-rotated.jpeg?resize=350%2C200&ssl=1 1x, https:\/\/i0.wp.com\/labourdenne.fr\/wp-content\/uploads\/2024\/03\/20240316_141448839_iOS-rotated.jpeg?resize=525%2C300&ssl=1 1.5x, https:\/\/i0.wp.com\/labourdenne.fr\/wp-content\/uploads\/2024\/03\/20240316_141448839_iOS-rotated.jpeg?resize=700%2C400&ssl=1 2x, https:\/\/i0.wp.com\/labourdenne.fr\/wp-content\/uploads\/2024\/03\/20240316_141448839_iOS-rotated.jpeg?resize=1050%2C600&ssl=1 3x, https:\/\/i0.wp.com\/labourdenne.fr\/wp-content\/uploads\/2024\/03\/20240316_141448839_iOS-rotated.jpeg?resize=1400%2C800&ssl=1 4x"},"classes":[]},{"id":3781,"url":"https:\/\/labourdenne.fr\/index.php\/2023\/11\/18\/la-fete-avant-lheure-chez-les-marmitons-pintade-rotie-et-son-crumble-de-potimarron-nov-2023\/","url_meta":{"origin":3746,"position":5},"title":"La f\u00eate avant l&rsquo;heure chez les marmitons- Pintade r\u00f4tie et son crumble de potimarron (Nov 2023)","author":"Dani\u00e8le","date":"18 novembre 2023","format":false,"excerpt":"Le 18 novembre, pour ce nouvel atelier de cuisine, les Marmitons ont f\u00eat\u00e9 No\u00ebl avec un moisd\u2019avance, pour cause de concours de garbure en D\u00e9cembre !Et le repas fut \u00e0 la hauteur avec une verrine carotte, chantilly noix, en entr\u00e9e, pintade r\u00f4tieaccompagn\u00e9e d\u2019un crumble de potimarron, de ch\u00e2taignes, et d\u2019un\u2026","rel":"","context":"Dans &quot;Section Cuisine&quot;","block_context":{"text":"Section Cuisine","link":"https:\/\/labourdenne.fr\/index.php\/category\/atelier-cuisine\/"},"img":{"alt_text":"","src":"https:\/\/i0.wp.com\/labourdenne.fr\/wp-content\/uploads\/2023\/11\/IMG_7480-Grande.jpeg?resize=350%2C200&ssl=1","width":350,"height":200,"srcset":"https:\/\/i0.wp.com\/labourdenne.fr\/wp-content\/uploads\/2023\/11\/IMG_7480-Grande.jpeg?resize=350%2C200&ssl=1 1x, https:\/\/i0.wp.com\/labourdenne.fr\/wp-content\/uploads\/2023\/11\/IMG_7480-Grande.jpeg?resize=525%2C300&ssl=1 1.5x, https:\/\/i0.wp.com\/labourdenne.fr\/wp-content\/uploads\/2023\/11\/IMG_7480-Grande.jpeg?resize=700%2C400&ssl=1 2x, https:\/\/i0.wp.com\/labourdenne.fr\/wp-content\/uploads\/2023\/11\/IMG_7480-Grande.jpeg?resize=1050%2C600&ssl=1 3x"},"classes":[]}],"_links":{"self":[{"href":"https:\/\/labourdenne.fr\/index.php\/wp-json\/wp\/v2\/posts\/3746","targetHints":{"allow":["GET"]}}],"collection":[{"href":"https:\/\/labourdenne.fr\/index.php\/wp-json\/wp\/v2\/posts"}],"about":[{"href":"https:\/\/labourdenne.fr\/index.php\/wp-json\/wp\/v2\/types\/post"}],"author":[{"embeddable":true,"href":"https:\/\/labourdenne.fr\/index.php\/wp-json\/wp\/v2\/users\/2"}],"replies":[{"embeddable":true,"href":"https:\/\/labourdenne.fr\/index.php\/wp-json\/wp\/v2\/comments?post=3746"}],"version-history":[{"count":4,"href":"https:\/\/labourdenne.fr\/index.php\/wp-json\/wp\/v2\/posts\/3746\/revisions"}],"predecessor-version":[{"id":3798,"href":"https:\/\/labourdenne.fr\/index.php\/wp-json\/wp\/v2\/posts\/3746\/revisions\/3798"}],"wp:attachment":[{"href":"https:\/\/labourdenne.fr\/index.php\/wp-json\/wp\/v2\/media?parent=3746"}],"wp:term":[{"taxonomy":"category","embeddable":true,"href":"https:\/\/labourdenne.fr\/index.php\/wp-json\/wp\/v2\/categories?post=3746"},{"taxonomy":"post_tag","embeddable":true,"href":"https:\/\/labourdenne.fr\/index.php\/wp-json\/wp\/v2\/tags?post=3746"}],"curies":[{"name":"wp","href":"https:\/\/api.w.org\/{rel}","templated":true}]}}