{"id":3887,"date":"2024-03-22T13:49:56","date_gmt":"2024-03-22T12:49:56","guid":{"rendered":"https:\/\/labourdenne.fr\/?p=3887"},"modified":"2024-03-22T13:49:56","modified_gmt":"2024-03-22T12:49:56","slug":"pari-reussi-pour-les-10-ans-de-la-section-cuisine","status":"publish","type":"post","link":"https:\/\/labourdenne.fr\/index.php\/2024\/03\/22\/pari-reussi-pour-les-10-ans-de-la-section-cuisine\/","title":{"rendered":"Pari r\u00e9ussi pour les 10 ans de la section cuisine\u202f!\u00a0"},"content":{"rendered":"\n<p>Cette ann\u00e9e marque le 10\u00e8me anniversaire de la section \u00ab\u202fcuisine\u202f\u00bb. Au fil des ans, nos voyages culinaires nous ont men\u00e9s aux 4 coins du globe, de l\u2019Espagne \u00e0 l\u2019Inde en passant par le Liban ou encore la Polyn\u00e9sie fran\u00e7aise.\u00a0<\/p>\n\n\n\n<p>Pour f\u00eater cet \u00e9v\u00e8nement, de animations ont \u00e9t\u00e9 programm\u00e9es cette ann\u00e9e. \u00c0 cette occasion, et pour faire d\u00e9couvrir la section au-del\u00e0 de leur association, les marmitons ont r\u00e9gal\u00e9 les habitants du village et des alentours avec un repas qu&rsquo;ils voulaient digne d\u2019une brigade, confectionn\u00e9 enti\u00e8rement par leurs soins.<\/p>\n\n\n\n<p>Avec l\u2019aide des jeunes de l\u2019association, qui participent \u00e0 ces ateliers depuis petits, les marmitons ont servi les 122 convives dans la joie et en musique samedi soir, \u00e0 l\u2019Espace Sagette de Buzy. Apr\u00e8s un ap\u00e9ritif offert par la municipalit\u00e9, au menu\u202f: trio d\u2019entr\u00e9es (pimientos del piquillo, feuillet\u00e9 au greuilh, verrine de mousse de carottes), rougail saucisse et ses grains, fromage de brebis et trio de desserts (cr\u00e8me \u00e0 la fleur d&rsquo;oranger, rose des sables, tarte au citron).<\/p>\n\n\n\n<p>Au vu des commentaires tr\u00e8s positifs qui ont suivi cette soir\u00e9e, il s\u2019agit \u00e0 n\u2019en point douter d\u2019un pari r\u00e9ussi pour les marmitons. Et les habitants du village esp\u00e8rent d\u00e9j\u00e0 que l\u2019exp\u00e9rience soit renouvel\u00e9e l\u2019an prochain\u202f!\u00a0<\/p>\n\n\n\n<p>Si vous souhaitez cuisiner ces recettes chez vous, vous pouvez les t\u00e9l\u00e9charger ci-apr\u00e8s.<\/p>\n\n\n\n<div class=\"wp-block-file\"><a id=\"wp-block-file--media-2d14ca9a-58e9-4883-9466-2a57350dd121\" href=\"https:\/\/labourdenne.fr\/wp-content\/uploads\/2024\/03\/2024-03-16-fiches-recettes.pdf\" target=\"_blank\" rel=\"noreferrer noopener\">2024-03-16-fiches-recettes<\/a><a href=\"https:\/\/labourdenne.fr\/wp-content\/uploads\/2024\/03\/2024-03-16-fiches-recettes.pdf\" class=\"wp-block-file__button wp-element-button\" download aria-describedby=\"wp-block-file--media-2d14ca9a-58e9-4883-9466-2a57350dd121\">T\u00e9l\u00e9charger<\/a><\/div>\n\n\n\n<h2 class=\"wp-block-heading\">Dans les coulisses du repas<\/h2>\n\n\n\n<div class=\"wp-block-jetpack-tiled-gallery aligncenter is-style-rectangular\"><div class=\"tiled-gallery__gallery\"><div class=\"tiled-gallery__row\"><div class=\"tiled-gallery__col\" style=\"flex-basis:37.02678%\"><figure class=\"tiled-gallery__item\"><a href=\"https:\/\/i0.wp.com\/labourdenne.fr\/wp-content\/uploads\/2024\/03\/20240316_141448839_iOS-1024x768.jpeg?ssl=1\"><img decoding=\"async\" data-attachment-id=\"3890\" data-permalink=\"https:\/\/labourdenne.fr\/index.php\/2024\/03\/22\/pari-reussi-pour-les-10-ans-de-la-section-cuisine\/20240316_141448839_ios\/\" data-orig-file=\"https:\/\/i0.wp.com\/labourdenne.fr\/wp-content\/uploads\/2024\/03\/20240316_141448839_iOS-rotated.jpeg?fit=1920%2C1440&amp;ssl=1\" data-orig-size=\"1920,1440\" data-comments-opened=\"1\" data-image-meta=\"{&quot;aperture&quot;:&quot;1.5&quot;,&quot;credit&quot;:&quot;&quot;,&quot;camera&quot;:&quot;iPhone 14&quot;,&quot;caption&quot;:&quot;&quot;,&quot;created_timestamp&quot;:&quot;1710602088&quot;,&quot;copyright&quot;:&quot;&quot;,&quot;focal_length&quot;:&quot;5.7&quot;,&quot;iso&quot;:&quot;80&quot;,&quot;shutter_speed&quot;:&quot;0.02&quot;,&quot;title&quot;:&quot;&quot;,&quot;orientation&quot;:&quot;1&quot;}\" data-image-title=\"20240316_141448839_iOS\" data-image-description=\"\" data-image-caption=\"\" data-large-file=\"https:\/\/i0.wp.com\/labourdenne.fr\/wp-content\/uploads\/2024\/03\/20240316_141448839_iOS-rotated.jpeg?fit=646%2C485&amp;ssl=1\" data-attachment-id=\"3890\" data-permalink=\"https:\/\/labourdenne.fr\/index.php\/2024\/03\/22\/pari-reussi-pour-les-10-ans-de-la-section-cuisine\/20240316_141448839_ios\/\" data-orig-file=\"https:\/\/i0.wp.com\/labourdenne.fr\/wp-content\/uploads\/2024\/03\/20240316_141448839_iOS-rotated.jpeg?fit=1920%2C1440&amp;ssl=1\" data-orig-size=\"1920,1440\" data-comments-opened=\"1\" data-image-meta=\"{&quot;aperture&quot;:&quot;1.5&quot;,&quot;credit&quot;:&quot;&quot;,&quot;camera&quot;:&quot;iPhone 14&quot;,&quot;caption&quot;:&quot;&quot;,&quot;created_timestamp&quot;:&quot;1710602088&quot;,&quot;copyright&quot;:&quot;&quot;,&quot;focal_length&quot;:&quot;5.7&quot;,&quot;iso&quot;:&quot;80&quot;,&quot;shutter_speed&quot;:&quot;0.02&quot;,&quot;title&quot;:&quot;&quot;,&quot;orientation&quot;:&quot;1&quot;}\" data-image-title=\"20240316_141448839_iOS\" data-image-description=\"\" data-image-caption=\"\" data-large-file=\"https:\/\/i0.wp.com\/labourdenne.fr\/wp-content\/uploads\/2024\/03\/20240316_141448839_iOS-rotated.jpeg?fit=646%2C485&amp;ssl=1\" role=\"button\" tabindex=\"0\" aria-label=\"Ouvrir l\u2019image 1 sur 17 en plein \u00e9cran\"srcset=\"https:\/\/i2.wp.com\/labourdenne.fr\/wp-content\/uploads\/2024\/03\/20240316_141448839_iOS-1024x768.jpeg?strip=info&#038;w=600&#038;ssl=1 600w,https:\/\/i2.wp.com\/labourdenne.fr\/wp-content\/uploads\/2024\/03\/20240316_141448839_iOS-1024x768.jpeg?strip=info&#038;w=900&#038;ssl=1 900w,https:\/\/i2.wp.com\/labourdenne.fr\/wp-content\/uploads\/2024\/03\/20240316_141448839_iOS-1024x768.jpeg?strip=info&#038;w=1200&#038;ssl=1 1200w,https:\/\/i2.wp.com\/labourdenne.fr\/wp-content\/uploads\/2024\/03\/20240316_141448839_iOS-1024x768.jpeg?strip=info&#038;w=1500&#038;ssl=1 1500w,https:\/\/i2.wp.com\/labourdenne.fr\/wp-content\/uploads\/2024\/03\/20240316_141448839_iOS-1024x768.jpeg?strip=info&#038;w=1800&#038;ssl=1 1800w,https:\/\/i2.wp.com\/labourdenne.fr\/wp-content\/uploads\/2024\/03\/20240316_141448839_iOS-1024x768.jpeg?strip=info&#038;w=1920&#038;ssl=1 1920w\" alt=\"\" data-height=\"1440\" data-id=\"3890\" data-link=\"https:\/\/labourdenne.fr\/?attachment_id=3890\" data-url=\"https:\/\/labourdenne.fr\/wp-content\/uploads\/2024\/03\/20240316_141448839_iOS-1024x768.jpeg\" data-width=\"1920\" src=\"https:\/\/i2.wp.com\/labourdenne.fr\/wp-content\/uploads\/2024\/03\/20240316_141448839_iOS-1024x768.jpeg?ssl=1\" data-amp-layout=\"responsive\"\/><\/a><\/figure><figure class=\"tiled-gallery__item\"><a href=\"https:\/\/i0.wp.com\/labourdenne.fr\/wp-content\/uploads\/2024\/03\/20240316_141438201_iOS-1024x768.jpeg?ssl=1\"><img decoding=\"async\" data-attachment-id=\"3891\" data-permalink=\"https:\/\/labourdenne.fr\/index.php\/2024\/03\/22\/pari-reussi-pour-les-10-ans-de-la-section-cuisine\/20240316_141438201_ios\/\" data-orig-file=\"https:\/\/i0.wp.com\/labourdenne.fr\/wp-content\/uploads\/2024\/03\/20240316_141438201_iOS-rotated.jpeg?fit=1920%2C1440&amp;ssl=1\" data-orig-size=\"1920,1440\" data-comments-opened=\"1\" data-image-meta=\"{&quot;aperture&quot;:&quot;1.5&quot;,&quot;credit&quot;:&quot;&quot;,&quot;camera&quot;:&quot;iPhone 14&quot;,&quot;caption&quot;:&quot;&quot;,&quot;created_timestamp&quot;:&quot;1710602078&quot;,&quot;copyright&quot;:&quot;&quot;,&quot;focal_length&quot;:&quot;5.7&quot;,&quot;iso&quot;:&quot;100&quot;,&quot;shutter_speed&quot;:&quot;0.02&quot;,&quot;title&quot;:&quot;&quot;,&quot;orientation&quot;:&quot;1&quot;}\" data-image-title=\"20240316_141438201_iOS\" data-image-description=\"\" data-image-caption=\"\" data-large-file=\"https:\/\/i0.wp.com\/labourdenne.fr\/wp-content\/uploads\/2024\/03\/20240316_141438201_iOS-rotated.jpeg?fit=646%2C485&amp;ssl=1\" data-attachment-id=\"3891\" data-permalink=\"https:\/\/labourdenne.fr\/index.php\/2024\/03\/22\/pari-reussi-pour-les-10-ans-de-la-section-cuisine\/20240316_141438201_ios\/\" data-orig-file=\"https:\/\/i0.wp.com\/labourdenne.fr\/wp-content\/uploads\/2024\/03\/20240316_141438201_iOS-rotated.jpeg?fit=1920%2C1440&amp;ssl=1\" data-orig-size=\"1920,1440\" data-comments-opened=\"1\" data-image-meta=\"{&quot;aperture&quot;:&quot;1.5&quot;,&quot;credit&quot;:&quot;&quot;,&quot;camera&quot;:&quot;iPhone 14&quot;,&quot;caption&quot;:&quot;&quot;,&quot;created_timestamp&quot;:&quot;1710602078&quot;,&quot;copyright&quot;:&quot;&quot;,&quot;focal_length&quot;:&quot;5.7&quot;,&quot;iso&quot;:&quot;100&quot;,&quot;shutter_speed&quot;:&quot;0.02&quot;,&quot;title&quot;:&quot;&quot;,&quot;orientation&quot;:&quot;1&quot;}\" data-image-title=\"20240316_141438201_iOS\" data-image-description=\"\" data-image-caption=\"\" data-large-file=\"https:\/\/i0.wp.com\/labourdenne.fr\/wp-content\/uploads\/2024\/03\/20240316_141438201_iOS-rotated.jpeg?fit=646%2C485&amp;ssl=1\" role=\"button\" tabindex=\"0\" aria-label=\"Ouvrir l\u2019image 2 sur 17 en plein \u00e9cran\"srcset=\"https:\/\/i0.wp.com\/labourdenne.fr\/wp-content\/uploads\/2024\/03\/20240316_141438201_iOS-1024x768.jpeg?strip=info&#038;w=600&#038;ssl=1 600w,https:\/\/i0.wp.com\/labourdenne.fr\/wp-content\/uploads\/2024\/03\/20240316_141438201_iOS-1024x768.jpeg?strip=info&#038;w=900&#038;ssl=1 900w,https:\/\/i0.wp.com\/labourdenne.fr\/wp-content\/uploads\/2024\/03\/20240316_141438201_iOS-1024x768.jpeg?strip=info&#038;w=1200&#038;ssl=1 1200w,https:\/\/i0.wp.com\/labourdenne.fr\/wp-content\/uploads\/2024\/03\/20240316_141438201_iOS-1024x768.jpeg?strip=info&#038;w=1500&#038;ssl=1 1500w,https:\/\/i0.wp.com\/labourdenne.fr\/wp-content\/uploads\/2024\/03\/20240316_141438201_iOS-1024x768.jpeg?strip=info&#038;w=1800&#038;ssl=1 1800w,https:\/\/i0.wp.com\/labourdenne.fr\/wp-content\/uploads\/2024\/03\/20240316_141438201_iOS-1024x768.jpeg?strip=info&#038;w=1920&#038;ssl=1 1920w\" alt=\"\" data-height=\"1440\" data-id=\"3891\" data-link=\"https:\/\/labourdenne.fr\/?attachment_id=3891\" data-url=\"https:\/\/labourdenne.fr\/wp-content\/uploads\/2024\/03\/20240316_141438201_iOS-1024x768.jpeg\" data-width=\"1920\" src=\"https:\/\/i0.wp.com\/labourdenne.fr\/wp-content\/uploads\/2024\/03\/20240316_141438201_iOS-1024x768.jpeg?ssl=1\" data-amp-layout=\"responsive\"\/><\/a><\/figure><figure class=\"tiled-gallery__item\"><a href=\"https:\/\/i0.wp.com\/labourdenne.fr\/wp-content\/uploads\/2024\/03\/20240316_141418393_iOS-1024x768.jpeg?ssl=1\"><img decoding=\"async\" data-attachment-id=\"3892\" data-permalink=\"https:\/\/labourdenne.fr\/index.php\/2024\/03\/22\/pari-reussi-pour-les-10-ans-de-la-section-cuisine\/20240316_141418393_ios\/\" data-orig-file=\"https:\/\/i0.wp.com\/labourdenne.fr\/wp-content\/uploads\/2024\/03\/20240316_141418393_iOS-rotated.jpeg?fit=1920%2C1440&amp;ssl=1\" data-orig-size=\"1920,1440\" data-comments-opened=\"1\" data-image-meta=\"{&quot;aperture&quot;:&quot;1.5&quot;,&quot;credit&quot;:&quot;&quot;,&quot;camera&quot;:&quot;iPhone 14&quot;,&quot;caption&quot;:&quot;&quot;,&quot;created_timestamp&quot;:&quot;1710602058&quot;,&quot;copyright&quot;:&quot;&quot;,&quot;focal_length&quot;:&quot;5.7&quot;,&quot;iso&quot;:&quot;125&quot;,&quot;shutter_speed&quot;:&quot;0.0082644628099174&quot;,&quot;title&quot;:&quot;&quot;,&quot;orientation&quot;:&quot;1&quot;}\" data-image-title=\"20240316_141418393_iOS\" data-image-description=\"\" data-image-caption=\"\" data-large-file=\"https:\/\/i0.wp.com\/labourdenne.fr\/wp-content\/uploads\/2024\/03\/20240316_141418393_iOS-rotated.jpeg?fit=646%2C485&amp;ssl=1\" data-attachment-id=\"3892\" data-permalink=\"https:\/\/labourdenne.fr\/index.php\/2024\/03\/22\/pari-reussi-pour-les-10-ans-de-la-section-cuisine\/20240316_141418393_ios\/\" data-orig-file=\"https:\/\/i0.wp.com\/labourdenne.fr\/wp-content\/uploads\/2024\/03\/20240316_141418393_iOS-rotated.jpeg?fit=1920%2C1440&amp;ssl=1\" data-orig-size=\"1920,1440\" data-comments-opened=\"1\" data-image-meta=\"{&quot;aperture&quot;:&quot;1.5&quot;,&quot;credit&quot;:&quot;&quot;,&quot;camera&quot;:&quot;iPhone 14&quot;,&quot;caption&quot;:&quot;&quot;,&quot;created_timestamp&quot;:&quot;1710602058&quot;,&quot;copyright&quot;:&quot;&quot;,&quot;focal_length&quot;:&quot;5.7&quot;,&quot;iso&quot;:&quot;125&quot;,&quot;shutter_speed&quot;:&quot;0.0082644628099174&quot;,&quot;title&quot;:&quot;&quot;,&quot;orientation&quot;:&quot;1&quot;}\" data-image-title=\"20240316_141418393_iOS\" data-image-description=\"\" data-image-caption=\"\" data-large-file=\"https:\/\/i0.wp.com\/labourdenne.fr\/wp-content\/uploads\/2024\/03\/20240316_141418393_iOS-rotated.jpeg?fit=646%2C485&amp;ssl=1\" role=\"button\" tabindex=\"0\" aria-label=\"Ouvrir l\u2019image 3 sur 17 en plein \u00e9cran\"srcset=\"https:\/\/i1.wp.com\/labourdenne.fr\/wp-content\/uploads\/2024\/03\/20240316_141418393_iOS-1024x768.jpeg?strip=info&#038;w=600&#038;ssl=1 600w,https:\/\/i1.wp.com\/labourdenne.fr\/wp-content\/uploads\/2024\/03\/20240316_141418393_iOS-1024x768.jpeg?strip=info&#038;w=900&#038;ssl=1 900w,https:\/\/i1.wp.com\/labourdenne.fr\/wp-content\/uploads\/2024\/03\/20240316_141418393_iOS-1024x768.jpeg?strip=info&#038;w=1200&#038;ssl=1 1200w,https:\/\/i1.wp.com\/labourdenne.fr\/wp-content\/uploads\/2024\/03\/20240316_141418393_iOS-1024x768.jpeg?strip=info&#038;w=1500&#038;ssl=1 1500w,https:\/\/i1.wp.com\/labourdenne.fr\/wp-content\/uploads\/2024\/03\/20240316_141418393_iOS-1024x768.jpeg?strip=info&#038;w=1800&#038;ssl=1 1800w,https:\/\/i1.wp.com\/labourdenne.fr\/wp-content\/uploads\/2024\/03\/20240316_141418393_iOS-1024x768.jpeg?strip=info&#038;w=1920&#038;ssl=1 1920w\" alt=\"\" data-height=\"1440\" data-id=\"3892\" data-link=\"https:\/\/labourdenne.fr\/?attachment_id=3892\" data-url=\"https:\/\/labourdenne.fr\/wp-content\/uploads\/2024\/03\/20240316_141418393_iOS-1024x768.jpeg\" data-width=\"1920\" src=\"https:\/\/i1.wp.com\/labourdenne.fr\/wp-content\/uploads\/2024\/03\/20240316_141418393_iOS-1024x768.jpeg?ssl=1\" data-amp-layout=\"responsive\"\/><\/a><\/figure><\/div><div class=\"tiled-gallery__col\" style=\"flex-basis:62.97322%\"><figure class=\"tiled-gallery__item\"><a href=\"https:\/\/i0.wp.com\/labourdenne.fr\/wp-content\/uploads\/2024\/03\/20240316_095922368_iOS-768x1024.jpeg?ssl=1\"><img decoding=\"async\" data-attachment-id=\"3893\" data-permalink=\"https:\/\/labourdenne.fr\/index.php\/2024\/03\/22\/pari-reussi-pour-les-10-ans-de-la-section-cuisine\/20240316_095922368_ios\/\" data-orig-file=\"https:\/\/i0.wp.com\/labourdenne.fr\/wp-content\/uploads\/2024\/03\/20240316_095922368_iOS-rotated.jpeg?fit=1440%2C1920&amp;ssl=1\" data-orig-size=\"1440,1920\" data-comments-opened=\"1\" data-image-meta=\"{&quot;aperture&quot;:&quot;1.5&quot;,&quot;credit&quot;:&quot;&quot;,&quot;camera&quot;:&quot;iPhone 14&quot;,&quot;caption&quot;:&quot;&quot;,&quot;created_timestamp&quot;:&quot;1710586762&quot;,&quot;copyright&quot;:&quot;&quot;,&quot;focal_length&quot;:&quot;5.7&quot;,&quot;iso&quot;:&quot;80&quot;,&quot;shutter_speed&quot;:&quot;0.01&quot;,&quot;title&quot;:&quot;&quot;,&quot;orientation&quot;:&quot;1&quot;}\" data-image-title=\"20240316_095922368_iOS\" data-image-description=\"\" data-image-caption=\"\" data-large-file=\"https:\/\/i0.wp.com\/labourdenne.fr\/wp-content\/uploads\/2024\/03\/20240316_095922368_iOS-rotated.jpeg?fit=646%2C861&amp;ssl=1\" data-attachment-id=\"3893\" data-permalink=\"https:\/\/labourdenne.fr\/index.php\/2024\/03\/22\/pari-reussi-pour-les-10-ans-de-la-section-cuisine\/20240316_095922368_ios\/\" data-orig-file=\"https:\/\/i0.wp.com\/labourdenne.fr\/wp-content\/uploads\/2024\/03\/20240316_095922368_iOS-rotated.jpeg?fit=1440%2C1920&amp;ssl=1\" data-orig-size=\"1440,1920\" data-comments-opened=\"1\" data-image-meta=\"{&quot;aperture&quot;:&quot;1.5&quot;,&quot;credit&quot;:&quot;&quot;,&quot;camera&quot;:&quot;iPhone 14&quot;,&quot;caption&quot;:&quot;&quot;,&quot;created_timestamp&quot;:&quot;1710586762&quot;,&quot;copyright&quot;:&quot;&quot;,&quot;focal_length&quot;:&quot;5.7&quot;,&quot;iso&quot;:&quot;80&quot;,&quot;shutter_speed&quot;:&quot;0.01&quot;,&quot;title&quot;:&quot;&quot;,&quot;orientation&quot;:&quot;1&quot;}\" data-image-title=\"20240316_095922368_iOS\" data-image-description=\"\" data-image-caption=\"\" data-large-file=\"https:\/\/i0.wp.com\/labourdenne.fr\/wp-content\/uploads\/2024\/03\/20240316_095922368_iOS-rotated.jpeg?fit=646%2C861&amp;ssl=1\" role=\"button\" tabindex=\"0\" aria-label=\"Ouvrir l\u2019image 4 sur 17 en plein \u00e9cran\"srcset=\"https:\/\/i0.wp.com\/labourdenne.fr\/wp-content\/uploads\/2024\/03\/20240316_095922368_iOS-768x1024.jpeg?strip=info&#038;w=600&#038;ssl=1 600w,https:\/\/i0.wp.com\/labourdenne.fr\/wp-content\/uploads\/2024\/03\/20240316_095922368_iOS-768x1024.jpeg?strip=info&#038;w=900&#038;ssl=1 900w,https:\/\/i0.wp.com\/labourdenne.fr\/wp-content\/uploads\/2024\/03\/20240316_095922368_iOS-768x1024.jpeg?strip=info&#038;w=1200&#038;ssl=1 1200w,https:\/\/i0.wp.com\/labourdenne.fr\/wp-content\/uploads\/2024\/03\/20240316_095922368_iOS-768x1024.jpeg?strip=info&#038;w=1440&#038;ssl=1 1440w\" alt=\"\" data-height=\"1920\" data-id=\"3893\" data-link=\"https:\/\/labourdenne.fr\/?attachment_id=3893\" data-url=\"https:\/\/labourdenne.fr\/wp-content\/uploads\/2024\/03\/20240316_095922368_iOS-768x1024.jpeg\" data-width=\"1440\" src=\"https:\/\/i0.wp.com\/labourdenne.fr\/wp-content\/uploads\/2024\/03\/20240316_095922368_iOS-768x1024.jpeg?ssl=1\" data-amp-layout=\"responsive\"\/><\/a><\/figure><\/div><\/div><div class=\"tiled-gallery__row\"><div class=\"tiled-gallery__col\" style=\"flex-basis:50.00000%\"><figure class=\"tiled-gallery__item\"><a href=\"https:\/\/i0.wp.com\/labourdenne.fr\/wp-content\/uploads\/2024\/03\/20240316_095917257_iOS-768x1024.jpeg?ssl=1\"><img decoding=\"async\" data-attachment-id=\"3894\" data-permalink=\"https:\/\/labourdenne.fr\/index.php\/2024\/03\/22\/pari-reussi-pour-les-10-ans-de-la-section-cuisine\/20240316_095917257_ios\/\" data-orig-file=\"https:\/\/i0.wp.com\/labourdenne.fr\/wp-content\/uploads\/2024\/03\/20240316_095917257_iOS-rotated.jpeg?fit=1440%2C1920&amp;ssl=1\" data-orig-size=\"1440,1920\" data-comments-opened=\"1\" data-image-meta=\"{&quot;aperture&quot;:&quot;1.5&quot;,&quot;credit&quot;:&quot;&quot;,&quot;camera&quot;:&quot;iPhone 14&quot;,&quot;caption&quot;:&quot;&quot;,&quot;created_timestamp&quot;:&quot;1710586757&quot;,&quot;copyright&quot;:&quot;&quot;,&quot;focal_length&quot;:&quot;5.7&quot;,&quot;iso&quot;:&quot;50&quot;,&quot;shutter_speed&quot;:&quot;0.01&quot;,&quot;title&quot;:&quot;&quot;,&quot;orientation&quot;:&quot;1&quot;}\" data-image-title=\"20240316_095917257_iOS\" data-image-description=\"\" data-image-caption=\"\" data-large-file=\"https:\/\/i0.wp.com\/labourdenne.fr\/wp-content\/uploads\/2024\/03\/20240316_095917257_iOS-rotated.jpeg?fit=646%2C861&amp;ssl=1\" data-attachment-id=\"3894\" data-permalink=\"https:\/\/labourdenne.fr\/index.php\/2024\/03\/22\/pari-reussi-pour-les-10-ans-de-la-section-cuisine\/20240316_095917257_ios\/\" data-orig-file=\"https:\/\/i0.wp.com\/labourdenne.fr\/wp-content\/uploads\/2024\/03\/20240316_095917257_iOS-rotated.jpeg?fit=1440%2C1920&amp;ssl=1\" data-orig-size=\"1440,1920\" data-comments-opened=\"1\" data-image-meta=\"{&quot;aperture&quot;:&quot;1.5&quot;,&quot;credit&quot;:&quot;&quot;,&quot;camera&quot;:&quot;iPhone 14&quot;,&quot;caption&quot;:&quot;&quot;,&quot;created_timestamp&quot;:&quot;1710586757&quot;,&quot;copyright&quot;:&quot;&quot;,&quot;focal_length&quot;:&quot;5.7&quot;,&quot;iso&quot;:&quot;50&quot;,&quot;shutter_speed&quot;:&quot;0.01&quot;,&quot;title&quot;:&quot;&quot;,&quot;orientation&quot;:&quot;1&quot;}\" data-image-title=\"20240316_095917257_iOS\" data-image-description=\"\" data-image-caption=\"\" data-large-file=\"https:\/\/i0.wp.com\/labourdenne.fr\/wp-content\/uploads\/2024\/03\/20240316_095917257_iOS-rotated.jpeg?fit=646%2C861&amp;ssl=1\" role=\"button\" tabindex=\"0\" aria-label=\"Ouvrir l\u2019image 5 sur 17 en plein \u00e9cran\"srcset=\"https:\/\/i1.wp.com\/labourdenne.fr\/wp-content\/uploads\/2024\/03\/20240316_095917257_iOS-768x1024.jpeg?strip=info&#038;w=600&#038;ssl=1 600w,https:\/\/i1.wp.com\/labourdenne.fr\/wp-content\/uploads\/2024\/03\/20240316_095917257_iOS-768x1024.jpeg?strip=info&#038;w=900&#038;ssl=1 900w,https:\/\/i1.wp.com\/labourdenne.fr\/wp-content\/uploads\/2024\/03\/20240316_095917257_iOS-768x1024.jpeg?strip=info&#038;w=1200&#038;ssl=1 1200w,https:\/\/i1.wp.com\/labourdenne.fr\/wp-content\/uploads\/2024\/03\/20240316_095917257_iOS-768x1024.jpeg?strip=info&#038;w=1440&#038;ssl=1 1440w\" alt=\"\" data-height=\"1920\" data-id=\"3894\" data-link=\"https:\/\/labourdenne.fr\/?attachment_id=3894\" data-url=\"https:\/\/labourdenne.fr\/wp-content\/uploads\/2024\/03\/20240316_095917257_iOS-768x1024.jpeg\" data-width=\"1440\" src=\"https:\/\/i1.wp.com\/labourdenne.fr\/wp-content\/uploads\/2024\/03\/20240316_095917257_iOS-768x1024.jpeg?ssl=1\" data-amp-layout=\"responsive\"\/><\/a><\/figure><\/div><div class=\"tiled-gallery__col\" style=\"flex-basis:50.00000%\"><figure class=\"tiled-gallery__item\"><a href=\"https:\/\/i0.wp.com\/labourdenne.fr\/wp-content\/uploads\/2024\/03\/20240316_095906857_iOS-768x1024.jpeg?ssl=1\"><img decoding=\"async\" data-attachment-id=\"3895\" data-permalink=\"https:\/\/labourdenne.fr\/index.php\/2024\/03\/22\/pari-reussi-pour-les-10-ans-de-la-section-cuisine\/20240316_095906857_ios\/\" data-orig-file=\"https:\/\/i0.wp.com\/labourdenne.fr\/wp-content\/uploads\/2024\/03\/20240316_095906857_iOS-rotated.jpeg?fit=1440%2C1920&amp;ssl=1\" data-orig-size=\"1440,1920\" data-comments-opened=\"1\" data-image-meta=\"{&quot;aperture&quot;:&quot;1.5&quot;,&quot;credit&quot;:&quot;&quot;,&quot;camera&quot;:&quot;iPhone 14&quot;,&quot;caption&quot;:&quot;&quot;,&quot;created_timestamp&quot;:&quot;1710586746&quot;,&quot;copyright&quot;:&quot;&quot;,&quot;focal_length&quot;:&quot;5.7&quot;,&quot;iso&quot;:&quot;40&quot;,&quot;shutter_speed&quot;:&quot;0.01&quot;,&quot;title&quot;:&quot;&quot;,&quot;orientation&quot;:&quot;1&quot;}\" data-image-title=\"20240316_095906857_iOS\" data-image-description=\"\" data-image-caption=\"\" data-large-file=\"https:\/\/i0.wp.com\/labourdenne.fr\/wp-content\/uploads\/2024\/03\/20240316_095906857_iOS-rotated.jpeg?fit=646%2C861&amp;ssl=1\" data-attachment-id=\"3895\" data-permalink=\"https:\/\/labourdenne.fr\/index.php\/2024\/03\/22\/pari-reussi-pour-les-10-ans-de-la-section-cuisine\/20240316_095906857_ios\/\" data-orig-file=\"https:\/\/i0.wp.com\/labourdenne.fr\/wp-content\/uploads\/2024\/03\/20240316_095906857_iOS-rotated.jpeg?fit=1440%2C1920&amp;ssl=1\" data-orig-size=\"1440,1920\" data-comments-opened=\"1\" data-image-meta=\"{&quot;aperture&quot;:&quot;1.5&quot;,&quot;credit&quot;:&quot;&quot;,&quot;camera&quot;:&quot;iPhone 14&quot;,&quot;caption&quot;:&quot;&quot;,&quot;created_timestamp&quot;:&quot;1710586746&quot;,&quot;copyright&quot;:&quot;&quot;,&quot;focal_length&quot;:&quot;5.7&quot;,&quot;iso&quot;:&quot;40&quot;,&quot;shutter_speed&quot;:&quot;0.01&quot;,&quot;title&quot;:&quot;&quot;,&quot;orientation&quot;:&quot;1&quot;}\" data-image-title=\"20240316_095906857_iOS\" data-image-description=\"\" data-image-caption=\"\" data-large-file=\"https:\/\/i0.wp.com\/labourdenne.fr\/wp-content\/uploads\/2024\/03\/20240316_095906857_iOS-rotated.jpeg?fit=646%2C861&amp;ssl=1\" role=\"button\" tabindex=\"0\" aria-label=\"Ouvrir l\u2019image 6 sur 17 en plein \u00e9cran\"srcset=\"https:\/\/i0.wp.com\/labourdenne.fr\/wp-content\/uploads\/2024\/03\/20240316_095906857_iOS-768x1024.jpeg?strip=info&#038;w=600&#038;ssl=1 600w,https:\/\/i0.wp.com\/labourdenne.fr\/wp-content\/uploads\/2024\/03\/20240316_095906857_iOS-768x1024.jpeg?strip=info&#038;w=900&#038;ssl=1 900w,https:\/\/i0.wp.com\/labourdenne.fr\/wp-content\/uploads\/2024\/03\/20240316_095906857_iOS-768x1024.jpeg?strip=info&#038;w=1200&#038;ssl=1 1200w,https:\/\/i0.wp.com\/labourdenne.fr\/wp-content\/uploads\/2024\/03\/20240316_095906857_iOS-768x1024.jpeg?strip=info&#038;w=1440&#038;ssl=1 1440w\" alt=\"\" data-height=\"1920\" data-id=\"3895\" data-link=\"https:\/\/labourdenne.fr\/?attachment_id=3895\" data-url=\"https:\/\/labourdenne.fr\/wp-content\/uploads\/2024\/03\/20240316_095906857_iOS-768x1024.jpeg\" data-width=\"1440\" src=\"https:\/\/i0.wp.com\/labourdenne.fr\/wp-content\/uploads\/2024\/03\/20240316_095906857_iOS-768x1024.jpeg?ssl=1\" data-amp-layout=\"responsive\"\/><\/a><\/figure><\/div><\/div><div class=\"tiled-gallery__row\"><div class=\"tiled-gallery__col\" style=\"flex-basis:66.77402%\"><figure class=\"tiled-gallery__item\"><a href=\"https:\/\/i0.wp.com\/labourdenne.fr\/wp-content\/uploads\/2024\/03\/20240316_085703448_iOS-1024x768.jpeg?ssl=1\"><img decoding=\"async\" data-attachment-id=\"3896\" data-permalink=\"https:\/\/labourdenne.fr\/index.php\/2024\/03\/22\/pari-reussi-pour-les-10-ans-de-la-section-cuisine\/20240316_085703448_ios\/\" data-orig-file=\"https:\/\/i0.wp.com\/labourdenne.fr\/wp-content\/uploads\/2024\/03\/20240316_085703448_iOS-rotated.jpeg?fit=1920%2C1440&amp;ssl=1\" data-orig-size=\"1920,1440\" data-comments-opened=\"1\" data-image-meta=\"{&quot;aperture&quot;:&quot;1.5&quot;,&quot;credit&quot;:&quot;&quot;,&quot;camera&quot;:&quot;iPhone 14&quot;,&quot;caption&quot;:&quot;&quot;,&quot;created_timestamp&quot;:&quot;1710583023&quot;,&quot;copyright&quot;:&quot;&quot;,&quot;focal_length&quot;:&quot;5.7&quot;,&quot;iso&quot;:&quot;64&quot;,&quot;shutter_speed&quot;:&quot;0.01&quot;,&quot;title&quot;:&quot;&quot;,&quot;orientation&quot;:&quot;1&quot;}\" data-image-title=\"20240316_085703448_iOS\" data-image-description=\"\" data-image-caption=\"\" data-large-file=\"https:\/\/i0.wp.com\/labourdenne.fr\/wp-content\/uploads\/2024\/03\/20240316_085703448_iOS-rotated.jpeg?fit=646%2C485&amp;ssl=1\" data-attachment-id=\"3896\" data-permalink=\"https:\/\/labourdenne.fr\/index.php\/2024\/03\/22\/pari-reussi-pour-les-10-ans-de-la-section-cuisine\/20240316_085703448_ios\/\" data-orig-file=\"https:\/\/i0.wp.com\/labourdenne.fr\/wp-content\/uploads\/2024\/03\/20240316_085703448_iOS-rotated.jpeg?fit=1920%2C1440&amp;ssl=1\" data-orig-size=\"1920,1440\" data-comments-opened=\"1\" data-image-meta=\"{&quot;aperture&quot;:&quot;1.5&quot;,&quot;credit&quot;:&quot;&quot;,&quot;camera&quot;:&quot;iPhone 14&quot;,&quot;caption&quot;:&quot;&quot;,&quot;created_timestamp&quot;:&quot;1710583023&quot;,&quot;copyright&quot;:&quot;&quot;,&quot;focal_length&quot;:&quot;5.7&quot;,&quot;iso&quot;:&quot;64&quot;,&quot;shutter_speed&quot;:&quot;0.01&quot;,&quot;title&quot;:&quot;&quot;,&quot;orientation&quot;:&quot;1&quot;}\" data-image-title=\"20240316_085703448_iOS\" data-image-description=\"\" data-image-caption=\"\" data-large-file=\"https:\/\/i0.wp.com\/labourdenne.fr\/wp-content\/uploads\/2024\/03\/20240316_085703448_iOS-rotated.jpeg?fit=646%2C485&amp;ssl=1\" role=\"button\" tabindex=\"0\" aria-label=\"Ouvrir l\u2019image 7 sur 17 en plein \u00e9cran\"srcset=\"https:\/\/i0.wp.com\/labourdenne.fr\/wp-content\/uploads\/2024\/03\/20240316_085703448_iOS-1024x768.jpeg?strip=info&#038;w=600&#038;ssl=1 600w,https:\/\/i0.wp.com\/labourdenne.fr\/wp-content\/uploads\/2024\/03\/20240316_085703448_iOS-1024x768.jpeg?strip=info&#038;w=900&#038;ssl=1 900w,https:\/\/i0.wp.com\/labourdenne.fr\/wp-content\/uploads\/2024\/03\/20240316_085703448_iOS-1024x768.jpeg?strip=info&#038;w=1200&#038;ssl=1 1200w,https:\/\/i0.wp.com\/labourdenne.fr\/wp-content\/uploads\/2024\/03\/20240316_085703448_iOS-1024x768.jpeg?strip=info&#038;w=1500&#038;ssl=1 1500w,https:\/\/i0.wp.com\/labourdenne.fr\/wp-content\/uploads\/2024\/03\/20240316_085703448_iOS-1024x768.jpeg?strip=info&#038;w=1800&#038;ssl=1 1800w,https:\/\/i0.wp.com\/labourdenne.fr\/wp-content\/uploads\/2024\/03\/20240316_085703448_iOS-1024x768.jpeg?strip=info&#038;w=1920&#038;ssl=1 1920w\" alt=\"\" data-height=\"1440\" data-id=\"3896\" data-link=\"https:\/\/labourdenne.fr\/?attachment_id=3896\" data-url=\"https:\/\/labourdenne.fr\/wp-content\/uploads\/2024\/03\/20240316_085703448_iOS-1024x768.jpeg\" data-width=\"1920\" src=\"https:\/\/i0.wp.com\/labourdenne.fr\/wp-content\/uploads\/2024\/03\/20240316_085703448_iOS-1024x768.jpeg?ssl=1\" data-amp-layout=\"responsive\"\/><\/a><\/figure><\/div><div class=\"tiled-gallery__col\" style=\"flex-basis:33.22598%\"><figure class=\"tiled-gallery__item\"><a href=\"https:\/\/i0.wp.com\/labourdenne.fr\/wp-content\/uploads\/2024\/03\/20240316_085657749_iOS-1024x768.jpeg?ssl=1\"><img decoding=\"async\" data-attachment-id=\"3897\" data-permalink=\"https:\/\/labourdenne.fr\/index.php\/2024\/03\/22\/pari-reussi-pour-les-10-ans-de-la-section-cuisine\/20240316_085657749_ios\/\" data-orig-file=\"https:\/\/i0.wp.com\/labourdenne.fr\/wp-content\/uploads\/2024\/03\/20240316_085657749_iOS-rotated.jpeg?fit=1920%2C1440&amp;ssl=1\" data-orig-size=\"1920,1440\" data-comments-opened=\"1\" data-image-meta=\"{&quot;aperture&quot;:&quot;1.5&quot;,&quot;credit&quot;:&quot;&quot;,&quot;camera&quot;:&quot;iPhone 14&quot;,&quot;caption&quot;:&quot;&quot;,&quot;created_timestamp&quot;:&quot;1710583017&quot;,&quot;copyright&quot;:&quot;&quot;,&quot;focal_length&quot;:&quot;5.7&quot;,&quot;iso&quot;:&quot;40&quot;,&quot;shutter_speed&quot;:&quot;0.01&quot;,&quot;title&quot;:&quot;&quot;,&quot;orientation&quot;:&quot;1&quot;}\" data-image-title=\"20240316_085657749_iOS\" data-image-description=\"\" data-image-caption=\"\" data-large-file=\"https:\/\/i0.wp.com\/labourdenne.fr\/wp-content\/uploads\/2024\/03\/20240316_085657749_iOS-rotated.jpeg?fit=646%2C485&amp;ssl=1\" data-attachment-id=\"3897\" data-permalink=\"https:\/\/labourdenne.fr\/index.php\/2024\/03\/22\/pari-reussi-pour-les-10-ans-de-la-section-cuisine\/20240316_085657749_ios\/\" data-orig-file=\"https:\/\/i0.wp.com\/labourdenne.fr\/wp-content\/uploads\/2024\/03\/20240316_085657749_iOS-rotated.jpeg?fit=1920%2C1440&amp;ssl=1\" data-orig-size=\"1920,1440\" data-comments-opened=\"1\" data-image-meta=\"{&quot;aperture&quot;:&quot;1.5&quot;,&quot;credit&quot;:&quot;&quot;,&quot;camera&quot;:&quot;iPhone 14&quot;,&quot;caption&quot;:&quot;&quot;,&quot;created_timestamp&quot;:&quot;1710583017&quot;,&quot;copyright&quot;:&quot;&quot;,&quot;focal_length&quot;:&quot;5.7&quot;,&quot;iso&quot;:&quot;40&quot;,&quot;shutter_speed&quot;:&quot;0.01&quot;,&quot;title&quot;:&quot;&quot;,&quot;orientation&quot;:&quot;1&quot;}\" data-image-title=\"20240316_085657749_iOS\" data-image-description=\"\" data-image-caption=\"\" data-large-file=\"https:\/\/i0.wp.com\/labourdenne.fr\/wp-content\/uploads\/2024\/03\/20240316_085657749_iOS-rotated.jpeg?fit=646%2C485&amp;ssl=1\" role=\"button\" tabindex=\"0\" aria-label=\"Ouvrir l\u2019image 8 sur 17 en plein \u00e9cran\"srcset=\"https:\/\/i1.wp.com\/labourdenne.fr\/wp-content\/uploads\/2024\/03\/20240316_085657749_iOS-1024x768.jpeg?strip=info&#038;w=600&#038;ssl=1 600w,https:\/\/i1.wp.com\/labourdenne.fr\/wp-content\/uploads\/2024\/03\/20240316_085657749_iOS-1024x768.jpeg?strip=info&#038;w=900&#038;ssl=1 900w,https:\/\/i1.wp.com\/labourdenne.fr\/wp-content\/uploads\/2024\/03\/20240316_085657749_iOS-1024x768.jpeg?strip=info&#038;w=1200&#038;ssl=1 1200w,https:\/\/i1.wp.com\/labourdenne.fr\/wp-content\/uploads\/2024\/03\/20240316_085657749_iOS-1024x768.jpeg?strip=info&#038;w=1500&#038;ssl=1 1500w,https:\/\/i1.wp.com\/labourdenne.fr\/wp-content\/uploads\/2024\/03\/20240316_085657749_iOS-1024x768.jpeg?strip=info&#038;w=1800&#038;ssl=1 1800w,https:\/\/i1.wp.com\/labourdenne.fr\/wp-content\/uploads\/2024\/03\/20240316_085657749_iOS-1024x768.jpeg?strip=info&#038;w=1920&#038;ssl=1 1920w\" alt=\"\" data-height=\"1440\" data-id=\"3897\" data-link=\"https:\/\/labourdenne.fr\/?attachment_id=3897\" data-url=\"https:\/\/labourdenne.fr\/wp-content\/uploads\/2024\/03\/20240316_085657749_iOS-1024x768.jpeg\" data-width=\"1920\" src=\"https:\/\/i1.wp.com\/labourdenne.fr\/wp-content\/uploads\/2024\/03\/20240316_085657749_iOS-1024x768.jpeg?ssl=1\" data-amp-layout=\"responsive\"\/><\/a><\/figure><figure class=\"tiled-gallery__item\"><a href=\"https:\/\/i0.wp.com\/labourdenne.fr\/wp-content\/uploads\/2024\/03\/20240316_084940524_iOS-1024x768.jpeg?ssl=1\"><img decoding=\"async\" data-attachment-id=\"3898\" data-permalink=\"https:\/\/labourdenne.fr\/index.php\/2024\/03\/22\/pari-reussi-pour-les-10-ans-de-la-section-cuisine\/20240316_084940524_ios\/\" data-orig-file=\"https:\/\/i0.wp.com\/labourdenne.fr\/wp-content\/uploads\/2024\/03\/20240316_084940524_iOS-rotated.jpeg?fit=1920%2C1440&amp;ssl=1\" data-orig-size=\"1920,1440\" data-comments-opened=\"1\" data-image-meta=\"{&quot;aperture&quot;:&quot;1.5&quot;,&quot;credit&quot;:&quot;&quot;,&quot;camera&quot;:&quot;iPhone 14&quot;,&quot;caption&quot;:&quot;&quot;,&quot;created_timestamp&quot;:&quot;1710582580&quot;,&quot;copyright&quot;:&quot;&quot;,&quot;focal_length&quot;:&quot;5.7&quot;,&quot;iso&quot;:&quot;100&quot;,&quot;shutter_speed&quot;:&quot;0.01&quot;,&quot;title&quot;:&quot;&quot;,&quot;orientation&quot;:&quot;1&quot;}\" data-image-title=\"20240316_084940524_iOS\" data-image-description=\"\" data-image-caption=\"\" data-large-file=\"https:\/\/i0.wp.com\/labourdenne.fr\/wp-content\/uploads\/2024\/03\/20240316_084940524_iOS-rotated.jpeg?fit=646%2C485&amp;ssl=1\" data-attachment-id=\"3898\" data-permalink=\"https:\/\/labourdenne.fr\/index.php\/2024\/03\/22\/pari-reussi-pour-les-10-ans-de-la-section-cuisine\/20240316_084940524_ios\/\" data-orig-file=\"https:\/\/i0.wp.com\/labourdenne.fr\/wp-content\/uploads\/2024\/03\/20240316_084940524_iOS-rotated.jpeg?fit=1920%2C1440&amp;ssl=1\" data-orig-size=\"1920,1440\" data-comments-opened=\"1\" data-image-meta=\"{&quot;aperture&quot;:&quot;1.5&quot;,&quot;credit&quot;:&quot;&quot;,&quot;camera&quot;:&quot;iPhone 14&quot;,&quot;caption&quot;:&quot;&quot;,&quot;created_timestamp&quot;:&quot;1710582580&quot;,&quot;copyright&quot;:&quot;&quot;,&quot;focal_length&quot;:&quot;5.7&quot;,&quot;iso&quot;:&quot;100&quot;,&quot;shutter_speed&quot;:&quot;0.01&quot;,&quot;title&quot;:&quot;&quot;,&quot;orientation&quot;:&quot;1&quot;}\" data-image-title=\"20240316_084940524_iOS\" data-image-description=\"\" data-image-caption=\"\" data-large-file=\"https:\/\/i0.wp.com\/labourdenne.fr\/wp-content\/uploads\/2024\/03\/20240316_084940524_iOS-rotated.jpeg?fit=646%2C485&amp;ssl=1\" role=\"button\" tabindex=\"0\" aria-label=\"Ouvrir l\u2019image 9 sur 17 en plein \u00e9cran\"srcset=\"https:\/\/i2.wp.com\/labourdenne.fr\/wp-content\/uploads\/2024\/03\/20240316_084940524_iOS-1024x768.jpeg?strip=info&#038;w=600&#038;ssl=1 600w,https:\/\/i2.wp.com\/labourdenne.fr\/wp-content\/uploads\/2024\/03\/20240316_084940524_iOS-1024x768.jpeg?strip=info&#038;w=900&#038;ssl=1 900w,https:\/\/i2.wp.com\/labourdenne.fr\/wp-content\/uploads\/2024\/03\/20240316_084940524_iOS-1024x768.jpeg?strip=info&#038;w=1200&#038;ssl=1 1200w,https:\/\/i2.wp.com\/labourdenne.fr\/wp-content\/uploads\/2024\/03\/20240316_084940524_iOS-1024x768.jpeg?strip=info&#038;w=1500&#038;ssl=1 1500w,https:\/\/i2.wp.com\/labourdenne.fr\/wp-content\/uploads\/2024\/03\/20240316_084940524_iOS-1024x768.jpeg?strip=info&#038;w=1800&#038;ssl=1 1800w,https:\/\/i2.wp.com\/labourdenne.fr\/wp-content\/uploads\/2024\/03\/20240316_084940524_iOS-1024x768.jpeg?strip=info&#038;w=1920&#038;ssl=1 1920w\" alt=\"\" data-height=\"1440\" data-id=\"3898\" data-link=\"https:\/\/labourdenne.fr\/?attachment_id=3898\" data-url=\"https:\/\/labourdenne.fr\/wp-content\/uploads\/2024\/03\/20240316_084940524_iOS-1024x768.jpeg\" data-width=\"1920\" src=\"https:\/\/i2.wp.com\/labourdenne.fr\/wp-content\/uploads\/2024\/03\/20240316_084940524_iOS-1024x768.jpeg?ssl=1\" data-amp-layout=\"responsive\"\/><\/a><\/figure><\/div><\/div><div class=\"tiled-gallery__row\"><div class=\"tiled-gallery__col\" style=\"flex-basis:46.90519%\"><figure class=\"tiled-gallery__item\"><a href=\"https:\/\/i0.wp.com\/labourdenne.fr\/wp-content\/uploads\/2024\/03\/20240316_084931504_iOS-1024x768.jpeg?ssl=1\"><img decoding=\"async\" data-attachment-id=\"3899\" data-permalink=\"https:\/\/labourdenne.fr\/index.php\/2024\/03\/22\/pari-reussi-pour-les-10-ans-de-la-section-cuisine\/20240316_084931504_ios\/\" data-orig-file=\"https:\/\/i0.wp.com\/labourdenne.fr\/wp-content\/uploads\/2024\/03\/20240316_084931504_iOS-rotated.jpeg?fit=1920%2C1440&amp;ssl=1\" data-orig-size=\"1920,1440\" data-comments-opened=\"1\" data-image-meta=\"{&quot;aperture&quot;:&quot;1.5&quot;,&quot;credit&quot;:&quot;&quot;,&quot;camera&quot;:&quot;iPhone 14&quot;,&quot;caption&quot;:&quot;&quot;,&quot;created_timestamp&quot;:&quot;1710582571&quot;,&quot;copyright&quot;:&quot;&quot;,&quot;focal_length&quot;:&quot;5.7&quot;,&quot;iso&quot;:&quot;64&quot;,&quot;shutter_speed&quot;:&quot;0.01&quot;,&quot;title&quot;:&quot;&quot;,&quot;orientation&quot;:&quot;1&quot;}\" data-image-title=\"20240316_084931504_iOS\" data-image-description=\"\" data-image-caption=\"\" data-large-file=\"https:\/\/i0.wp.com\/labourdenne.fr\/wp-content\/uploads\/2024\/03\/20240316_084931504_iOS-rotated.jpeg?fit=646%2C485&amp;ssl=1\" data-attachment-id=\"3899\" data-permalink=\"https:\/\/labourdenne.fr\/index.php\/2024\/03\/22\/pari-reussi-pour-les-10-ans-de-la-section-cuisine\/20240316_084931504_ios\/\" data-orig-file=\"https:\/\/i0.wp.com\/labourdenne.fr\/wp-content\/uploads\/2024\/03\/20240316_084931504_iOS-rotated.jpeg?fit=1920%2C1440&amp;ssl=1\" data-orig-size=\"1920,1440\" data-comments-opened=\"1\" data-image-meta=\"{&quot;aperture&quot;:&quot;1.5&quot;,&quot;credit&quot;:&quot;&quot;,&quot;camera&quot;:&quot;iPhone 14&quot;,&quot;caption&quot;:&quot;&quot;,&quot;created_timestamp&quot;:&quot;1710582571&quot;,&quot;copyright&quot;:&quot;&quot;,&quot;focal_length&quot;:&quot;5.7&quot;,&quot;iso&quot;:&quot;64&quot;,&quot;shutter_speed&quot;:&quot;0.01&quot;,&quot;title&quot;:&quot;&quot;,&quot;orientation&quot;:&quot;1&quot;}\" data-image-title=\"20240316_084931504_iOS\" data-image-description=\"\" data-image-caption=\"\" data-large-file=\"https:\/\/i0.wp.com\/labourdenne.fr\/wp-content\/uploads\/2024\/03\/20240316_084931504_iOS-rotated.jpeg?fit=646%2C485&amp;ssl=1\" role=\"button\" tabindex=\"0\" aria-label=\"Ouvrir l\u2019image 10 sur 17 en plein \u00e9cran\"srcset=\"https:\/\/i0.wp.com\/labourdenne.fr\/wp-content\/uploads\/2024\/03\/20240316_084931504_iOS-1024x768.jpeg?strip=info&#038;w=600&#038;ssl=1 600w,https:\/\/i0.wp.com\/labourdenne.fr\/wp-content\/uploads\/2024\/03\/20240316_084931504_iOS-1024x768.jpeg?strip=info&#038;w=900&#038;ssl=1 900w,https:\/\/i0.wp.com\/labourdenne.fr\/wp-content\/uploads\/2024\/03\/20240316_084931504_iOS-1024x768.jpeg?strip=info&#038;w=1200&#038;ssl=1 1200w,https:\/\/i0.wp.com\/labourdenne.fr\/wp-content\/uploads\/2024\/03\/20240316_084931504_iOS-1024x768.jpeg?strip=info&#038;w=1500&#038;ssl=1 1500w,https:\/\/i0.wp.com\/labourdenne.fr\/wp-content\/uploads\/2024\/03\/20240316_084931504_iOS-1024x768.jpeg?strip=info&#038;w=1800&#038;ssl=1 1800w,https:\/\/i0.wp.com\/labourdenne.fr\/wp-content\/uploads\/2024\/03\/20240316_084931504_iOS-1024x768.jpeg?strip=info&#038;w=1920&#038;ssl=1 1920w\" alt=\"\" data-height=\"1440\" data-id=\"3899\" data-link=\"https:\/\/labourdenne.fr\/?attachment_id=3899\" data-url=\"https:\/\/labourdenne.fr\/wp-content\/uploads\/2024\/03\/20240316_084931504_iOS-1024x768.jpeg\" data-width=\"1920\" src=\"https:\/\/i0.wp.com\/labourdenne.fr\/wp-content\/uploads\/2024\/03\/20240316_084931504_iOS-1024x768.jpeg?ssl=1\" data-amp-layout=\"responsive\"\/><\/a><\/figure><figure class=\"tiled-gallery__item\"><a href=\"https:\/\/i0.wp.com\/labourdenne.fr\/wp-content\/uploads\/2024\/03\/20240315_133443849_iOS-1024x768.jpeg?ssl=1\"><img decoding=\"async\" data-attachment-id=\"3900\" data-permalink=\"https:\/\/labourdenne.fr\/index.php\/2024\/03\/22\/pari-reussi-pour-les-10-ans-de-la-section-cuisine\/20240315_133443849_ios\/\" data-orig-file=\"https:\/\/i0.wp.com\/labourdenne.fr\/wp-content\/uploads\/2024\/03\/20240315_133443849_iOS-rotated.jpeg?fit=1920%2C1440&amp;ssl=1\" data-orig-size=\"1920,1440\" data-comments-opened=\"1\" data-image-meta=\"{&quot;aperture&quot;:&quot;1.5&quot;,&quot;credit&quot;:&quot;&quot;,&quot;camera&quot;:&quot;iPhone 14&quot;,&quot;caption&quot;:&quot;&quot;,&quot;created_timestamp&quot;:&quot;1710513283&quot;,&quot;copyright&quot;:&quot;&quot;,&quot;focal_length&quot;:&quot;5.7&quot;,&quot;iso&quot;:&quot;125&quot;,&quot;shutter_speed&quot;:&quot;0.02&quot;,&quot;title&quot;:&quot;&quot;,&quot;orientation&quot;:&quot;1&quot;}\" data-image-title=\"20240315_133443849_iOS\" data-image-description=\"\" data-image-caption=\"\" data-large-file=\"https:\/\/i0.wp.com\/labourdenne.fr\/wp-content\/uploads\/2024\/03\/20240315_133443849_iOS-rotated.jpeg?fit=646%2C485&amp;ssl=1\" data-attachment-id=\"3900\" data-permalink=\"https:\/\/labourdenne.fr\/index.php\/2024\/03\/22\/pari-reussi-pour-les-10-ans-de-la-section-cuisine\/20240315_133443849_ios\/\" data-orig-file=\"https:\/\/i0.wp.com\/labourdenne.fr\/wp-content\/uploads\/2024\/03\/20240315_133443849_iOS-rotated.jpeg?fit=1920%2C1440&amp;ssl=1\" data-orig-size=\"1920,1440\" data-comments-opened=\"1\" data-image-meta=\"{&quot;aperture&quot;:&quot;1.5&quot;,&quot;credit&quot;:&quot;&quot;,&quot;camera&quot;:&quot;iPhone 14&quot;,&quot;caption&quot;:&quot;&quot;,&quot;created_timestamp&quot;:&quot;1710513283&quot;,&quot;copyright&quot;:&quot;&quot;,&quot;focal_length&quot;:&quot;5.7&quot;,&quot;iso&quot;:&quot;125&quot;,&quot;shutter_speed&quot;:&quot;0.02&quot;,&quot;title&quot;:&quot;&quot;,&quot;orientation&quot;:&quot;1&quot;}\" data-image-title=\"20240315_133443849_iOS\" data-image-description=\"\" data-image-caption=\"\" data-large-file=\"https:\/\/i0.wp.com\/labourdenne.fr\/wp-content\/uploads\/2024\/03\/20240315_133443849_iOS-rotated.jpeg?fit=646%2C485&amp;ssl=1\" role=\"button\" tabindex=\"0\" aria-label=\"Ouvrir l\u2019image 11 sur 17 en plein \u00e9cran\"srcset=\"https:\/\/i0.wp.com\/labourdenne.fr\/wp-content\/uploads\/2024\/03\/20240315_133443849_iOS-1024x768.jpeg?strip=info&#038;w=600&#038;ssl=1 600w,https:\/\/i0.wp.com\/labourdenne.fr\/wp-content\/uploads\/2024\/03\/20240315_133443849_iOS-1024x768.jpeg?strip=info&#038;w=900&#038;ssl=1 900w,https:\/\/i0.wp.com\/labourdenne.fr\/wp-content\/uploads\/2024\/03\/20240315_133443849_iOS-1024x768.jpeg?strip=info&#038;w=1200&#038;ssl=1 1200w,https:\/\/i0.wp.com\/labourdenne.fr\/wp-content\/uploads\/2024\/03\/20240315_133443849_iOS-1024x768.jpeg?strip=info&#038;w=1500&#038;ssl=1 1500w,https:\/\/i0.wp.com\/labourdenne.fr\/wp-content\/uploads\/2024\/03\/20240315_133443849_iOS-1024x768.jpeg?strip=info&#038;w=1800&#038;ssl=1 1800w,https:\/\/i0.wp.com\/labourdenne.fr\/wp-content\/uploads\/2024\/03\/20240315_133443849_iOS-1024x768.jpeg?strip=info&#038;w=1920&#038;ssl=1 1920w\" alt=\"\" data-height=\"1440\" data-id=\"3900\" data-link=\"https:\/\/labourdenne.fr\/?attachment_id=3900\" data-url=\"https:\/\/labourdenne.fr\/wp-content\/uploads\/2024\/03\/20240315_133443849_iOS-1024x768.jpeg\" data-width=\"1920\" src=\"https:\/\/i0.wp.com\/labourdenne.fr\/wp-content\/uploads\/2024\/03\/20240315_133443849_iOS-1024x768.jpeg?ssl=1\" data-amp-layout=\"responsive\"\/><\/a><\/figure><\/div><div class=\"tiled-gallery__col\" style=\"flex-basis:53.09481%\"><figure class=\"tiled-gallery__item\"><a href=\"https:\/\/i0.wp.com\/labourdenne.fr\/wp-content\/uploads\/2024\/03\/20240315_133429473_iOS-768x1024.jpeg?ssl=1\"><img decoding=\"async\" data-attachment-id=\"3901\" data-permalink=\"https:\/\/labourdenne.fr\/index.php\/2024\/03\/22\/pari-reussi-pour-les-10-ans-de-la-section-cuisine\/20240315_133429473_ios\/\" data-orig-file=\"https:\/\/i0.wp.com\/labourdenne.fr\/wp-content\/uploads\/2024\/03\/20240315_133429473_iOS-rotated.jpeg?fit=1440%2C1920&amp;ssl=1\" data-orig-size=\"1440,1920\" data-comments-opened=\"1\" data-image-meta=\"{&quot;aperture&quot;:&quot;1.5&quot;,&quot;credit&quot;:&quot;&quot;,&quot;camera&quot;:&quot;iPhone 14&quot;,&quot;caption&quot;:&quot;&quot;,&quot;created_timestamp&quot;:&quot;1710513269&quot;,&quot;copyright&quot;:&quot;&quot;,&quot;focal_length&quot;:&quot;5.7&quot;,&quot;iso&quot;:&quot;125&quot;,&quot;shutter_speed&quot;:&quot;0.02&quot;,&quot;title&quot;:&quot;&quot;,&quot;orientation&quot;:&quot;1&quot;}\" data-image-title=\"20240315_133429473_iOS\" data-image-description=\"\" data-image-caption=\"\" data-large-file=\"https:\/\/i0.wp.com\/labourdenne.fr\/wp-content\/uploads\/2024\/03\/20240315_133429473_iOS-rotated.jpeg?fit=646%2C861&amp;ssl=1\" data-attachment-id=\"3901\" data-permalink=\"https:\/\/labourdenne.fr\/index.php\/2024\/03\/22\/pari-reussi-pour-les-10-ans-de-la-section-cuisine\/20240315_133429473_ios\/\" data-orig-file=\"https:\/\/i0.wp.com\/labourdenne.fr\/wp-content\/uploads\/2024\/03\/20240315_133429473_iOS-rotated.jpeg?fit=1440%2C1920&amp;ssl=1\" data-orig-size=\"1440,1920\" data-comments-opened=\"1\" data-image-meta=\"{&quot;aperture&quot;:&quot;1.5&quot;,&quot;credit&quot;:&quot;&quot;,&quot;camera&quot;:&quot;iPhone 14&quot;,&quot;caption&quot;:&quot;&quot;,&quot;created_timestamp&quot;:&quot;1710513269&quot;,&quot;copyright&quot;:&quot;&quot;,&quot;focal_length&quot;:&quot;5.7&quot;,&quot;iso&quot;:&quot;125&quot;,&quot;shutter_speed&quot;:&quot;0.02&quot;,&quot;title&quot;:&quot;&quot;,&quot;orientation&quot;:&quot;1&quot;}\" data-image-title=\"20240315_133429473_iOS\" data-image-description=\"\" data-image-caption=\"\" data-large-file=\"https:\/\/i0.wp.com\/labourdenne.fr\/wp-content\/uploads\/2024\/03\/20240315_133429473_iOS-rotated.jpeg?fit=646%2C861&amp;ssl=1\" role=\"button\" tabindex=\"0\" aria-label=\"Ouvrir l\u2019image 12 sur 17 en plein \u00e9cran\"srcset=\"https:\/\/i2.wp.com\/labourdenne.fr\/wp-content\/uploads\/2024\/03\/20240315_133429473_iOS-768x1024.jpeg?strip=info&#038;w=600&#038;ssl=1 600w,https:\/\/i2.wp.com\/labourdenne.fr\/wp-content\/uploads\/2024\/03\/20240315_133429473_iOS-768x1024.jpeg?strip=info&#038;w=900&#038;ssl=1 900w,https:\/\/i2.wp.com\/labourdenne.fr\/wp-content\/uploads\/2024\/03\/20240315_133429473_iOS-768x1024.jpeg?strip=info&#038;w=1200&#038;ssl=1 1200w,https:\/\/i2.wp.com\/labourdenne.fr\/wp-content\/uploads\/2024\/03\/20240315_133429473_iOS-768x1024.jpeg?strip=info&#038;w=1440&#038;ssl=1 1440w\" alt=\"\" data-height=\"1920\" data-id=\"3901\" data-link=\"https:\/\/labourdenne.fr\/?attachment_id=3901\" data-url=\"https:\/\/labourdenne.fr\/wp-content\/uploads\/2024\/03\/20240315_133429473_iOS-768x1024.jpeg\" data-width=\"1440\" src=\"https:\/\/i2.wp.com\/labourdenne.fr\/wp-content\/uploads\/2024\/03\/20240315_133429473_iOS-768x1024.jpeg?ssl=1\" data-amp-layout=\"responsive\"\/><\/a><\/figure><\/div><\/div><div class=\"tiled-gallery__row\"><div class=\"tiled-gallery__col\" style=\"flex-basis:63.96477%\"><figure class=\"tiled-gallery__item\"><a href=\"https:\/\/i0.wp.com\/labourdenne.fr\/wp-content\/uploads\/2024\/03\/20240315_110202723_iOS-1024x768.jpeg?ssl=1\"><img decoding=\"async\" data-attachment-id=\"3902\" data-permalink=\"https:\/\/labourdenne.fr\/index.php\/2024\/03\/22\/pari-reussi-pour-les-10-ans-de-la-section-cuisine\/20240315_110202723_ios\/\" data-orig-file=\"https:\/\/i0.wp.com\/labourdenne.fr\/wp-content\/uploads\/2024\/03\/20240315_110202723_iOS-rotated.jpeg?fit=1920%2C1440&amp;ssl=1\" data-orig-size=\"1920,1440\" data-comments-opened=\"1\" data-image-meta=\"{&quot;aperture&quot;:&quot;1.5&quot;,&quot;credit&quot;:&quot;&quot;,&quot;camera&quot;:&quot;iPhone 14&quot;,&quot;caption&quot;:&quot;&quot;,&quot;created_timestamp&quot;:&quot;1710504122&quot;,&quot;copyright&quot;:&quot;&quot;,&quot;focal_length&quot;:&quot;5.7&quot;,&quot;iso&quot;:&quot;100&quot;,&quot;shutter_speed&quot;:&quot;0.01&quot;,&quot;title&quot;:&quot;&quot;,&quot;orientation&quot;:&quot;1&quot;}\" data-image-title=\"20240315_110202723_iOS\" data-image-description=\"\" data-image-caption=\"\" data-large-file=\"https:\/\/i0.wp.com\/labourdenne.fr\/wp-content\/uploads\/2024\/03\/20240315_110202723_iOS-rotated.jpeg?fit=646%2C485&amp;ssl=1\" data-attachment-id=\"3902\" data-permalink=\"https:\/\/labourdenne.fr\/index.php\/2024\/03\/22\/pari-reussi-pour-les-10-ans-de-la-section-cuisine\/20240315_110202723_ios\/\" data-orig-file=\"https:\/\/i0.wp.com\/labourdenne.fr\/wp-content\/uploads\/2024\/03\/20240315_110202723_iOS-rotated.jpeg?fit=1920%2C1440&amp;ssl=1\" data-orig-size=\"1920,1440\" data-comments-opened=\"1\" data-image-meta=\"{&quot;aperture&quot;:&quot;1.5&quot;,&quot;credit&quot;:&quot;&quot;,&quot;camera&quot;:&quot;iPhone 14&quot;,&quot;caption&quot;:&quot;&quot;,&quot;created_timestamp&quot;:&quot;1710504122&quot;,&quot;copyright&quot;:&quot;&quot;,&quot;focal_length&quot;:&quot;5.7&quot;,&quot;iso&quot;:&quot;100&quot;,&quot;shutter_speed&quot;:&quot;0.01&quot;,&quot;title&quot;:&quot;&quot;,&quot;orientation&quot;:&quot;1&quot;}\" data-image-title=\"20240315_110202723_iOS\" data-image-description=\"\" data-image-caption=\"\" data-large-file=\"https:\/\/i0.wp.com\/labourdenne.fr\/wp-content\/uploads\/2024\/03\/20240315_110202723_iOS-rotated.jpeg?fit=646%2C485&amp;ssl=1\" role=\"button\" tabindex=\"0\" aria-label=\"Ouvrir l\u2019image 13 sur 17 en plein \u00e9cran\"srcset=\"https:\/\/i0.wp.com\/labourdenne.fr\/wp-content\/uploads\/2024\/03\/20240315_110202723_iOS-1024x768.jpeg?strip=info&#038;w=600&#038;ssl=1 600w,https:\/\/i0.wp.com\/labourdenne.fr\/wp-content\/uploads\/2024\/03\/20240315_110202723_iOS-1024x768.jpeg?strip=info&#038;w=900&#038;ssl=1 900w,https:\/\/i0.wp.com\/labourdenne.fr\/wp-content\/uploads\/2024\/03\/20240315_110202723_iOS-1024x768.jpeg?strip=info&#038;w=1200&#038;ssl=1 1200w,https:\/\/i0.wp.com\/labourdenne.fr\/wp-content\/uploads\/2024\/03\/20240315_110202723_iOS-1024x768.jpeg?strip=info&#038;w=1500&#038;ssl=1 1500w,https:\/\/i0.wp.com\/labourdenne.fr\/wp-content\/uploads\/2024\/03\/20240315_110202723_iOS-1024x768.jpeg?strip=info&#038;w=1800&#038;ssl=1 1800w,https:\/\/i0.wp.com\/labourdenne.fr\/wp-content\/uploads\/2024\/03\/20240315_110202723_iOS-1024x768.jpeg?strip=info&#038;w=1920&#038;ssl=1 1920w\" alt=\"\" data-height=\"1440\" data-id=\"3902\" data-link=\"https:\/\/labourdenne.fr\/?attachment_id=3902\" data-url=\"https:\/\/labourdenne.fr\/wp-content\/uploads\/2024\/03\/20240315_110202723_iOS-1024x768.jpeg\" data-width=\"1920\" src=\"https:\/\/i0.wp.com\/labourdenne.fr\/wp-content\/uploads\/2024\/03\/20240315_110202723_iOS-1024x768.jpeg?ssl=1\" data-amp-layout=\"responsive\"\/><\/a><\/figure><\/div><div class=\"tiled-gallery__col\" style=\"flex-basis:36.03523%\"><figure class=\"tiled-gallery__item\"><a href=\"https:\/\/i0.wp.com\/labourdenne.fr\/wp-content\/uploads\/2024\/03\/20240315_110158884_iOS-768x1024.jpeg?ssl=1\"><img decoding=\"async\" data-attachment-id=\"3903\" data-permalink=\"https:\/\/labourdenne.fr\/index.php\/2024\/03\/22\/pari-reussi-pour-les-10-ans-de-la-section-cuisine\/20240315_110158884_ios\/\" data-orig-file=\"https:\/\/i0.wp.com\/labourdenne.fr\/wp-content\/uploads\/2024\/03\/20240315_110158884_iOS-rotated.jpeg?fit=1440%2C1920&amp;ssl=1\" data-orig-size=\"1440,1920\" data-comments-opened=\"1\" data-image-meta=\"{&quot;aperture&quot;:&quot;1.5&quot;,&quot;credit&quot;:&quot;&quot;,&quot;camera&quot;:&quot;iPhone 14&quot;,&quot;caption&quot;:&quot;&quot;,&quot;created_timestamp&quot;:&quot;1710504118&quot;,&quot;copyright&quot;:&quot;&quot;,&quot;focal_length&quot;:&quot;5.7&quot;,&quot;iso&quot;:&quot;64&quot;,&quot;shutter_speed&quot;:&quot;0.02&quot;,&quot;title&quot;:&quot;&quot;,&quot;orientation&quot;:&quot;1&quot;}\" data-image-title=\"20240315_110158884_iOS\" data-image-description=\"\" data-image-caption=\"\" data-large-file=\"https:\/\/i0.wp.com\/labourdenne.fr\/wp-content\/uploads\/2024\/03\/20240315_110158884_iOS-rotated.jpeg?fit=646%2C861&amp;ssl=1\" data-attachment-id=\"3903\" data-permalink=\"https:\/\/labourdenne.fr\/index.php\/2024\/03\/22\/pari-reussi-pour-les-10-ans-de-la-section-cuisine\/20240315_110158884_ios\/\" data-orig-file=\"https:\/\/i0.wp.com\/labourdenne.fr\/wp-content\/uploads\/2024\/03\/20240315_110158884_iOS-rotated.jpeg?fit=1440%2C1920&amp;ssl=1\" data-orig-size=\"1440,1920\" data-comments-opened=\"1\" data-image-meta=\"{&quot;aperture&quot;:&quot;1.5&quot;,&quot;credit&quot;:&quot;&quot;,&quot;camera&quot;:&quot;iPhone 14&quot;,&quot;caption&quot;:&quot;&quot;,&quot;created_timestamp&quot;:&quot;1710504118&quot;,&quot;copyright&quot;:&quot;&quot;,&quot;focal_length&quot;:&quot;5.7&quot;,&quot;iso&quot;:&quot;64&quot;,&quot;shutter_speed&quot;:&quot;0.02&quot;,&quot;title&quot;:&quot;&quot;,&quot;orientation&quot;:&quot;1&quot;}\" data-image-title=\"20240315_110158884_iOS\" data-image-description=\"\" data-image-caption=\"\" data-large-file=\"https:\/\/i0.wp.com\/labourdenne.fr\/wp-content\/uploads\/2024\/03\/20240315_110158884_iOS-rotated.jpeg?fit=646%2C861&amp;ssl=1\" role=\"button\" tabindex=\"0\" aria-label=\"Ouvrir l\u2019image 14 sur 17 en plein \u00e9cran\"srcset=\"https:\/\/i1.wp.com\/labourdenne.fr\/wp-content\/uploads\/2024\/03\/20240315_110158884_iOS-768x1024.jpeg?strip=info&#038;w=600&#038;ssl=1 600w,https:\/\/i1.wp.com\/labourdenne.fr\/wp-content\/uploads\/2024\/03\/20240315_110158884_iOS-768x1024.jpeg?strip=info&#038;w=900&#038;ssl=1 900w,https:\/\/i1.wp.com\/labourdenne.fr\/wp-content\/uploads\/2024\/03\/20240315_110158884_iOS-768x1024.jpeg?strip=info&#038;w=1200&#038;ssl=1 1200w,https:\/\/i1.wp.com\/labourdenne.fr\/wp-content\/uploads\/2024\/03\/20240315_110158884_iOS-768x1024.jpeg?strip=info&#038;w=1440&#038;ssl=1 1440w\" alt=\"\" data-height=\"1920\" data-id=\"3903\" data-link=\"https:\/\/labourdenne.fr\/?attachment_id=3903\" data-url=\"https:\/\/labourdenne.fr\/wp-content\/uploads\/2024\/03\/20240315_110158884_iOS-768x1024.jpeg\" data-width=\"1440\" src=\"https:\/\/i1.wp.com\/labourdenne.fr\/wp-content\/uploads\/2024\/03\/20240315_110158884_iOS-768x1024.jpeg?ssl=1\" data-amp-layout=\"responsive\"\/><\/a><\/figure><\/div><\/div><div class=\"tiled-gallery__row\"><div class=\"tiled-gallery__col\" style=\"flex-basis:26.49419%\"><figure class=\"tiled-gallery__item\"><a href=\"https:\/\/i0.wp.com\/labourdenne.fr\/wp-content\/uploads\/2024\/03\/20240315_110148614_iOS-768x1024.jpeg?ssl=1\"><img decoding=\"async\" data-attachment-id=\"3904\" data-permalink=\"https:\/\/labourdenne.fr\/index.php\/2024\/03\/22\/pari-reussi-pour-les-10-ans-de-la-section-cuisine\/20240315_110148614_ios\/\" data-orig-file=\"https:\/\/i0.wp.com\/labourdenne.fr\/wp-content\/uploads\/2024\/03\/20240315_110148614_iOS-rotated.jpeg?fit=1440%2C1920&amp;ssl=1\" data-orig-size=\"1440,1920\" data-comments-opened=\"1\" data-image-meta=\"{&quot;aperture&quot;:&quot;1.5&quot;,&quot;credit&quot;:&quot;&quot;,&quot;camera&quot;:&quot;iPhone 14&quot;,&quot;caption&quot;:&quot;&quot;,&quot;created_timestamp&quot;:&quot;1710504108&quot;,&quot;copyright&quot;:&quot;&quot;,&quot;focal_length&quot;:&quot;5.7&quot;,&quot;iso&quot;:&quot;80&quot;,&quot;shutter_speed&quot;:&quot;0.02&quot;,&quot;title&quot;:&quot;&quot;,&quot;orientation&quot;:&quot;1&quot;}\" data-image-title=\"20240315_110148614_iOS\" data-image-description=\"\" data-image-caption=\"\" data-large-file=\"https:\/\/i0.wp.com\/labourdenne.fr\/wp-content\/uploads\/2024\/03\/20240315_110148614_iOS-rotated.jpeg?fit=646%2C861&amp;ssl=1\" data-attachment-id=\"3904\" data-permalink=\"https:\/\/labourdenne.fr\/index.php\/2024\/03\/22\/pari-reussi-pour-les-10-ans-de-la-section-cuisine\/20240315_110148614_ios\/\" data-orig-file=\"https:\/\/i0.wp.com\/labourdenne.fr\/wp-content\/uploads\/2024\/03\/20240315_110148614_iOS-rotated.jpeg?fit=1440%2C1920&amp;ssl=1\" data-orig-size=\"1440,1920\" data-comments-opened=\"1\" data-image-meta=\"{&quot;aperture&quot;:&quot;1.5&quot;,&quot;credit&quot;:&quot;&quot;,&quot;camera&quot;:&quot;iPhone 14&quot;,&quot;caption&quot;:&quot;&quot;,&quot;created_timestamp&quot;:&quot;1710504108&quot;,&quot;copyright&quot;:&quot;&quot;,&quot;focal_length&quot;:&quot;5.7&quot;,&quot;iso&quot;:&quot;80&quot;,&quot;shutter_speed&quot;:&quot;0.02&quot;,&quot;title&quot;:&quot;&quot;,&quot;orientation&quot;:&quot;1&quot;}\" data-image-title=\"20240315_110148614_iOS\" data-image-description=\"\" data-image-caption=\"\" data-large-file=\"https:\/\/i0.wp.com\/labourdenne.fr\/wp-content\/uploads\/2024\/03\/20240315_110148614_iOS-rotated.jpeg?fit=646%2C861&amp;ssl=1\" role=\"button\" tabindex=\"0\" aria-label=\"Ouvrir l\u2019image 15 sur 17 en plein \u00e9cran\"srcset=\"https:\/\/i1.wp.com\/labourdenne.fr\/wp-content\/uploads\/2024\/03\/20240315_110148614_iOS-768x1024.jpeg?strip=info&#038;w=600&#038;ssl=1 600w,https:\/\/i1.wp.com\/labourdenne.fr\/wp-content\/uploads\/2024\/03\/20240315_110148614_iOS-768x1024.jpeg?strip=info&#038;w=900&#038;ssl=1 900w,https:\/\/i1.wp.com\/labourdenne.fr\/wp-content\/uploads\/2024\/03\/20240315_110148614_iOS-768x1024.jpeg?strip=info&#038;w=1200&#038;ssl=1 1200w,https:\/\/i1.wp.com\/labourdenne.fr\/wp-content\/uploads\/2024\/03\/20240315_110148614_iOS-768x1024.jpeg?strip=info&#038;w=1440&#038;ssl=1 1440w\" alt=\"\" data-height=\"1920\" data-id=\"3904\" data-link=\"https:\/\/labourdenne.fr\/?attachment_id=3904\" data-url=\"https:\/\/labourdenne.fr\/wp-content\/uploads\/2024\/03\/20240315_110148614_iOS-768x1024.jpeg\" data-width=\"1440\" src=\"https:\/\/i1.wp.com\/labourdenne.fr\/wp-content\/uploads\/2024\/03\/20240315_110148614_iOS-768x1024.jpeg?ssl=1\" data-amp-layout=\"responsive\"\/><\/a><\/figure><\/div><div class=\"tiled-gallery__col\" style=\"flex-basis:26.49419%\"><figure class=\"tiled-gallery__item\"><a href=\"https:\/\/i0.wp.com\/labourdenne.fr\/wp-content\/uploads\/2024\/03\/20240315_110007087_iOS-768x1024.jpeg?ssl=1\"><img decoding=\"async\" data-attachment-id=\"3905\" data-permalink=\"https:\/\/labourdenne.fr\/index.php\/2024\/03\/22\/pari-reussi-pour-les-10-ans-de-la-section-cuisine\/20240315_110007087_ios\/\" data-orig-file=\"https:\/\/i0.wp.com\/labourdenne.fr\/wp-content\/uploads\/2024\/03\/20240315_110007087_iOS-rotated.jpeg?fit=1440%2C1920&amp;ssl=1\" data-orig-size=\"1440,1920\" data-comments-opened=\"1\" data-image-meta=\"{&quot;aperture&quot;:&quot;1.5&quot;,&quot;credit&quot;:&quot;&quot;,&quot;camera&quot;:&quot;iPhone 14&quot;,&quot;caption&quot;:&quot;&quot;,&quot;created_timestamp&quot;:&quot;1710504007&quot;,&quot;copyright&quot;:&quot;&quot;,&quot;focal_length&quot;:&quot;5.7&quot;,&quot;iso&quot;:&quot;100&quot;,&quot;shutter_speed&quot;:&quot;0.02&quot;,&quot;title&quot;:&quot;&quot;,&quot;orientation&quot;:&quot;1&quot;}\" data-image-title=\"20240315_110007087_iOS\" data-image-description=\"\" data-image-caption=\"\" data-large-file=\"https:\/\/i0.wp.com\/labourdenne.fr\/wp-content\/uploads\/2024\/03\/20240315_110007087_iOS-rotated.jpeg?fit=646%2C861&amp;ssl=1\" data-attachment-id=\"3905\" data-permalink=\"https:\/\/labourdenne.fr\/index.php\/2024\/03\/22\/pari-reussi-pour-les-10-ans-de-la-section-cuisine\/20240315_110007087_ios\/\" data-orig-file=\"https:\/\/i0.wp.com\/labourdenne.fr\/wp-content\/uploads\/2024\/03\/20240315_110007087_iOS-rotated.jpeg?fit=1440%2C1920&amp;ssl=1\" data-orig-size=\"1440,1920\" data-comments-opened=\"1\" data-image-meta=\"{&quot;aperture&quot;:&quot;1.5&quot;,&quot;credit&quot;:&quot;&quot;,&quot;camera&quot;:&quot;iPhone 14&quot;,&quot;caption&quot;:&quot;&quot;,&quot;created_timestamp&quot;:&quot;1710504007&quot;,&quot;copyright&quot;:&quot;&quot;,&quot;focal_length&quot;:&quot;5.7&quot;,&quot;iso&quot;:&quot;100&quot;,&quot;shutter_speed&quot;:&quot;0.02&quot;,&quot;title&quot;:&quot;&quot;,&quot;orientation&quot;:&quot;1&quot;}\" data-image-title=\"20240315_110007087_iOS\" data-image-description=\"\" data-image-caption=\"\" data-large-file=\"https:\/\/i0.wp.com\/labourdenne.fr\/wp-content\/uploads\/2024\/03\/20240315_110007087_iOS-rotated.jpeg?fit=646%2C861&amp;ssl=1\" role=\"button\" tabindex=\"0\" aria-label=\"Ouvrir l\u2019image 16 sur 17 en plein \u00e9cran\"srcset=\"https:\/\/i1.wp.com\/labourdenne.fr\/wp-content\/uploads\/2024\/03\/20240315_110007087_iOS-768x1024.jpeg?strip=info&#038;w=600&#038;ssl=1 600w,https:\/\/i1.wp.com\/labourdenne.fr\/wp-content\/uploads\/2024\/03\/20240315_110007087_iOS-768x1024.jpeg?strip=info&#038;w=900&#038;ssl=1 900w,https:\/\/i1.wp.com\/labourdenne.fr\/wp-content\/uploads\/2024\/03\/20240315_110007087_iOS-768x1024.jpeg?strip=info&#038;w=1200&#038;ssl=1 1200w,https:\/\/i1.wp.com\/labourdenne.fr\/wp-content\/uploads\/2024\/03\/20240315_110007087_iOS-768x1024.jpeg?strip=info&#038;w=1440&#038;ssl=1 1440w\" alt=\"\" data-height=\"1920\" data-id=\"3905\" data-link=\"https:\/\/labourdenne.fr\/?attachment_id=3905\" data-url=\"https:\/\/labourdenne.fr\/wp-content\/uploads\/2024\/03\/20240315_110007087_iOS-768x1024.jpeg\" data-width=\"1440\" src=\"https:\/\/i1.wp.com\/labourdenne.fr\/wp-content\/uploads\/2024\/03\/20240315_110007087_iOS-768x1024.jpeg?ssl=1\" data-amp-layout=\"responsive\"\/><\/a><\/figure><\/div><div class=\"tiled-gallery__col\" style=\"flex-basis:47.01163%\"><figure class=\"tiled-gallery__item\"><a href=\"https:\/\/i0.wp.com\/labourdenne.fr\/wp-content\/uploads\/2024\/03\/20240315_110003886_iOS-1024x768.jpeg?ssl=1\"><img decoding=\"async\" data-attachment-id=\"3906\" data-permalink=\"https:\/\/labourdenne.fr\/index.php\/2024\/03\/22\/pari-reussi-pour-les-10-ans-de-la-section-cuisine\/20240315_110003886_ios\/\" data-orig-file=\"https:\/\/i0.wp.com\/labourdenne.fr\/wp-content\/uploads\/2024\/03\/20240315_110003886_iOS-rotated.jpeg?fit=1920%2C1440&amp;ssl=1\" data-orig-size=\"1920,1440\" data-comments-opened=\"1\" data-image-meta=\"{&quot;aperture&quot;:&quot;1.5&quot;,&quot;credit&quot;:&quot;&quot;,&quot;camera&quot;:&quot;iPhone 14&quot;,&quot;caption&quot;:&quot;&quot;,&quot;created_timestamp&quot;:&quot;1710504003&quot;,&quot;copyright&quot;:&quot;&quot;,&quot;focal_length&quot;:&quot;5.7&quot;,&quot;iso&quot;:&quot;125&quot;,&quot;shutter_speed&quot;:&quot;0.01&quot;,&quot;title&quot;:&quot;&quot;,&quot;orientation&quot;:&quot;1&quot;}\" data-image-title=\"20240315_110003886_iOS\" data-image-description=\"\" data-image-caption=\"\" data-large-file=\"https:\/\/i0.wp.com\/labourdenne.fr\/wp-content\/uploads\/2024\/03\/20240315_110003886_iOS-rotated.jpeg?fit=646%2C485&amp;ssl=1\" data-attachment-id=\"3906\" data-permalink=\"https:\/\/labourdenne.fr\/index.php\/2024\/03\/22\/pari-reussi-pour-les-10-ans-de-la-section-cuisine\/20240315_110003886_ios\/\" data-orig-file=\"https:\/\/i0.wp.com\/labourdenne.fr\/wp-content\/uploads\/2024\/03\/20240315_110003886_iOS-rotated.jpeg?fit=1920%2C1440&amp;ssl=1\" data-orig-size=\"1920,1440\" data-comments-opened=\"1\" data-image-meta=\"{&quot;aperture&quot;:&quot;1.5&quot;,&quot;credit&quot;:&quot;&quot;,&quot;camera&quot;:&quot;iPhone 14&quot;,&quot;caption&quot;:&quot;&quot;,&quot;created_timestamp&quot;:&quot;1710504003&quot;,&quot;copyright&quot;:&quot;&quot;,&quot;focal_length&quot;:&quot;5.7&quot;,&quot;iso&quot;:&quot;125&quot;,&quot;shutter_speed&quot;:&quot;0.01&quot;,&quot;title&quot;:&quot;&quot;,&quot;orientation&quot;:&quot;1&quot;}\" data-image-title=\"20240315_110003886_iOS\" data-image-description=\"\" data-image-caption=\"\" data-large-file=\"https:\/\/i0.wp.com\/labourdenne.fr\/wp-content\/uploads\/2024\/03\/20240315_110003886_iOS-rotated.jpeg?fit=646%2C485&amp;ssl=1\" role=\"button\" tabindex=\"0\" aria-label=\"Ouvrir l\u2019image 17 sur 17 en plein \u00e9cran\"srcset=\"https:\/\/i2.wp.com\/labourdenne.fr\/wp-content\/uploads\/2024\/03\/20240315_110003886_iOS-1024x768.jpeg?strip=info&#038;w=600&#038;ssl=1 600w,https:\/\/i2.wp.com\/labourdenne.fr\/wp-content\/uploads\/2024\/03\/20240315_110003886_iOS-1024x768.jpeg?strip=info&#038;w=900&#038;ssl=1 900w,https:\/\/i2.wp.com\/labourdenne.fr\/wp-content\/uploads\/2024\/03\/20240315_110003886_iOS-1024x768.jpeg?strip=info&#038;w=1200&#038;ssl=1 1200w,https:\/\/i2.wp.com\/labourdenne.fr\/wp-content\/uploads\/2024\/03\/20240315_110003886_iOS-1024x768.jpeg?strip=info&#038;w=1500&#038;ssl=1 1500w,https:\/\/i2.wp.com\/labourdenne.fr\/wp-content\/uploads\/2024\/03\/20240315_110003886_iOS-1024x768.jpeg?strip=info&#038;w=1800&#038;ssl=1 1800w,https:\/\/i2.wp.com\/labourdenne.fr\/wp-content\/uploads\/2024\/03\/20240315_110003886_iOS-1024x768.jpeg?strip=info&#038;w=1920&#038;ssl=1 1920w\" alt=\"\" data-height=\"1440\" data-id=\"3906\" data-link=\"https:\/\/labourdenne.fr\/?attachment_id=3906\" data-url=\"https:\/\/labourdenne.fr\/wp-content\/uploads\/2024\/03\/20240315_110003886_iOS-1024x768.jpeg\" data-width=\"1920\" src=\"https:\/\/i2.wp.com\/labourdenne.fr\/wp-content\/uploads\/2024\/03\/20240315_110003886_iOS-1024x768.jpeg?ssl=1\" data-amp-layout=\"responsive\"\/><\/a><\/figure><\/div><\/div><\/div><\/div>\n","protected":false},"excerpt":{"rendered":"<p>Cette ann\u00e9e marque le 10\u00e8me anniversaire de la section \u00ab\u202fcuisine\u202f\u00bb. Au fil des ans, nos voyages culinaires nous ont men\u00e9s aux 4 coins du globe, de l\u2019Espagne \u00e0 l\u2019Inde en passant par le Liban ou encore la Polyn\u00e9sie fran\u00e7aise.\u00a0 Pour f\u00eater cet \u00e9v\u00e8nement, de animations ont \u00e9t\u00e9 programm\u00e9es cette ann\u00e9e. \u00c0 cette occasion, et pour [&hellip;]<\/p>\n","protected":false},"author":4,"featured_media":0,"comment_status":"open","ping_status":"open","sticky":false,"template":"","format":"standard","meta":{"jetpack_post_was_ever_published":false,"_jetpack_newsletter_access":"","_jetpack_dont_email_post_to_subs":false,"_jetpack_newsletter_tier_id":0,"_jetpack_memberships_contains_paywalled_content":false,"_jetpack_memberships_contains_paid_content":false,"footnotes":"","jetpack_publicize_message":"","jetpack_publicize_feature_enabled":true,"jetpack_social_post_already_shared":true,"jetpack_social_options":{"image_generator_settings":{"template":"highway","default_image_id":0,"font":"","enabled":false},"version":2}},"categories":[4,9],"tags":[],"class_list":["post-3887","post","type-post","status-publish","format-standard","hentry","category-information-generale","category-atelier-cuisine"],"jetpack_publicize_connections":[],"jetpack_featured_media_url":"","jetpack_sharing_enabled":true,"jetpack_shortlink":"https:\/\/wp.me\/p6WNWb-10H","jetpack-related-posts":[{"id":2077,"url":"https:\/\/labourdenne.fr\/index.php\/2018\/12\/15\/repas-de-noel-de-lassociation\/","url_meta":{"origin":3887,"position":0},"title":"Repas de No\u00ebl de l&rsquo;association","author":"Carole","date":"15 d\u00e9cembre 2018","format":false,"excerpt":"Le samedi 15 d\u00e9cembre 2018, \u00e0 l'Espace Sagette, a eu lieu le traditionnel repas de No\u00ebl de l'association qui rassemble les membres des diff\u00e9rentes sections et leurs familles. C'est dans une ambiance conviviale que nos marmitons de la section cuisine se sont r\u00e9unis en d\u00e9but d'apr\u00e8s-midi afin de pr\u00e9parer les\u2026","rel":"","context":"Dans &quot;Section Cuisine&quot;","block_context":{"text":"Section Cuisine","link":"https:\/\/labourdenne.fr\/index.php\/category\/atelier-cuisine\/"},"img":{"alt_text":"","src":"https:\/\/i0.wp.com\/labourdenne.fr\/wp-content\/uploads\/2019\/01\/15.12.18-7.jpg?resize=350%2C200","width":350,"height":200,"srcset":"https:\/\/i0.wp.com\/labourdenne.fr\/wp-content\/uploads\/2019\/01\/15.12.18-7.jpg?resize=350%2C200 1x, https:\/\/i0.wp.com\/labourdenne.fr\/wp-content\/uploads\/2019\/01\/15.12.18-7.jpg?resize=525%2C300 1.5x, https:\/\/i0.wp.com\/labourdenne.fr\/wp-content\/uploads\/2019\/01\/15.12.18-7.jpg?resize=700%2C400 2x"},"classes":[]},{"id":3746,"url":"https:\/\/labourdenne.fr\/index.php\/2023\/10\/29\/la-section-cuisine-des-marmitons-programme-2023-2024\/","url_meta":{"origin":3887,"position":1},"title":"La section cuisine des Marmitons &#8211; Programme 2023 &#8211; 2024","author":"Corinne","date":"29 octobre 2023","format":false,"excerpt":"Nous avons \u00e9labor\u00e9 le calendrier de nos prochains ateliers de cuisine du monde pour la saison 2023\/2024.","rel":"","context":"Dans &quot;Information g\u00e9n\u00e9rale&quot;","block_context":{"text":"Information g\u00e9n\u00e9rale","link":"https:\/\/labourdenne.fr\/index.php\/category\/information-generale\/"},"img":{"alt_text":"","src":"","width":0,"height":0},"classes":[]},{"id":3959,"url":"https:\/\/labourdenne.fr\/index.php\/2024\/09\/01\/rentree-2024-des-marmitons-le-samedi-14-septembre-17h\/","url_meta":{"origin":3887,"position":2},"title":"Rentr\u00e9e 2024 des marmitons le samedi 14 septembre (17h)","author":"Corinne","date":"1 septembre 2024","format":false,"excerpt":"Premier rendez vous de la rentr\u00e9e 2024 pour les marmitons de l'association La Bourdenne.","rel":"","context":"Dans &quot;Information g\u00e9n\u00e9rale&quot;","block_context":{"text":"Information g\u00e9n\u00e9rale","link":"https:\/\/labourdenne.fr\/index.php\/category\/information-generale\/"},"img":{"alt_text":"hands holding pizzas","src":"https:\/\/i0.wp.com\/labourdenne.fr\/wp-content\/uploads\/2024\/09\/pexels-photo-19602378.jpeg?fit=960%2C1200&ssl=1&resize=350%2C200","width":350,"height":200,"srcset":"https:\/\/i0.wp.com\/labourdenne.fr\/wp-content\/uploads\/2024\/09\/pexels-photo-19602378.jpeg?fit=960%2C1200&ssl=1&resize=350%2C200 1x, https:\/\/i0.wp.com\/labourdenne.fr\/wp-content\/uploads\/2024\/09\/pexels-photo-19602378.jpeg?fit=960%2C1200&ssl=1&resize=525%2C300 1.5x, https:\/\/i0.wp.com\/labourdenne.fr\/wp-content\/uploads\/2024\/09\/pexels-photo-19602378.jpeg?fit=960%2C1200&ssl=1&resize=700%2C400 2x"},"classes":[]},{"id":3667,"url":"https:\/\/labourdenne.fr\/index.php\/2023\/02\/04\/repas-des-marmitons-autour-du-greuil-fevrier-2023\/","url_meta":{"origin":3887,"position":3},"title":"Repas des marmitons autour du greuil (F\u00e9vrier 2023)","author":"Dani\u00e8le","date":"4 f\u00e9vrier 2023","format":false,"excerpt":"Les Marmitons, en ce d\u00e9but d\u2019ann\u00e9e, ont pos\u00e9 leur valises et, gr\u00e2ce \u00e0 Aur\u00e9lie, ont plant\u00e9 leurs racines dans la terre b\u00e9arnaise. Avec un menu concoct\u00e9 du d\u00e9but \u00e0 la fin autour de sa Majest\u00e9, le GREUIL (Grulh en b\u00e9arnais) ! Et du greuil bien buz\u00e9en, puisque fabriqu\u00e9 avec amour\u2026","rel":"","context":"Dans &quot;Section Cuisine&quot;","block_context":{"text":"Section Cuisine","link":"https:\/\/labourdenne.fr\/index.php\/category\/atelier-cuisine\/"},"img":{"alt_text":"","src":"","width":0,"height":0},"classes":[]},{"id":3852,"url":"https:\/\/labourdenne.fr\/index.php\/2024\/03\/02\/samedi-16-mars-2024-repas-au-village-pour-feter-les-10-ans-de-la-section-cuisine\/","url_meta":{"origin":3887,"position":4},"title":"Samedi 16 mars 2024 : Repas au village pour f\u00eater les 10 ans de la section cuisine","author":"Vincent","date":"2 mars 2024","format":false,"excerpt":"Pour f\u00eater les 10 ans de la section cuisine, les marmitons vous invitent \u00e0 un repas au village (adultes: 15 euros, enfants jusqu'\u00e0 10 ans: 10 euros)","rel":"","context":"Dans &quot;Information g\u00e9n\u00e9rale&quot;","block_context":{"text":"Information g\u00e9n\u00e9rale","link":"https:\/\/labourdenne.fr\/index.php\/category\/information-generale\/"},"img":{"alt_text":"","src":"","width":0,"height":0},"classes":[]},{"id":2657,"url":"https:\/\/labourdenne.fr\/index.php\/2019\/10\/29\/soiree-italienne-de-dede\/","url_meta":{"origin":3887,"position":5},"title":"SOIREE ITALIENNE DE DEDE","author":"Corinne","date":"29 octobre 2019","format":false,"excerpt":"LE CHEF Le 19 octobre, les marmitons se sont retrouv\u00e9s \u00e0 l'Espace Sagette pour r\u00e9aliser des LASAGNES AUTOMNALES, recette concoct\u00e9e par D\u00e9d\u00e9 aid\u00e9 de Dani\u00e8le pour les pr\u00e9paratifs. La soir\u00e9e s'est d\u00e9roul\u00e9e, comme d'habitude, dans la joie et la bonne humeur, des id\u00e9es de menus pour le repas de No\u00ebl\u2026","rel":"","context":"Dans &quot;Section Cuisine&quot;","block_context":{"text":"Section Cuisine","link":"https:\/\/labourdenne.fr\/index.php\/category\/atelier-cuisine\/"},"img":{"alt_text":"","src":"https:\/\/i0.wp.com\/labourdenne.fr\/wp-content\/uploads\/2019\/10\/Resized_20191019_204555.jpg?resize=350%2C200&ssl=1","width":350,"height":200},"classes":[]}],"_links":{"self":[{"href":"https:\/\/labourdenne.fr\/index.php\/wp-json\/wp\/v2\/posts\/3887","targetHints":{"allow":["GET"]}}],"collection":[{"href":"https:\/\/labourdenne.fr\/index.php\/wp-json\/wp\/v2\/posts"}],"about":[{"href":"https:\/\/labourdenne.fr\/index.php\/wp-json\/wp\/v2\/types\/post"}],"author":[{"embeddable":true,"href":"https:\/\/labourdenne.fr\/index.php\/wp-json\/wp\/v2\/users\/4"}],"replies":[{"embeddable":true,"href":"https:\/\/labourdenne.fr\/index.php\/wp-json\/wp\/v2\/comments?post=3887"}],"version-history":[{"count":3,"href":"https:\/\/labourdenne.fr\/index.php\/wp-json\/wp\/v2\/posts\/3887\/revisions"}],"predecessor-version":[{"id":3908,"href":"https:\/\/labourdenne.fr\/index.php\/wp-json\/wp\/v2\/posts\/3887\/revisions\/3908"}],"wp:attachment":[{"href":"https:\/\/labourdenne.fr\/index.php\/wp-json\/wp\/v2\/media?parent=3887"}],"wp:term":[{"taxonomy":"category","embeddable":true,"href":"https:\/\/labourdenne.fr\/index.php\/wp-json\/wp\/v2\/categories?post=3887"},{"taxonomy":"post_tag","embeddable":true,"href":"https:\/\/labourdenne.fr\/index.php\/wp-json\/wp\/v2\/tags?post=3887"}],"curies":[{"name":"wp","href":"https:\/\/api.w.org\/{rel}","templated":true}]}}