{"id":3912,"date":"2024-03-23T20:41:11","date_gmt":"2024-03-23T19:41:11","guid":{"rendered":"https:\/\/labourdenne.fr\/?p=3912"},"modified":"2024-04-03T21:02:41","modified_gmt":"2024-04-03T20:02:41","slug":"jardins-et-vergers-partages-bilan-de-la-premiere-reunion","status":"publish","type":"post","link":"https:\/\/labourdenne.fr\/index.php\/2024\/03\/23\/jardins-et-vergers-partages-bilan-de-la-premiere-reunion\/","title":{"rendered":"Jardins et vergers partag\u00e9s: Bilan de la premi\u00e8re r\u00e9union"},"content":{"rendered":"\n<p>Samedi 23 mars 2024 a eu lieu la premi\u00e8re r\u00e9union du projet de jardin partag\u00e9 de Buzy, avec la participation de dix villageois int\u00e9ress\u00e9s. <\/p>\n\n\n\n<!--more-->\n\n\n\n<p>Le groupe \u00ab\u00a0noyau\u00a0\u00bb compos\u00e9 d&rsquo;Aur\u00e9lie, B\u00e9n\u00e9dicte et Sarah a pr\u00e9sent\u00e9 le projet, avec Sarah comme coordinatrice initiale pour valider sa formation en animation et coordination de jardins partag\u00e9s. Le projet est encadr\u00e9 par une convention de neuf ans sur une parcelle de 3000m2, sign\u00e9e entre la mairie de Buzy et l&rsquo;association la Bourdenne.<\/p>\n\n\n\n<p>Le jardin partag\u00e9 comprendra une partie collective cultiv\u00e9e, un verger collectif, et des parcelles individuelles. Le terrain se trouve sur la droite de la route de Cast\u00e8de, avec un acc\u00e8s par un court chemin en terre et un deuxi\u00e8me acc\u00e8s en cours d&rsquo;am\u00e9nagement pour les cyclistes et les pi\u00e9tons.<\/p>\n\n\n\n<p>Une \u00e9bauche de charte a \u00e9t\u00e9 pr\u00e9sent\u00e9e, mettant en avant le travail collectif, la production de fruits et l\u00e9gumes, la convivialit\u00e9, le respect et l&rsquo;enrichissement des \u00e9cosyst\u00e8mes, ainsi que la transmission interg\u00e9n\u00e9rationnelle de savoir-faire et de comp\u00e9tences. Les participants ont exprim\u00e9 leur volont\u00e9 de s&rsquo;ouvrir sur l&rsquo;ext\u00e9rieur, de se former lors d&rsquo;ateliers, de s&rsquo;ins\u00e9rer dans des initiatives locales, de cr\u00e9er du lien avec les agriculteurs locaux et les \u00e9coles, et de solliciter les collectivit\u00e9s territoriales pour cr\u00e9er une dynamique locale.<\/p>\n\n\n\n<p>Les participants ont ensuite r\u00e9fl\u00e9chi en bin\u00f4me sur les \u00e9l\u00e9ments \u00e0 prendre en compte dans l&rsquo;\u00e9laboration future d&rsquo;un plan pour le jardin, tels que l&rsquo;acc\u00e8s, les parcelles individuelles et collectives, le cabanon pour les outils, le lieu de compostage, les toilettes s\u00e8ches, les haies, la mare, la serre, la r\u00e9cup\u00e9ration et le stockage d&rsquo;eau, la protection des vents dominants et la protection des cultures et des arbres fruitiers de la faune sauvage.<\/p>\n\n\n\n<figure class=\"wp-block-pullquote has-white-color has-vivid-cyan-blue-background-color has-text-color has-background has-link-color has-large-font-size wp-elements-6f9a8552db2bc381032722fd7c3a7a40\" style=\"border-style:none;border-width:0px;border-radius:19px;font-style:normal;font-weight:600\"><blockquote><p>Le prochain rendez-vous<br>ouvert \u00e0 toutes et tous<br>pour d\u00e9couvrir le terrain aura lieu<br>le samedi 6 avril \u00e0 10h \u00e0 la gare de Buzy<br><\/p><\/blockquote><\/figure>\n\n\n\n<figure class=\"wp-block-gallery has-nested-images columns-default is-cropped wp-block-gallery-1 is-layout-flex wp-block-gallery-is-layout-flex\">\n<figure class=\"wp-block-image size-large\"><img data-recalc-dims=\"1\" loading=\"lazy\" decoding=\"async\" width=\"646\" height=\"363\" data-attachment-id=\"3921\" data-permalink=\"https:\/\/labourdenne.fr\/index.php\/2024\/03\/23\/jardins-et-vergers-partages-bilan-de-la-premiere-reunion\/jp-terrain-sw\/\" data-orig-file=\"https:\/\/i0.wp.com\/labourdenne.fr\/wp-content\/uploads\/2024\/04\/jp-terrain-SW.jpg?fit=1080%2C608&amp;ssl=1\" data-orig-size=\"1080,608\" data-comments-opened=\"1\" data-image-meta=\"{&quot;aperture&quot;:&quot;0&quot;,&quot;credit&quot;:&quot;&quot;,&quot;camera&quot;:&quot;&quot;,&quot;caption&quot;:&quot;&quot;,&quot;created_timestamp&quot;:&quot;0&quot;,&quot;copyright&quot;:&quot;&quot;,&quot;focal_length&quot;:&quot;0&quot;,&quot;iso&quot;:&quot;0&quot;,&quot;shutter_speed&quot;:&quot;0&quot;,&quot;title&quot;:&quot;&quot;,&quot;orientation&quot;:&quot;0&quot;}\" data-image-title=\"jp-terrain-SW\" data-image-description=\"\" data-image-caption=\"\" data-large-file=\"https:\/\/i0.wp.com\/labourdenne.fr\/wp-content\/uploads\/2024\/04\/jp-terrain-SW.jpg?fit=646%2C363&amp;ssl=1\" data-id=\"3921\" src=\"https:\/\/i0.wp.com\/labourdenne.fr\/wp-content\/uploads\/2024\/04\/jp-terrain-SW.jpg?resize=646%2C363&#038;ssl=1\" alt=\"\" class=\"wp-image-3921\" srcset=\"https:\/\/i0.wp.com\/labourdenne.fr\/wp-content\/uploads\/2024\/04\/jp-terrain-SW.jpg?resize=1024%2C576&amp;ssl=1 1024w, https:\/\/i0.wp.com\/labourdenne.fr\/wp-content\/uploads\/2024\/04\/jp-terrain-SW.jpg?resize=300%2C169&amp;ssl=1 300w, https:\/\/i0.wp.com\/labourdenne.fr\/wp-content\/uploads\/2024\/04\/jp-terrain-SW.jpg?resize=770%2C433&amp;ssl=1 770w, https:\/\/i0.wp.com\/labourdenne.fr\/wp-content\/uploads\/2024\/04\/jp-terrain-SW.jpg?w=1080&amp;ssl=1 1080w\" sizes=\"auto, (max-width: 646px) 100vw, 646px\" \/><\/figure>\n\n\n\n<figure class=\"wp-block-image size-large\"><img data-recalc-dims=\"1\" loading=\"lazy\" decoding=\"async\" width=\"646\" height=\"363\" data-attachment-id=\"3914\" data-permalink=\"https:\/\/labourdenne.fr\/index.php\/2024\/03\/23\/jardins-et-vergers-partages-bilan-de-la-premiere-reunion\/jp-terrain-se\/\" data-orig-file=\"https:\/\/i0.wp.com\/labourdenne.fr\/wp-content\/uploads\/2024\/04\/jp-terrain-SE.jpg?fit=1080%2C608&amp;ssl=1\" data-orig-size=\"1080,608\" data-comments-opened=\"1\" data-image-meta=\"{&quot;aperture&quot;:&quot;0&quot;,&quot;credit&quot;:&quot;&quot;,&quot;camera&quot;:&quot;&quot;,&quot;caption&quot;:&quot;&quot;,&quot;created_timestamp&quot;:&quot;0&quot;,&quot;copyright&quot;:&quot;&quot;,&quot;focal_length&quot;:&quot;0&quot;,&quot;iso&quot;:&quot;0&quot;,&quot;shutter_speed&quot;:&quot;0&quot;,&quot;title&quot;:&quot;&quot;,&quot;orientation&quot;:&quot;0&quot;}\" data-image-title=\"jp-terrain-SE\" data-image-description=\"\" data-image-caption=\"\" data-large-file=\"https:\/\/i0.wp.com\/labourdenne.fr\/wp-content\/uploads\/2024\/04\/jp-terrain-SE.jpg?fit=646%2C363&amp;ssl=1\" data-id=\"3914\" src=\"https:\/\/i0.wp.com\/labourdenne.fr\/wp-content\/uploads\/2024\/04\/jp-terrain-SE.jpg?resize=646%2C363&#038;ssl=1\" alt=\"\" class=\"wp-image-3914\" srcset=\"https:\/\/i0.wp.com\/labourdenne.fr\/wp-content\/uploads\/2024\/04\/jp-terrain-SE.jpg?resize=1024%2C576&amp;ssl=1 1024w, https:\/\/i0.wp.com\/labourdenne.fr\/wp-content\/uploads\/2024\/04\/jp-terrain-SE.jpg?resize=300%2C169&amp;ssl=1 300w, https:\/\/i0.wp.com\/labourdenne.fr\/wp-content\/uploads\/2024\/04\/jp-terrain-SE.jpg?resize=770%2C433&amp;ssl=1 770w, https:\/\/i0.wp.com\/labourdenne.fr\/wp-content\/uploads\/2024\/04\/jp-terrain-SE.jpg?w=1080&amp;ssl=1 1080w\" sizes=\"auto, (max-width: 646px) 100vw, 646px\" \/><\/figure>\n\n\n\n<figure class=\"wp-block-image size-large\"><img data-recalc-dims=\"1\" loading=\"lazy\" decoding=\"async\" width=\"646\" height=\"363\" data-attachment-id=\"3918\" data-permalink=\"https:\/\/labourdenne.fr\/index.php\/2024\/03\/23\/jardins-et-vergers-partages-bilan-de-la-premiere-reunion\/jp-terrain-n\/\" data-orig-file=\"https:\/\/i0.wp.com\/labourdenne.fr\/wp-content\/uploads\/2024\/04\/jp-terrain-N.jpg?fit=1080%2C608&amp;ssl=1\" data-orig-size=\"1080,608\" data-comments-opened=\"1\" data-image-meta=\"{&quot;aperture&quot;:&quot;0&quot;,&quot;credit&quot;:&quot;&quot;,&quot;camera&quot;:&quot;&quot;,&quot;caption&quot;:&quot;&quot;,&quot;created_timestamp&quot;:&quot;0&quot;,&quot;copyright&quot;:&quot;&quot;,&quot;focal_length&quot;:&quot;0&quot;,&quot;iso&quot;:&quot;0&quot;,&quot;shutter_speed&quot;:&quot;0&quot;,&quot;title&quot;:&quot;&quot;,&quot;orientation&quot;:&quot;0&quot;}\" data-image-title=\"jp-terrain-N\" data-image-description=\"\" data-image-caption=\"\" data-large-file=\"https:\/\/i0.wp.com\/labourdenne.fr\/wp-content\/uploads\/2024\/04\/jp-terrain-N.jpg?fit=646%2C363&amp;ssl=1\" data-id=\"3918\" src=\"https:\/\/i0.wp.com\/labourdenne.fr\/wp-content\/uploads\/2024\/04\/jp-terrain-N.jpg?resize=646%2C363&#038;ssl=1\" alt=\"\" class=\"wp-image-3918\" srcset=\"https:\/\/i0.wp.com\/labourdenne.fr\/wp-content\/uploads\/2024\/04\/jp-terrain-N.jpg?resize=1024%2C576&amp;ssl=1 1024w, https:\/\/i0.wp.com\/labourdenne.fr\/wp-content\/uploads\/2024\/04\/jp-terrain-N.jpg?resize=300%2C169&amp;ssl=1 300w, https:\/\/i0.wp.com\/labourdenne.fr\/wp-content\/uploads\/2024\/04\/jp-terrain-N.jpg?resize=770%2C433&amp;ssl=1 770w, https:\/\/i0.wp.com\/labourdenne.fr\/wp-content\/uploads\/2024\/04\/jp-terrain-N.jpg?w=1080&amp;ssl=1 1080w\" sizes=\"auto, (max-width: 646px) 100vw, 646px\" \/><\/figure>\n\n\n\n<figure class=\"wp-block-image size-large\"><img data-recalc-dims=\"1\" loading=\"lazy\" decoding=\"async\" width=\"646\" height=\"363\" data-attachment-id=\"3917\" data-permalink=\"https:\/\/labourdenne.fr\/index.php\/2024\/03\/23\/jardins-et-vergers-partages-bilan-de-la-premiere-reunion\/jp-photo-acces-route\/\" data-orig-file=\"https:\/\/i0.wp.com\/labourdenne.fr\/wp-content\/uploads\/2024\/04\/jp-photo-acces-route.jpg?fit=1080%2C608&amp;ssl=1\" data-orig-size=\"1080,608\" data-comments-opened=\"1\" data-image-meta=\"{&quot;aperture&quot;:&quot;0&quot;,&quot;credit&quot;:&quot;&quot;,&quot;camera&quot;:&quot;&quot;,&quot;caption&quot;:&quot;&quot;,&quot;created_timestamp&quot;:&quot;0&quot;,&quot;copyright&quot;:&quot;&quot;,&quot;focal_length&quot;:&quot;0&quot;,&quot;iso&quot;:&quot;0&quot;,&quot;shutter_speed&quot;:&quot;0&quot;,&quot;title&quot;:&quot;&quot;,&quot;orientation&quot;:&quot;0&quot;}\" data-image-title=\"jp-photo-acces-route\" data-image-description=\"\" data-image-caption=\"\" data-large-file=\"https:\/\/i0.wp.com\/labourdenne.fr\/wp-content\/uploads\/2024\/04\/jp-photo-acces-route.jpg?fit=646%2C363&amp;ssl=1\" data-id=\"3917\" src=\"https:\/\/i0.wp.com\/labourdenne.fr\/wp-content\/uploads\/2024\/04\/jp-photo-acces-route.jpg?resize=646%2C363&#038;ssl=1\" alt=\"\" class=\"wp-image-3917\" srcset=\"https:\/\/i0.wp.com\/labourdenne.fr\/wp-content\/uploads\/2024\/04\/jp-photo-acces-route.jpg?resize=1024%2C576&amp;ssl=1 1024w, https:\/\/i0.wp.com\/labourdenne.fr\/wp-content\/uploads\/2024\/04\/jp-photo-acces-route.jpg?resize=300%2C169&amp;ssl=1 300w, https:\/\/i0.wp.com\/labourdenne.fr\/wp-content\/uploads\/2024\/04\/jp-photo-acces-route.jpg?resize=770%2C433&amp;ssl=1 770w, https:\/\/i0.wp.com\/labourdenne.fr\/wp-content\/uploads\/2024\/04\/jp-photo-acces-route.jpg?w=1080&amp;ssl=1 1080w\" sizes=\"auto, (max-width: 646px) 100vw, 646px\" \/><\/figure>\n\n\n\n<figure class=\"wp-block-image size-large\"><img data-recalc-dims=\"1\" loading=\"lazy\" decoding=\"async\" width=\"646\" height=\"363\" data-attachment-id=\"3915\" data-permalink=\"https:\/\/labourdenne.fr\/index.php\/2024\/03\/23\/jardins-et-vergers-partages-bilan-de-la-premiere-reunion\/jp-nefliers-noyers-1\/\" data-orig-file=\"https:\/\/i0.wp.com\/labourdenne.fr\/wp-content\/uploads\/2024\/04\/jp-nefliers-noyers-1.jpg?fit=1080%2C608&amp;ssl=1\" data-orig-size=\"1080,608\" data-comments-opened=\"1\" data-image-meta=\"{&quot;aperture&quot;:&quot;0&quot;,&quot;credit&quot;:&quot;&quot;,&quot;camera&quot;:&quot;&quot;,&quot;caption&quot;:&quot;&quot;,&quot;created_timestamp&quot;:&quot;0&quot;,&quot;copyright&quot;:&quot;&quot;,&quot;focal_length&quot;:&quot;0&quot;,&quot;iso&quot;:&quot;0&quot;,&quot;shutter_speed&quot;:&quot;0&quot;,&quot;title&quot;:&quot;&quot;,&quot;orientation&quot;:&quot;0&quot;}\" data-image-title=\"jp-nefliers-noyers-1\" data-image-description=\"\" data-image-caption=\"\" data-large-file=\"https:\/\/i0.wp.com\/labourdenne.fr\/wp-content\/uploads\/2024\/04\/jp-nefliers-noyers-1.jpg?fit=646%2C363&amp;ssl=1\" data-id=\"3915\" src=\"https:\/\/i0.wp.com\/labourdenne.fr\/wp-content\/uploads\/2024\/04\/jp-nefliers-noyers-1.jpg?resize=646%2C363&#038;ssl=1\" alt=\"\" class=\"wp-image-3915\" srcset=\"https:\/\/i0.wp.com\/labourdenne.fr\/wp-content\/uploads\/2024\/04\/jp-nefliers-noyers-1.jpg?resize=1024%2C576&amp;ssl=1 1024w, https:\/\/i0.wp.com\/labourdenne.fr\/wp-content\/uploads\/2024\/04\/jp-nefliers-noyers-1.jpg?resize=300%2C169&amp;ssl=1 300w, https:\/\/i0.wp.com\/labourdenne.fr\/wp-content\/uploads\/2024\/04\/jp-nefliers-noyers-1.jpg?resize=770%2C433&amp;ssl=1 770w, https:\/\/i0.wp.com\/labourdenne.fr\/wp-content\/uploads\/2024\/04\/jp-nefliers-noyers-1.jpg?w=1080&amp;ssl=1 1080w\" sizes=\"auto, (max-width: 646px) 100vw, 646px\" \/><\/figure>\n\n\n\n<figure class=\"wp-block-image size-large\"><img data-recalc-dims=\"1\" loading=\"lazy\" decoding=\"async\" width=\"646\" height=\"363\" data-attachment-id=\"3922\" data-permalink=\"https:\/\/labourdenne.fr\/index.php\/2024\/03\/23\/jardins-et-vergers-partages-bilan-de-la-premiere-reunion\/jp-figuiers-et-ronciers\/\" data-orig-file=\"https:\/\/i0.wp.com\/labourdenne.fr\/wp-content\/uploads\/2024\/04\/jp-figuiers-et-ronciers.jpg?fit=1080%2C608&amp;ssl=1\" data-orig-size=\"1080,608\" data-comments-opened=\"1\" data-image-meta=\"{&quot;aperture&quot;:&quot;0&quot;,&quot;credit&quot;:&quot;&quot;,&quot;camera&quot;:&quot;&quot;,&quot;caption&quot;:&quot;&quot;,&quot;created_timestamp&quot;:&quot;0&quot;,&quot;copyright&quot;:&quot;&quot;,&quot;focal_length&quot;:&quot;0&quot;,&quot;iso&quot;:&quot;0&quot;,&quot;shutter_speed&quot;:&quot;0&quot;,&quot;title&quot;:&quot;&quot;,&quot;orientation&quot;:&quot;0&quot;}\" data-image-title=\"jp-figuiers-et-ronciers\" data-image-description=\"\" data-image-caption=\"\" data-large-file=\"https:\/\/i0.wp.com\/labourdenne.fr\/wp-content\/uploads\/2024\/04\/jp-figuiers-et-ronciers.jpg?fit=646%2C363&amp;ssl=1\" data-id=\"3922\" src=\"https:\/\/i0.wp.com\/labourdenne.fr\/wp-content\/uploads\/2024\/04\/jp-figuiers-et-ronciers.jpg?resize=646%2C363&#038;ssl=1\" alt=\"\" class=\"wp-image-3922\" srcset=\"https:\/\/i0.wp.com\/labourdenne.fr\/wp-content\/uploads\/2024\/04\/jp-figuiers-et-ronciers.jpg?resize=1024%2C576&amp;ssl=1 1024w, https:\/\/i0.wp.com\/labourdenne.fr\/wp-content\/uploads\/2024\/04\/jp-figuiers-et-ronciers.jpg?resize=300%2C169&amp;ssl=1 300w, https:\/\/i0.wp.com\/labourdenne.fr\/wp-content\/uploads\/2024\/04\/jp-figuiers-et-ronciers.jpg?resize=770%2C433&amp;ssl=1 770w, https:\/\/i0.wp.com\/labourdenne.fr\/wp-content\/uploads\/2024\/04\/jp-figuiers-et-ronciers.jpg?w=1080&amp;ssl=1 1080w\" sizes=\"auto, (max-width: 646px) 100vw, 646px\" \/><\/figure>\n\n\n\n<figure class=\"wp-block-image size-large\"><img data-recalc-dims=\"1\" loading=\"lazy\" decoding=\"async\" width=\"646\" height=\"363\" data-attachment-id=\"3913\" data-permalink=\"https:\/\/labourdenne.fr\/index.php\/2024\/03\/23\/jardins-et-vergers-partages-bilan-de-la-premiere-reunion\/jp-arbres-n\/\" data-orig-file=\"https:\/\/i0.wp.com\/labourdenne.fr\/wp-content\/uploads\/2024\/04\/jp-arbres-N.jpg?fit=1080%2C608&amp;ssl=1\" data-orig-size=\"1080,608\" data-comments-opened=\"1\" data-image-meta=\"{&quot;aperture&quot;:&quot;0&quot;,&quot;credit&quot;:&quot;&quot;,&quot;camera&quot;:&quot;&quot;,&quot;caption&quot;:&quot;&quot;,&quot;created_timestamp&quot;:&quot;0&quot;,&quot;copyright&quot;:&quot;&quot;,&quot;focal_length&quot;:&quot;0&quot;,&quot;iso&quot;:&quot;0&quot;,&quot;shutter_speed&quot;:&quot;0&quot;,&quot;title&quot;:&quot;&quot;,&quot;orientation&quot;:&quot;0&quot;}\" data-image-title=\"jp-arbres-N\" data-image-description=\"\" data-image-caption=\"\" data-large-file=\"https:\/\/i0.wp.com\/labourdenne.fr\/wp-content\/uploads\/2024\/04\/jp-arbres-N.jpg?fit=646%2C363&amp;ssl=1\" data-id=\"3913\" src=\"https:\/\/i0.wp.com\/labourdenne.fr\/wp-content\/uploads\/2024\/04\/jp-arbres-N.jpg?resize=646%2C363&#038;ssl=1\" alt=\"\" class=\"wp-image-3913\" srcset=\"https:\/\/i0.wp.com\/labourdenne.fr\/wp-content\/uploads\/2024\/04\/jp-arbres-N.jpg?resize=1024%2C576&amp;ssl=1 1024w, https:\/\/i0.wp.com\/labourdenne.fr\/wp-content\/uploads\/2024\/04\/jp-arbres-N.jpg?resize=300%2C169&amp;ssl=1 300w, https:\/\/i0.wp.com\/labourdenne.fr\/wp-content\/uploads\/2024\/04\/jp-arbres-N.jpg?resize=770%2C433&amp;ssl=1 770w, https:\/\/i0.wp.com\/labourdenne.fr\/wp-content\/uploads\/2024\/04\/jp-arbres-N.jpg?w=1080&amp;ssl=1 1080w\" sizes=\"auto, (max-width: 646px) 100vw, 646px\" \/><\/figure>\n\n\n\n<figure class=\"wp-block-image size-large\"><img data-recalc-dims=\"1\" loading=\"lazy\" decoding=\"async\" width=\"646\" height=\"363\" data-attachment-id=\"3919\" data-permalink=\"https:\/\/labourdenne.fr\/index.php\/2024\/03\/23\/jardins-et-vergers-partages-bilan-de-la-premiere-reunion\/jp-acces-voie-verte\/\" data-orig-file=\"https:\/\/i0.wp.com\/labourdenne.fr\/wp-content\/uploads\/2024\/04\/jp-acces-voie-verte.jpg?fit=1080%2C608&amp;ssl=1\" data-orig-size=\"1080,608\" data-comments-opened=\"1\" data-image-meta=\"{&quot;aperture&quot;:&quot;0&quot;,&quot;credit&quot;:&quot;&quot;,&quot;camera&quot;:&quot;&quot;,&quot;caption&quot;:&quot;&quot;,&quot;created_timestamp&quot;:&quot;0&quot;,&quot;copyright&quot;:&quot;&quot;,&quot;focal_length&quot;:&quot;0&quot;,&quot;iso&quot;:&quot;0&quot;,&quot;shutter_speed&quot;:&quot;0&quot;,&quot;title&quot;:&quot;&quot;,&quot;orientation&quot;:&quot;0&quot;}\" data-image-title=\"jp-acces-voie-verte\" data-image-description=\"\" data-image-caption=\"\" data-large-file=\"https:\/\/i0.wp.com\/labourdenne.fr\/wp-content\/uploads\/2024\/04\/jp-acces-voie-verte.jpg?fit=646%2C363&amp;ssl=1\" data-id=\"3919\" src=\"https:\/\/i0.wp.com\/labourdenne.fr\/wp-content\/uploads\/2024\/04\/jp-acces-voie-verte.jpg?resize=646%2C363&#038;ssl=1\" alt=\"\" class=\"wp-image-3919\" srcset=\"https:\/\/i0.wp.com\/labourdenne.fr\/wp-content\/uploads\/2024\/04\/jp-acces-voie-verte.jpg?resize=1024%2C576&amp;ssl=1 1024w, https:\/\/i0.wp.com\/labourdenne.fr\/wp-content\/uploads\/2024\/04\/jp-acces-voie-verte.jpg?resize=300%2C169&amp;ssl=1 300w, https:\/\/i0.wp.com\/labourdenne.fr\/wp-content\/uploads\/2024\/04\/jp-acces-voie-verte.jpg?resize=770%2C433&amp;ssl=1 770w, https:\/\/i0.wp.com\/labourdenne.fr\/wp-content\/uploads\/2024\/04\/jp-acces-voie-verte.jpg?w=1080&amp;ssl=1 1080w\" sizes=\"auto, (max-width: 646px) 100vw, 646px\" \/><\/figure>\n\n\n\n<figure class=\"wp-block-image size-large\"><img data-recalc-dims=\"1\" loading=\"lazy\" decoding=\"async\" width=\"646\" height=\"363\" data-attachment-id=\"3916\" data-permalink=\"https:\/\/labourdenne.fr\/index.php\/2024\/03\/23\/jardins-et-vergers-partages-bilan-de-la-premiere-reunion\/jp-acces-chemin\/\" data-orig-file=\"https:\/\/i0.wp.com\/labourdenne.fr\/wp-content\/uploads\/2024\/04\/jp-acces-chemin.jpg?fit=1080%2C608&amp;ssl=1\" data-orig-size=\"1080,608\" data-comments-opened=\"1\" data-image-meta=\"{&quot;aperture&quot;:&quot;0&quot;,&quot;credit&quot;:&quot;&quot;,&quot;camera&quot;:&quot;&quot;,&quot;caption&quot;:&quot;&quot;,&quot;created_timestamp&quot;:&quot;0&quot;,&quot;copyright&quot;:&quot;&quot;,&quot;focal_length&quot;:&quot;0&quot;,&quot;iso&quot;:&quot;0&quot;,&quot;shutter_speed&quot;:&quot;0&quot;,&quot;title&quot;:&quot;&quot;,&quot;orientation&quot;:&quot;0&quot;}\" data-image-title=\"jp-acces-chemin\" data-image-description=\"\" data-image-caption=\"\" data-large-file=\"https:\/\/i0.wp.com\/labourdenne.fr\/wp-content\/uploads\/2024\/04\/jp-acces-chemin.jpg?fit=646%2C363&amp;ssl=1\" data-id=\"3916\" src=\"https:\/\/i0.wp.com\/labourdenne.fr\/wp-content\/uploads\/2024\/04\/jp-acces-chemin.jpg?resize=646%2C363&#038;ssl=1\" alt=\"\" class=\"wp-image-3916\" srcset=\"https:\/\/i0.wp.com\/labourdenne.fr\/wp-content\/uploads\/2024\/04\/jp-acces-chemin.jpg?resize=1024%2C576&amp;ssl=1 1024w, https:\/\/i0.wp.com\/labourdenne.fr\/wp-content\/uploads\/2024\/04\/jp-acces-chemin.jpg?resize=300%2C169&amp;ssl=1 300w, https:\/\/i0.wp.com\/labourdenne.fr\/wp-content\/uploads\/2024\/04\/jp-acces-chemin.jpg?resize=770%2C433&amp;ssl=1 770w, https:\/\/i0.wp.com\/labourdenne.fr\/wp-content\/uploads\/2024\/04\/jp-acces-chemin.jpg?w=1080&amp;ssl=1 1080w\" sizes=\"auto, (max-width: 646px) 100vw, 646px\" \/><\/figure>\n<\/figure>\n\n\n\n<div class=\"wp-block-file\"><a id=\"wp-block-file--media-89631ecb-9ee2-46eb-98e7-65b9d65ee899\" href=\"https:\/\/labourdenne.fr\/wp-content\/uploads\/2024\/04\/jardins-partages-buzy-charte.odt\">2024-03-ebauche-charte<\/a><a href=\"https:\/\/labourdenne.fr\/wp-content\/uploads\/2024\/04\/jardins-partages-buzy-charte.odt\" class=\"wp-block-file__button wp-element-button\" download aria-describedby=\"wp-block-file--media-89631ecb-9ee2-46eb-98e7-65b9d65ee899\">T\u00e9l\u00e9charger<\/a><\/div>\n\n\n\n<div class=\"wp-block-file\"><a id=\"wp-block-file--media-fc161d5f-4750-4c50-ba9e-4fd4d60ee3ce\" href=\"https:\/\/labourdenne.fr\/wp-content\/uploads\/2024\/04\/2024-03-23-CR-reunion-jardins-vergers-partages.pdf\">2024-03-23-CR-reunion-jardins-vergers-partages<\/a><a href=\"https:\/\/labourdenne.fr\/wp-content\/uploads\/2024\/04\/2024-03-23-CR-reunion-jardins-vergers-partages.pdf\" class=\"wp-block-file__button wp-element-button\" download aria-describedby=\"wp-block-file--media-fc161d5f-4750-4c50-ba9e-4fd4d60ee3ce\">T\u00e9l\u00e9charger<\/a><\/div>\n","protected":false},"excerpt":{"rendered":"<p>Le 23 mars 2024, une r\u00e9union a eu lieu pour le projet de jardin partag\u00e9 de Buzy. Les participants ont r\u00e9fl\u00e9chi \u00e0 l&rsquo;\u00e9laboration d&rsquo;un plan pour le jardin et ont exprim\u00e9 leur volont\u00e9 de cr\u00e9er une dynamique locale. La prochaine r\u00e9union aura lieu le 6 avril pour d\u00e9couvrir le terrain et travailler sur la charte.<\/p>\n","protected":false},"author":1,"featured_media":0,"comment_status":"open","ping_status":"open","sticky":false,"template":"","format":"standard","meta":{"jetpack_post_was_ever_published":false,"_jetpack_newsletter_access":"","_jetpack_dont_email_post_to_subs":false,"_jetpack_newsletter_tier_id":0,"_jetpack_memberships_contains_paywalled_content":false,"_jetpack_memberships_contains_paid_content":false,"footnotes":"","jetpack_publicize_message":"","jetpack_publicize_feature_enabled":true,"jetpack_social_post_already_shared":true,"jetpack_social_options":{"image_generator_settings":{"template":"highway","default_image_id":0,"font":"","enabled":false},"version":2}},"categories":[23],"tags":[],"class_list":["post-3912","post","type-post","status-publish","format-standard","hentry","category-section-jardins-partages"],"jetpack_publicize_connections":[],"jetpack_featured_media_url":"","jetpack_sharing_enabled":true,"jetpack_shortlink":"https:\/\/wp.me\/p6WNWb-116","jetpack-related-posts":[{"id":3878,"url":"https:\/\/labourdenne.fr\/index.php\/2024\/03\/11\/jardins-partages-reunion-publique-le-samedi-23-mars-a-1700-a-la-mairie-de-buzy\/","url_meta":{"origin":3912,"position":0},"title":"Jardins partag\u00e9s: R\u00e9union publique le samedi 23 mars \u00e0 17:00 \u00e0 la mairie de Buzy","author":"Vincent","date":"11 mars 2024","format":false,"excerpt":"Nous invitons toutes les personnes int\u00e9ress\u00e9es ou simplement curieuses \u00e0 une r\u00e9union publique qui se tiendra le samedi 23 mars 2024 \u00e0 17h \u00e0 la mairie (salle du conseil)","rel":"","context":"Dans &quot;Information g\u00e9n\u00e9rale&quot;","block_context":{"text":"Information g\u00e9n\u00e9rale","link":"https:\/\/labourdenne.fr\/index.php\/category\/information-generale\/"},"img":{"alt_text":"","src":"","width":0,"height":0},"classes":[]},{"id":4207,"url":"https:\/\/labourdenne.fr\/index.php\/2025\/05\/14\/nouvelles-fraiches-des-jardins-de-castede\/","url_meta":{"origin":3912,"position":1},"title":"Nouvelles fra\u00eeches des Jardins de Cast\u00e8de","author":"Vincent","date":"14 mai 2025","format":false,"excerpt":"Les Jardins de Cast\u00e8de grandissent gr\u00e2ce \u00e0 l\u2019\u00e9nergie collective : plantations, chantiers participatifs et repas partag\u00e9s rythment les saisons. Paille, laine, pierres\u2026 tout est bon pour pr\u00e9parer la terre! Cet \u00e9t\u00e9, rejoignez-nous pour cultiver, \u00e9changer et faire grandir ce bel espace commun en construction.","rel":"","context":"Dans &quot;Non class\u00e9&quot;","block_context":{"text":"Non class\u00e9","link":"https:\/\/labourdenne.fr\/index.php\/category\/non-classe\/"},"img":{"alt_text":"","src":"https:\/\/i0.wp.com\/labourdenne.fr\/wp-content\/uploads\/2025\/05\/2025-03-17-mare-iris.jpeg?resize=350%2C200&ssl=1","width":350,"height":200,"srcset":"https:\/\/i0.wp.com\/labourdenne.fr\/wp-content\/uploads\/2025\/05\/2025-03-17-mare-iris.jpeg?resize=350%2C200&ssl=1 1x, https:\/\/i0.wp.com\/labourdenne.fr\/wp-content\/uploads\/2025\/05\/2025-03-17-mare-iris.jpeg?resize=525%2C300&ssl=1 1.5x, https:\/\/i0.wp.com\/labourdenne.fr\/wp-content\/uploads\/2025\/05\/2025-03-17-mare-iris.jpeg?resize=700%2C400&ssl=1 2x, https:\/\/i0.wp.com\/labourdenne.fr\/wp-content\/uploads\/2025\/05\/2025-03-17-mare-iris.jpeg?resize=1050%2C600&ssl=1 3x, https:\/\/i0.wp.com\/labourdenne.fr\/wp-content\/uploads\/2025\/05\/2025-03-17-mare-iris.jpeg?resize=1400%2C800&ssl=1 4x"},"classes":[]},{"id":3725,"url":"https:\/\/labourdenne.fr\/index.php\/2023\/06\/15\/sondage-projet-de-creation-de-jardins-et-vergers-partages\/","url_meta":{"origin":3912,"position":2},"title":"SONDAGE: Projet de cr\u00e9ation de jardins et vergers partag\u00e9s","author":"Vincent","date":"15 juin 2023","format":false,"excerpt":"En partenariat avec la mairie, l\u2019association La Bourdenne souhaite cr\u00e9er une nouvelle section\u202f: \u00ab\u202fJardin partag\u00e9\u202f\u00bb. Nous vous adressons ce sondage afin de se faire une id\u00e9e de l'int\u00e9r\u00eat que vous porteriez et de l'engagement concret que vous seriez pr\u00eats \u00e0 investir dans ce beau projet. \u00c0 la suite du sondage\u2026","rel":"","context":"Dans &quot;Information g\u00e9n\u00e9rale&quot;","block_context":{"text":"Information g\u00e9n\u00e9rale","link":"https:\/\/labourdenne.fr\/index.php\/category\/information-generale\/"},"img":{"alt_text":"","src":"","width":0,"height":0},"classes":[]},{"id":2601,"url":"https:\/\/labourdenne.fr\/index.php\/2019\/09\/30\/patrimoine-de-buzy-reunion-dinformation-le-4-octobre-2019\/","url_meta":{"origin":3912,"position":3},"title":"Patrimoine de BUZY &#8211; R\u00e9union d\u2019information le 4 octobre 2019.","author":"Vincent","date":"30 septembre 2019","format":false,"excerpt":"La nouvelle section \u00ab\u00a0Patrimoine\u00a0\u00bb de l\u2019association a pour objectif de recueillir et mettre en valeur la m\u00e9moire collective de notre village, mais aussi participer \u00e0 la r\u00e9novation du petit patrimoine b\u00e2ti.Toutes les personnes int\u00e9ress\u00e9es par ce projet sont cordialement invit\u00e9es \u00e0 venir nous rencontrer vendredi 4 octobre, \u00e0 19h30, \u00e0\u2026","rel":"","context":"Dans &quot;Section Patrimoine&quot;","block_context":{"text":"Section Patrimoine","link":"https:\/\/labourdenne.fr\/index.php\/category\/section-patrimoine\/"},"img":{"alt_text":"Nettoyage de la fontaine Limoges","src":"https:\/\/i0.wp.com\/labourdenne.fr\/wp-content\/uploads\/2019\/01\/VMI_8533.jpg?fit=1024%2C680&ssl=1&resize=350%2C200","width":350,"height":200,"srcset":"https:\/\/i0.wp.com\/labourdenne.fr\/wp-content\/uploads\/2019\/01\/VMI_8533.jpg?fit=1024%2C680&ssl=1&resize=350%2C200 1x, https:\/\/i0.wp.com\/labourdenne.fr\/wp-content\/uploads\/2019\/01\/VMI_8533.jpg?fit=1024%2C680&ssl=1&resize=525%2C300 1.5x, https:\/\/i0.wp.com\/labourdenne.fr\/wp-content\/uploads\/2019\/01\/VMI_8533.jpg?fit=1024%2C680&ssl=1&resize=700%2C400 2x"},"classes":[]},{"id":4191,"url":"https:\/\/labourdenne.fr\/index.php\/2025\/05\/07\/fetes-de-la-musique-2025-appel-a-benevoles\/","url_meta":{"origin":3912,"position":4},"title":"F\u00eates de la musique 2025 : Appel \u00e0 b\u00e9n\u00e9voles","author":"Vincent","date":"7 mai 2025","format":false,"excerpt":"Appel \u00e0 b\u00e9n\u00e9voles pour l'organisation de la f\u00eate de la musique 2025 \u00e0 Buzy (21 juin \u00e0 17h place du Prat)","rel":"","context":"Dans &quot;Information g\u00e9n\u00e9rale&quot;","block_context":{"text":"Information g\u00e9n\u00e9rale","link":"https:\/\/labourdenne.fr\/index.php\/category\/information-generale\/"},"img":{"alt_text":"","src":"https:\/\/i0.wp.com\/labourdenne.fr\/wp-content\/uploads\/2025\/05\/image.jpg?resize=350%2C200&ssl=1","width":350,"height":200,"srcset":"https:\/\/i0.wp.com\/labourdenne.fr\/wp-content\/uploads\/2025\/05\/image.jpg?resize=350%2C200&ssl=1 1x, https:\/\/i0.wp.com\/labourdenne.fr\/wp-content\/uploads\/2025\/05\/image.jpg?resize=525%2C300&ssl=1 1.5x"},"classes":[]},{"id":2607,"url":"https:\/\/labourdenne.fr\/index.php\/2019\/10\/04\/patrimoine-resultat-de-la-reunion-dinformation-du-4-octobre-2019\/","url_meta":{"origin":3912,"position":5},"title":"Patrimoine : r\u00e9sultat de la r\u00e9union d\u2019information du 4 octobre 2019.","author":"Vincent","date":"4 octobre 2019","format":false,"excerpt":"Ce vendredi 4 octobre, nous avons eu le plaisir de rencontrer de nouvelles personnes int\u00e9ress\u00e9es par le patrimoine de Buzy et de surcro\u00eet motiv\u00e9es pour venir renforcer l\u2019\u00e9quipe. Il r\u00e9sulte de ces \u00e9changes une belle \u00e9nergie et de bonnes id\u00e9es \u00e0 concr\u00e9tiser. Cette nouvelle section se d\u00e9composera en trois domaines\u2026","rel":"","context":"Dans &quot;Section Patrimoine&quot;","block_context":{"text":"Section Patrimoine","link":"https:\/\/labourdenne.fr\/index.php\/category\/section-patrimoine\/"},"img":{"alt_text":"","src":"https:\/\/i0.wp.com\/labourdenne.fr\/wp-content\/uploads\/2019\/10\/Patrimoine-r%C3%A9sultat-de-la-r%C3%A9union-d%E2%80%99information-du-4-octobre-2019.-%E2%80%93-La-Bourdenne.png?resize=350%2C200&ssl=1","width":350,"height":200},"classes":[]}],"_links":{"self":[{"href":"https:\/\/labourdenne.fr\/index.php\/wp-json\/wp\/v2\/posts\/3912","targetHints":{"allow":["GET"]}}],"collection":[{"href":"https:\/\/labourdenne.fr\/index.php\/wp-json\/wp\/v2\/posts"}],"about":[{"href":"https:\/\/labourdenne.fr\/index.php\/wp-json\/wp\/v2\/types\/post"}],"author":[{"embeddable":true,"href":"https:\/\/labourdenne.fr\/index.php\/wp-json\/wp\/v2\/users\/1"}],"replies":[{"embeddable":true,"href":"https:\/\/labourdenne.fr\/index.php\/wp-json\/wp\/v2\/comments?post=3912"}],"version-history":[{"count":2,"href":"https:\/\/labourdenne.fr\/index.php\/wp-json\/wp\/v2\/posts\/3912\/revisions"}],"predecessor-version":[{"id":3925,"href":"https:\/\/labourdenne.fr\/index.php\/wp-json\/wp\/v2\/posts\/3912\/revisions\/3925"}],"wp:attachment":[{"href":"https:\/\/labourdenne.fr\/index.php\/wp-json\/wp\/v2\/media?parent=3912"}],"wp:term":[{"taxonomy":"category","embeddable":true,"href":"https:\/\/labourdenne.fr\/index.php\/wp-json\/wp\/v2\/categories?post=3912"},{"taxonomy":"post_tag","embeddable":true,"href":"https:\/\/labourdenne.fr\/index.php\/wp-json\/wp\/v2\/tags?post=3912"}],"curies":[{"name":"wp","href":"https:\/\/api.w.org\/{rel}","templated":true}]}}