{"id":4090,"date":"2025-02-15T22:18:00","date_gmt":"2025-02-15T21:18:00","guid":{"rendered":"https:\/\/labourdenne.fr\/?p=4090"},"modified":"2025-02-27T19:23:41","modified_gmt":"2025-02-27T18:23:41","slug":"atelier-cuisine-du-15-fevrier-poulet-cacao-de-lile-de-la-reunion","status":"publish","type":"post","link":"https:\/\/labourdenne.fr\/index.php\/2025\/02\/15\/atelier-cuisine-du-15-fevrier-poulet-cacao-de-lile-de-la-reunion\/","title":{"rendered":"Atelier cuisine du 15 f\u00e9vrier: Poulet Cacao de l&rsquo;\u00eele de La R\u00e9union"},"content":{"rendered":"\n<p>Du Canada \u00e0 l\u2019\u00eele de la R\u00e9union, juste un petit saut de puce de 15 834 km, all\u00e8grement franchis par les Marmitons, ce samedi, en compagnie de Marie-Ange pour go\u00fbter au Poulet Cacao, plat traditionnel. Et pour le dessert, c\u2019est une d\u00e9licieuse tarte au pomme au lait de coco qui a r\u00e9gal\u00e9 tout le monde !<\/p>\n\n\n\n<p>Pour le samedi 15 mars prochain, un peu de suspense ! Car soit on d\u00e9couvrira un menu m\u00e9di\u00e9val, soit c\u2019est une poule au pot qui sera au menu ! Avis aux amateurs !<\/p>\n\n\n\n<p><\/p>\n","protected":false},"excerpt":{"rendered":"<p>Du Canada \u00e0 l\u2019\u00eele de la R\u00e9union, juste un petit saut de puce de 15 834 km, all\u00e8grement franchis par les Marmitons, ce samedi, en compagnie de Marie-Ange pour go\u00fbter au Poulet Cacao, plat traditionnel. Et pour le dessert, c\u2019est une d\u00e9licieuse tarte au pomme au lait de coco qui a r\u00e9gal\u00e9 tout le monde [&hellip;]<\/p>\n","protected":false},"author":9,"featured_media":0,"comment_status":"open","ping_status":"open","sticky":false,"template":"","format":"standard","meta":{"jetpack_post_was_ever_published":false,"_jetpack_newsletter_access":"","_jetpack_dont_email_post_to_subs":false,"_jetpack_newsletter_tier_id":0,"_jetpack_memberships_contains_paywalled_content":false,"_jetpack_memberships_contains_paid_content":false,"footnotes":"","jetpack_publicize_message":"","jetpack_publicize_feature_enabled":true,"jetpack_social_post_already_shared":true,"jetpack_social_options":{"image_generator_settings":{"template":"highway","default_image_id":0,"font":"","enabled":false},"version":2}},"categories":[9],"tags":[],"class_list":["post-4090","post","type-post","status-publish","format-standard","hentry","category-atelier-cuisine"],"jetpack_publicize_connections":[],"jetpack_featured_media_url":"","jetpack_sharing_enabled":true,"jetpack_shortlink":"https:\/\/wp.me\/p6WNWb-13Y","jetpack-related-posts":[{"id":4082,"url":"https:\/\/labourdenne.fr\/index.php\/2025\/02\/10\/invitation-pour-le-prochain-repas-de-fevrier\/","url_meta":{"origin":4090,"position":0},"title":"Invitation pour le prochain repas de f\u00e9vrier","author":"Corinne","date":"10 f\u00e9vrier 2025","format":false,"excerpt":"Bonjour les marmitons, Je suis tr\u00e8s en retard pour vous inviter \u00e0 notre prochain atelier de cuisine du 15 f\u00e9vrier prochain. Marie-Ange nous propose de r\u00e9aliser un poulet cacao et une tarte aux pommes de\u00a0l'Ile de la R\u00e9union. L'atelier d\u00e9butera \u00e0 16h30 \u00e0 l'Espace Sagette. Les ustensiles \u00e0 amener en\u2026","rel":"","context":"Dans &quot;Information g\u00e9n\u00e9rale&quot;","block_context":{"text":"Information g\u00e9n\u00e9rale","link":"https:\/\/labourdenne.fr\/index.php\/category\/information-generale\/"},"img":{"alt_text":"","src":"","width":0,"height":0},"classes":[]},{"id":1898,"url":"https:\/\/labourdenne.fr\/index.php\/2018\/04\/28\/repas-du-28-avril-2018-poulet-au-concombre-tarte-au-citron-et-neige-de-coco-de-lile-de-la-reunion\/","url_meta":{"origin":4090,"position":1},"title":"REPAS DU 28 AVRIL 2018 POULET AU CONCOMBRE  TARTE AU CITRON ET NEIGE DE COCO DE L&rsquo;ILE DE LA REUNION","author":"Corinne","date":"28 avril 2018","format":false,"excerpt":"Marie-Ange nous a invit\u00e9 \u00e0 d\u00e9couvrir un autre plat de l\u2019\u00cele de La R\u00e9union, le poulet au concombre.. Nous nous sommes donc retrouv\u00e9s \u00e0 la cantine de l'\u00e9cole pour la r\u00e9alisation de ce plat et d'un dessert, la tarte au citron et neige de coco. Les poulets furent d\u00e9coup\u00e9s en\u2026","rel":"","context":"Dans &quot;Section Cuisine&quot;","block_context":{"text":"Section Cuisine","link":"https:\/\/labourdenne.fr\/index.php\/category\/atelier-cuisine\/"},"img":{"alt_text":"","src":"https:\/\/i0.wp.com\/labourdenne.fr\/wp-content\/uploads\/2018\/05\/28.04.18-1.jpg?resize=350%2C200","width":350,"height":200,"srcset":"https:\/\/i0.wp.com\/labourdenne.fr\/wp-content\/uploads\/2018\/05\/28.04.18-1.jpg?resize=350%2C200 1x, https:\/\/i0.wp.com\/labourdenne.fr\/wp-content\/uploads\/2018\/05\/28.04.18-1.jpg?resize=525%2C300 1.5x, https:\/\/i0.wp.com\/labourdenne.fr\/wp-content\/uploads\/2018\/05\/28.04.18-1.jpg?resize=700%2C400 2x, https:\/\/i0.wp.com\/labourdenne.fr\/wp-content\/uploads\/2018\/05\/28.04.18-1.jpg?resize=1050%2C600 3x, https:\/\/i0.wp.com\/labourdenne.fr\/wp-content\/uploads\/2018\/05\/28.04.18-1.jpg?resize=1400%2C800 4x"},"classes":[]},{"id":4080,"url":"https:\/\/labourdenne.fr\/index.php\/2025\/01\/11\/atelier-cuisine-du-11-janvier-2025-la-poutine-canada\/","url_meta":{"origin":4090,"position":2},"title":"Atelier cuisine du 11 janvier 2025 : La Poutine (Canada)","author":"Dani\u00e8le","date":"11 janvier 2025","format":false,"excerpt":"Pour ce premier repas de l\u2019ann\u00e9e 2025, les Marmitons sont partis en voyage vers le grand froid canadien.","rel":"","context":"Dans &quot;Section Cuisine&quot;","block_context":{"text":"Section Cuisine","link":"https:\/\/labourdenne.fr\/index.php\/category\/atelier-cuisine\/"},"img":{"alt_text":"","src":"","width":0,"height":0},"classes":[]},{"id":3677,"url":"https:\/\/labourdenne.fr\/index.php\/2023\/03\/04\/cari-poulet-et-tarte-creole-aux-pommes-et-lait-de-coco\/","url_meta":{"origin":4090,"position":3},"title":"Cari poulet et tarte cr\u00e9ole aux pommes et lait de coco","author":"Dani\u00e8le","date":"4 mars 2023","format":false,"excerpt":"Ce samedi 4 Mars, pour nous r\u00e9chauffer un peu en ces temps frisquets, Marie Ange et G\u00e9rard ont emmen\u00e9 les Marmitons en voyage culinaire \u00e0 La R\u00e9union. Toujours contents de pleurer en choeur en \u00e9pluchant les oignons, d\u2019impr\u00e9gner leurs doigts du douxparfum de l\u2019ail, de d\u00e9couper, ciseler, frire, p\u00e9trir, mijoter,\u2026","rel":"","context":"Dans &quot;Section Cuisine&quot;","block_context":{"text":"Section Cuisine","link":"https:\/\/labourdenne.fr\/index.php\/category\/atelier-cuisine\/"},"img":{"alt_text":"","src":"","width":0,"height":0},"classes":[]},{"id":4093,"url":"https:\/\/labourdenne.fr\/index.php\/2025\/02\/27\/inscriptions-au-repas-de-mars\/","url_meta":{"origin":4090,"position":4},"title":"Inscriptions au repas de mars","author":"Corinne","date":"27 f\u00e9vrier 2025","format":false,"excerpt":"Annonce du prochain repas du 15 mars 2025. Repas m\u00e9di\u00e9vial du XIV\u00e8me si\u00e8cle. Rdv \u00e0 17 h \u00e0 l'espace Sagette.","rel":"","context":"Dans &quot;Section Cuisine&quot;","block_context":{"text":"Section Cuisine","link":"https:\/\/labourdenne.fr\/index.php\/category\/atelier-cuisine\/"},"img":{"alt_text":"","src":"","width":0,"height":0},"classes":[]},{"id":548,"url":"https:\/\/labourdenne.fr\/index.php\/2016\/05\/21\/repas-au-village-du-21-mai-2016\/","url_meta":{"origin":4090,"position":5},"title":"REPAS AU VILLAGE DU 21 MAI 2016","author":"B\u00e9n\u00e9dicte Charpantier","date":"21 mai 2016","format":false,"excerpt":"nbsp; Nous avons accueilli avec plaisir pr\u00e8s de 150 personnes pour la soir\u00e9e du village, le 21 mai. Apr\u00e8s un ap\u00e9ritif offert par la municipalit\u00e9, nos h\u00f4tes se sont install\u00e9s autour de tables color\u00e9es, certains\u00a0ont m\u00eame \u00e9t\u00e9 toute la soir\u00e9e caress\u00e9s par de longues feuilles de bambou...ambiance asiatique ! Au\u2026","rel":"","context":"Dans &quot;Section Cuisine&quot;","block_context":{"text":"Section Cuisine","link":"https:\/\/labourdenne.fr\/index.php\/category\/atelier-cuisine\/"},"img":{"alt_text":"","src":"https:\/\/i0.wp.com\/labourdenne.fr\/wp-content\/uploads\/2016\/06\/1.jpg?resize=350%2C200","width":350,"height":200,"srcset":"https:\/\/i0.wp.com\/labourdenne.fr\/wp-content\/uploads\/2016\/06\/1.jpg?resize=350%2C200 1x, https:\/\/i0.wp.com\/labourdenne.fr\/wp-content\/uploads\/2016\/06\/1.jpg?resize=525%2C300 1.5x, https:\/\/i0.wp.com\/labourdenne.fr\/wp-content\/uploads\/2016\/06\/1.jpg?resize=700%2C400 2x"},"classes":[]}],"_links":{"self":[{"href":"https:\/\/labourdenne.fr\/index.php\/wp-json\/wp\/v2\/posts\/4090","targetHints":{"allow":["GET"]}}],"collection":[{"href":"https:\/\/labourdenne.fr\/index.php\/wp-json\/wp\/v2\/posts"}],"about":[{"href":"https:\/\/labourdenne.fr\/index.php\/wp-json\/wp\/v2\/types\/post"}],"author":[{"embeddable":true,"href":"https:\/\/labourdenne.fr\/index.php\/wp-json\/wp\/v2\/users\/9"}],"replies":[{"embeddable":true,"href":"https:\/\/labourdenne.fr\/index.php\/wp-json\/wp\/v2\/comments?post=4090"}],"version-history":[{"count":2,"href":"https:\/\/labourdenne.fr\/index.php\/wp-json\/wp\/v2\/posts\/4090\/revisions"}],"predecessor-version":[{"id":4092,"href":"https:\/\/labourdenne.fr\/index.php\/wp-json\/wp\/v2\/posts\/4090\/revisions\/4092"}],"wp:attachment":[{"href":"https:\/\/labourdenne.fr\/index.php\/wp-json\/wp\/v2\/media?parent=4090"}],"wp:term":[{"taxonomy":"category","embeddable":true,"href":"https:\/\/labourdenne.fr\/index.php\/wp-json\/wp\/v2\/categories?post=4090"},{"taxonomy":"post_tag","embeddable":true,"href":"https:\/\/labourdenne.fr\/index.php\/wp-json\/wp\/v2\/tags?post=4090"}],"curies":[{"name":"wp","href":"https:\/\/api.w.org\/{rel}","templated":true}]}}