{"id":4093,"date":"2025-02-27T19:32:57","date_gmt":"2025-02-27T18:32:57","guid":{"rendered":"https:\/\/labourdenne.fr\/?p=4093"},"modified":"2025-02-27T19:32:57","modified_gmt":"2025-02-27T18:32:57","slug":"inscriptions-au-repas-de-mars","status":"publish","type":"post","link":"https:\/\/labourdenne.fr\/index.php\/2025\/02\/27\/inscriptions-au-repas-de-mars\/","title":{"rendered":"Inscriptions au repas de mars"},"content":{"rendered":"\n<p>Bonjour les marmitons,<\/p>\n\n\n\n<p>L&rsquo;invitation aux ateliers de cuisine du monde est un peu particuli\u00e8re\u00a0 pour ce mois de mars. En effet,\u00a0 Aur\u00e9lie, Jessica et Sophie nous propose de r\u00e9aliser un <strong><u>REPAS MEDIEVAL DU XIV SIECLE<\/u><\/strong><\/p>\n\n\n\n<p>Laissez vous transporter dans les cuisines d&rsquo;antan et\u00a0 imaginez vous au moyen \u00e2ge pour un somptueux festin. Voici le menu \u00e0 r\u00e9aliser :<\/p>\n\n\n\n<p class=\"has-text-align-center\">TALMOUSE<\/p>\n\n\n\n<p class=\"has-text-align-center\">POREE BLANCHE<\/p>\n\n\n\n<p class=\"has-text-align-center\">AMBROISINE DE POULET<\/p>\n\n\n\n<p class=\"has-text-align-center\">POIRES AUX EPICES<\/p>\n\n\n\n<p class=\"has-text-align-center\">CLAIRET<\/p>\n\n\n\n<p>Munissez vous des ustensiles suivants : <\/p>\n\n\n\n<ul class=\"wp-block-list\">\n<li>couteau,<\/li>\n\n\n\n<li>planche \u00e0 d\u00e9couper,<\/li>\n\n\n\n<li>fouet manuel,<\/li>\n\n\n\n<li>petits moules en silicone,<\/li>\n\n\n\n<li>r\u00e2pe \u00e0 fromage<\/li>\n<\/ul>\n\n\n\n<p><u>RENDEZ VOUS LE <strong>SAMEDI 15 MARS<\/strong> PROCHAIN A <strong>17 H<\/strong> A L&rsquo;<strong>ESPACE SAGETTE<\/strong><\/u><\/p>\n\n\n\n<p>Je vous demande de bien vouloir me r\u00e9pondre avant le&nbsp;<strong>10 MARS DERNIER DELAI&nbsp;<\/strong>pour vos inscriptions.<\/p>\n\n\n\n<p>Vous pouvez vous inscrire au repas ou poser vos question via le formulaire sur la <a href=\"https:\/\/labourdenne.fr\/index.php\/atelier-cuisine\/\" data-type=\"page\" data-id=\"34\">page de la section Cuisine<\/a>.<\/p>\n\n\n\n<p>Bonne journ\u00e9e \u00e0 tous et bonnes vacances aux chanceux.<\/p>\n","protected":false},"excerpt":{"rendered":"<p>Annonce du prochain repas du 15 mars 2025. Repas m\u00e9di\u00e9vial du XIV\u00e8me si\u00e8cle. Rdv \u00e0 17 h \u00e0 l&rsquo;espace Sagette.<\/p>\n","protected":false},"author":2,"featured_media":0,"comment_status":"closed","ping_status":"open","sticky":false,"template":"","format":"standard","meta":{"jetpack_post_was_ever_published":false,"_jetpack_newsletter_access":"","_jetpack_dont_email_post_to_subs":false,"_jetpack_newsletter_tier_id":0,"_jetpack_memberships_contains_paywalled_content":false,"_jetpack_memberships_contains_paid_content":false,"footnotes":"","jetpack_publicize_message":"","jetpack_publicize_feature_enabled":true,"jetpack_social_post_already_shared":true,"jetpack_social_options":{"image_generator_settings":{"template":"highway","default_image_id":0,"font":"","enabled":false},"version":2}},"categories":[9],"tags":[],"class_list":["post-4093","post","type-post","status-publish","format-standard","hentry","category-atelier-cuisine"],"jetpack_publicize_connections":[],"jetpack_featured_media_url":"","jetpack_sharing_enabled":true,"jetpack_shortlink":"https:\/\/wp.me\/p6WNWb-141","jetpack-related-posts":[{"id":4110,"url":"https:\/\/labourdenne.fr\/index.php\/2025\/03\/15\/repas-de-mars-repas-medieval\/","url_meta":{"origin":4093,"position":0},"title":"Repas de mars: repas m\u00e9di\u00e9val","author":"Dani\u00e8le","date":"15 mars 2025","format":false,"excerpt":"Un grand saut en arri\u00e8re dans le temps avec ce repas tr\u00e8s original, puisque Aur\u00e9lie, Jessica et Sophie nous ont propos\u00e9 un repas m\u00e9di\u00e9val.Dont le menu, aux noms tr\u00e8s \u00ab color\u00e9s \u00bb , \u00e9tait : Talmouse et Por\u00e9e blanche Ambroisine de poulet Poires aux \u00e9pices Sans oublier le Clairet, boisson\u2026","rel":"","context":"Dans &quot;Section Cuisine&quot;","block_context":{"text":"Section Cuisine","link":"https:\/\/labourdenne.fr\/index.php\/category\/atelier-cuisine\/"},"img":{"alt_text":"","src":"https:\/\/i0.wp.com\/labourdenne.fr\/wp-content\/uploads\/2025\/03\/20250315_184903.jpg?resize=350%2C200&ssl=1","width":350,"height":200,"srcset":"https:\/\/i0.wp.com\/labourdenne.fr\/wp-content\/uploads\/2025\/03\/20250315_184903.jpg?resize=350%2C200&ssl=1 1x, https:\/\/i0.wp.com\/labourdenne.fr\/wp-content\/uploads\/2025\/03\/20250315_184903.jpg?resize=525%2C300&ssl=1 1.5x, https:\/\/i0.wp.com\/labourdenne.fr\/wp-content\/uploads\/2025\/03\/20250315_184903.jpg?resize=700%2C400&ssl=1 2x, https:\/\/i0.wp.com\/labourdenne.fr\/wp-content\/uploads\/2025\/03\/20250315_184903.jpg?resize=1050%2C600&ssl=1 3x, https:\/\/i0.wp.com\/labourdenne.fr\/wp-content\/uploads\/2025\/03\/20250315_184903.jpg?resize=1400%2C800&ssl=1 4x"},"classes":[]},{"id":429,"url":"https:\/\/labourdenne.fr\/index.php\/2016\/03\/19\/atelier-cuisine-du-19-mars-2016\/","url_meta":{"origin":4093,"position":1},"title":"ATELIER CUISINE DU 19 MARS 2016: REPAS TEST","author":"Corinne","date":"19 mars 2016","format":false,"excerpt":"Les marmitons se sont r\u00e9unis le 19 mars pour une r\u00e9p\u00e9tition g\u00e9n\u00e9rale du repas qui sera propos\u00e9 \u00e0 tous nos amis du village au mois de mai. Nous avons donc travaill\u00e9 dans des conditions similaires au futur repas du 21 mai pour r\u00e9aliser l'entr\u00e9e, le plat et le dessert du\u2026","rel":"","context":"Dans &quot;Section Cuisine&quot;","block_context":{"text":"Section Cuisine","link":"https:\/\/labourdenne.fr\/index.php\/category\/atelier-cuisine\/"},"img":{"alt_text":"","src":"https:\/\/i0.wp.com\/labourdenne.fr\/wp-content\/uploads\/2016\/03\/19.03.16-8.jpg?resize=350%2C200","width":350,"height":200,"srcset":"https:\/\/i0.wp.com\/labourdenne.fr\/wp-content\/uploads\/2016\/03\/19.03.16-8.jpg?resize=350%2C200 1x, https:\/\/i0.wp.com\/labourdenne.fr\/wp-content\/uploads\/2016\/03\/19.03.16-8.jpg?resize=525%2C300 1.5x, https:\/\/i0.wp.com\/labourdenne.fr\/wp-content\/uploads\/2016\/03\/19.03.16-8.jpg?resize=700%2C400 2x"},"classes":[]},{"id":1805,"url":"https:\/\/labourdenne.fr\/index.php\/2018\/03\/24\/repas-du-24-mars-2018-bourekakia-me-kota-et-manitaria-recettes-grecques\/","url_meta":{"origin":4093,"position":2},"title":"REPAS DU 24 MARS 2018 BOUREKAKIA ME KOTA , MANITARIA ET BOSTOCK RECETTES GRECQUES","author":"Corinne","date":"24 mars 2018","format":false,"excerpt":"Voici les marmitons partis en Gr\u00e8ce pour ce repas du mois de mars....L'atelier cuisine s'est d\u00e9roul\u00e9 \u00e0 la cantine de l'\u00e9cole. Nous avons r\u00e9alis\u00e9 des feuillet\u00e9s de poulet en rouleaux Bourekakia me kota et des champignons \u00e0 la grecque Manitaria. Annick avait propos\u00e9 un dessert Bostock r\u00e9alis\u00e9 par les enfants\u2026","rel":"","context":"Dans &quot;Section Cuisine&quot;","block_context":{"text":"Section Cuisine","link":"https:\/\/labourdenne.fr\/index.php\/category\/atelier-cuisine\/"},"img":{"alt_text":"","src":"https:\/\/i0.wp.com\/labourdenne.fr\/wp-content\/uploads\/2018\/04\/24.03.18-14.jpg?resize=350%2C200","width":350,"height":200,"srcset":"https:\/\/i0.wp.com\/labourdenne.fr\/wp-content\/uploads\/2018\/04\/24.03.18-14.jpg?resize=350%2C200 1x, https:\/\/i0.wp.com\/labourdenne.fr\/wp-content\/uploads\/2018\/04\/24.03.18-14.jpg?resize=525%2C300 1.5x, https:\/\/i0.wp.com\/labourdenne.fr\/wp-content\/uploads\/2018\/04\/24.03.18-14.jpg?resize=700%2C400 2x, https:\/\/i0.wp.com\/labourdenne.fr\/wp-content\/uploads\/2018\/04\/24.03.18-14.jpg?resize=1050%2C600 3x, https:\/\/i0.wp.com\/labourdenne.fr\/wp-content\/uploads\/2018\/04\/24.03.18-14.jpg?resize=1400%2C800 4x"},"classes":[]},{"id":3852,"url":"https:\/\/labourdenne.fr\/index.php\/2024\/03\/02\/samedi-16-mars-2024-repas-au-village-pour-feter-les-10-ans-de-la-section-cuisine\/","url_meta":{"origin":4093,"position":3},"title":"Samedi 16 mars 2024 : Repas au village pour f\u00eater les 10 ans de la section cuisine","author":"Vincent","date":"2 mars 2024","format":false,"excerpt":"Pour f\u00eater les 10 ans de la section cuisine, les marmitons vous invitent \u00e0 un repas au village (adultes: 15 euros, enfants jusqu'\u00e0 10 ans: 10 euros)","rel":"","context":"Dans &quot;Information g\u00e9n\u00e9rale&quot;","block_context":{"text":"Information g\u00e9n\u00e9rale","link":"https:\/\/labourdenne.fr\/index.php\/category\/information-generale\/"},"img":{"alt_text":"","src":"","width":0,"height":0},"classes":[]},{"id":2797,"url":"https:\/\/labourdenne.fr\/index.php\/2019\/12\/21\/repas-de-noel-de-la-bourdenne\/","url_meta":{"origin":4093,"position":4},"title":"REPAS DE NOEL DE LA BOURDENNE","author":"Corinne","date":"21 d\u00e9cembre 2019","format":false,"excerpt":"Le samedi 21 d\u00e9cembre les marmitons ont organis\u00e9 le repas de No\u00ebl pour les membres de l'association. Nous nous sommes donc retrouv\u00e9s \u00e0 14 h \u00e0 l'Espace Sagette pour mettre en oeuvre ces ateliers de cuisine. Certains d'entre nous ont \u00e9migr\u00e9 \u00e0 la cantine pour r\u00e9aliser le plat Russe de\u2026","rel":"","context":"Dans &quot;Section Cuisine&quot;","block_context":{"text":"Section Cuisine","link":"https:\/\/labourdenne.fr\/index.php\/category\/atelier-cuisine\/"},"img":{"alt_text":"","src":"https:\/\/i0.wp.com\/labourdenne.fr\/wp-content\/uploads\/2020\/03\/21.12.19-8.jpg?resize=350%2C200&ssl=1","width":350,"height":200,"srcset":"https:\/\/i0.wp.com\/labourdenne.fr\/wp-content\/uploads\/2020\/03\/21.12.19-8.jpg?resize=350%2C200&ssl=1 1x, https:\/\/i0.wp.com\/labourdenne.fr\/wp-content\/uploads\/2020\/03\/21.12.19-8.jpg?resize=525%2C300&ssl=1 1.5x, https:\/\/i0.wp.com\/labourdenne.fr\/wp-content\/uploads\/2020\/03\/21.12.19-8.jpg?resize=700%2C400&ssl=1 2x, https:\/\/i0.wp.com\/labourdenne.fr\/wp-content\/uploads\/2020\/03\/21.12.19-8.jpg?resize=1050%2C600&ssl=1 3x, https:\/\/i0.wp.com\/labourdenne.fr\/wp-content\/uploads\/2020\/03\/21.12.19-8.jpg?resize=1400%2C800&ssl=1 4x"},"classes":[]},{"id":4082,"url":"https:\/\/labourdenne.fr\/index.php\/2025\/02\/10\/invitation-pour-le-prochain-repas-de-fevrier\/","url_meta":{"origin":4093,"position":5},"title":"Invitation pour le prochain repas de f\u00e9vrier","author":"Corinne","date":"10 f\u00e9vrier 2025","format":false,"excerpt":"Bonjour les marmitons, Je suis tr\u00e8s en retard pour vous inviter \u00e0 notre prochain atelier de cuisine du 15 f\u00e9vrier prochain. Marie-Ange nous propose de r\u00e9aliser un poulet cacao et une tarte aux pommes de\u00a0l'Ile de la R\u00e9union. L'atelier d\u00e9butera \u00e0 16h30 \u00e0 l'Espace Sagette. Les ustensiles \u00e0 amener en\u2026","rel":"","context":"Dans &quot;Information g\u00e9n\u00e9rale&quot;","block_context":{"text":"Information g\u00e9n\u00e9rale","link":"https:\/\/labourdenne.fr\/index.php\/category\/information-generale\/"},"img":{"alt_text":"","src":"","width":0,"height":0},"classes":[]}],"_links":{"self":[{"href":"https:\/\/labourdenne.fr\/index.php\/wp-json\/wp\/v2\/posts\/4093","targetHints":{"allow":["GET"]}}],"collection":[{"href":"https:\/\/labourdenne.fr\/index.php\/wp-json\/wp\/v2\/posts"}],"about":[{"href":"https:\/\/labourdenne.fr\/index.php\/wp-json\/wp\/v2\/types\/post"}],"author":[{"embeddable":true,"href":"https:\/\/labourdenne.fr\/index.php\/wp-json\/wp\/v2\/users\/2"}],"replies":[{"embeddable":true,"href":"https:\/\/labourdenne.fr\/index.php\/wp-json\/wp\/v2\/comments?post=4093"}],"version-history":[{"count":1,"href":"https:\/\/labourdenne.fr\/index.php\/wp-json\/wp\/v2\/posts\/4093\/revisions"}],"predecessor-version":[{"id":4094,"href":"https:\/\/labourdenne.fr\/index.php\/wp-json\/wp\/v2\/posts\/4093\/revisions\/4094"}],"wp:attachment":[{"href":"https:\/\/labourdenne.fr\/index.php\/wp-json\/wp\/v2\/media?parent=4093"}],"wp:term":[{"taxonomy":"category","embeddable":true,"href":"https:\/\/labourdenne.fr\/index.php\/wp-json\/wp\/v2\/categories?post=4093"},{"taxonomy":"post_tag","embeddable":true,"href":"https:\/\/labourdenne.fr\/index.php\/wp-json\/wp\/v2\/tags?post=4093"}],"curies":[{"name":"wp","href":"https:\/\/api.w.org\/{rel}","templated":true}]}}