{"id":4207,"date":"2025-05-14T14:23:04","date_gmt":"2025-05-14T13:23:04","guid":{"rendered":"https:\/\/labourdenne.fr\/?p=4207"},"modified":"2025-05-14T16:04:57","modified_gmt":"2025-05-14T15:04:57","slug":"nouvelles-fraiches-des-jardins-de-castede","status":"publish","type":"post","link":"https:\/\/labourdenne.fr\/index.php\/2025\/05\/14\/nouvelles-fraiches-des-jardins-de-castede\/","title":{"rendered":"Nouvelles fra\u00eeches des Jardins de Cast\u00e8de"},"content":{"rendered":"\n<p>Depuis plusieurs mois maintenant, les Jardins de Cast\u00e8de bourgeonnent d\u2019\u00e9nergie, de projets collectifs et de bonnes volont\u00e9s ! Ce jardin partag\u00e9, n\u00e9 d\u2019une belle dynamique citoyenne en 2024, poursuit son aventure sur les terres de Buzy \u00e0 proximit\u00e9 de la voie verte avec toujours plus d\u2019enthousiasme.<\/p>\n\n\n\n<h2 class=\"wp-block-heading\"><strong>Les mains \u00e0 la terre<\/strong><\/h2>\n\n\n\n<p>Ces derniers mois ont \u00e9t\u00e9 rythm\u00e9s par plusieurs chantiers participatifs. Ensemble, les jardiniers ont \u00e9tal\u00e9 de la laine pour pr\u00e9parer la terre, transport\u00e9 des pierres pour fa\u00e7onner les abords de la mare, d\u00e9broussaill\u00e9 les ronces (un \u00e9ternel recommencement !), \u00e9baucher les premi\u00e8res parcelles communes. Ils ont \u00e9galement plant\u00e9 de jeunes framboisiers et cassissiers. Une vraie fourmili\u00e8re !<\/p>\n\n\n\n<p>Un dimanche de mars, malgr\u00e9 un temps frisquet, une dizaine de b\u00e9n\u00e9voles motiv\u00e9s ont r\u00e9pondu pr\u00e9sents. L\u2019\u00e9nergie collective s\u2019est m\u00eame prolong\u00e9e autour d\u2019un repas partag\u00e9 fa\u00e7on \u201cauberge espagnole\u201d : tarte maison, fromage, pain au levain, k\u00e9fir\u2026 de quoi nourrir les corps apr\u00e8s avoir nourri la terre.<\/p>\n\n\n\n<h2 class=\"wp-block-heading\"><strong>Des outils, de la paille et des projets<\/strong><\/h2>\n\n\n\n<p>Soutenue financi\u00e8rement par la mairie, la section jardin a pu s&rsquo;\u00e9quiper : brouettes, b\u00eaches, s\u00e9cateurs\u2026 tout est l\u00e0 pour mieux cultiver. Plusieurs bigbags de paille ont aussi \u00e9t\u00e9 r\u00e9cup\u00e9r\u00e9s (avec des voitures bien remplies !), pour pailler les fruitiers et pr\u00e9parer les futures cultures de courges et pommes de terre. Des couches de carton, d\u2019herbe coup\u00e9e et de broyat viennent compl\u00e9ter cette d\u00e9marche de jardinage durable.<\/p>\n\n\n\n<h2 class=\"wp-block-heading\"><strong>Le jardin en fleurs<\/strong><\/h2>\n\n\n\n<p>Au fil des semaines, la v\u00e9g\u00e9tation explose : les fruitiers se parent de fleurs, l\u2019herbe pousse vaillamment (peut-\u00eatre un peu trop !). L\u2019activit\u00e9 ne manque donc pas : plantation, d\u00e9sherbage, entretien\u2026 et bien s\u00fbr, petit \u00e0 petit transmission des savoirs dans une ambiance joyeuse et bienveillante.<\/p>\n\n\n\n<h2 class=\"wp-block-heading\"><strong>Et apr\u00e8s ?<\/strong><\/h2>\n\n\n\n<p>L\u2019\u00e9t\u00e9 s\u2019annonce fertile. Les prochaines semaines seront consacr\u00e9es \u00e0 l\u2019entretien des cultures, aux premi\u00e8res r\u00e9coltes (on l\u2019esp\u00e8re !) et \u00e0 l\u2019accueil de nouveaux volontaires (on l&rsquo;esp\u00e8re aussi !). Les portes sont grandes ouvertes \u00e0 tous ceux qui souhaitent mettre les mains dans la terre, construire avec nous ce bel espace de vie ou partager simplement un moment convivial.<\/p>\n\n\n\n<p>\u00c0 tr\u00e8s bient\u00f4t aux Jardins de Cast\u00e8de !<\/p>\n\n\n\n<div class=\"wp-block-jetpack-slideshow aligncenter\" data-autoplay=\"true\" data-delay=\"4\" data-effect=\"slide\"><div class=\"wp-block-jetpack-slideshow_container swiper-container\"><ul class=\"wp-block-jetpack-slideshow_swiper-wrapper swiper-wrapper\"><li class=\"wp-block-jetpack-slideshow_slide swiper-slide\"><figure><img data-recalc-dims=\"1\" loading=\"lazy\" decoding=\"async\" width=\"646\" height=\"363\" alt=\"\" class=\"wp-block-jetpack-slideshow_image wp-image-4217\" data-id=\"4217\" src=\"https:\/\/i0.wp.com\/labourdenne.fr\/wp-content\/uploads\/2025\/05\/2025-05-12-fauchage.jpeg?resize=646%2C363&#038;ssl=1\" srcset=\"https:\/\/i0.wp.com\/labourdenne.fr\/wp-content\/uploads\/2025\/05\/2025-05-12-fauchage.jpeg?w=1600&amp;ssl=1 1600w, https:\/\/i0.wp.com\/labourdenne.fr\/wp-content\/uploads\/2025\/05\/2025-05-12-fauchage.jpeg?resize=300%2C169&amp;ssl=1 300w, https:\/\/i0.wp.com\/labourdenne.fr\/wp-content\/uploads\/2025\/05\/2025-05-12-fauchage.jpeg?resize=1024%2C576&amp;ssl=1 1024w, https:\/\/i0.wp.com\/labourdenne.fr\/wp-content\/uploads\/2025\/05\/2025-05-12-fauchage.jpeg?resize=1536%2C864&amp;ssl=1 1536w, https:\/\/i0.wp.com\/labourdenne.fr\/wp-content\/uploads\/2025\/05\/2025-05-12-fauchage.jpeg?resize=770%2C433&amp;ssl=1 770w, https:\/\/i0.wp.com\/labourdenne.fr\/wp-content\/uploads\/2025\/05\/2025-05-12-fauchage.jpeg?w=1292&amp;ssl=1 1292w\" sizes=\"(max-width: 646px) 100vw, 646px\" \/><\/figure><\/li><li class=\"wp-block-jetpack-slideshow_slide swiper-slide\"><figure><img data-recalc-dims=\"1\" loading=\"lazy\" decoding=\"async\" width=\"646\" height=\"363\" alt=\"\" class=\"wp-block-jetpack-slideshow_image wp-image-4214\" data-id=\"4214\" src=\"https:\/\/i0.wp.com\/labourdenne.fr\/wp-content\/uploads\/2025\/05\/2025-04-23-nenuphare.jpeg?resize=646%2C363&#038;ssl=1\" srcset=\"https:\/\/i0.wp.com\/labourdenne.fr\/wp-content\/uploads\/2025\/05\/2025-04-23-nenuphare.jpeg?w=1600&amp;ssl=1 1600w, https:\/\/i0.wp.com\/labourdenne.fr\/wp-content\/uploads\/2025\/05\/2025-04-23-nenuphare.jpeg?resize=300%2C169&amp;ssl=1 300w, https:\/\/i0.wp.com\/labourdenne.fr\/wp-content\/uploads\/2025\/05\/2025-04-23-nenuphare.jpeg?resize=1024%2C576&amp;ssl=1 1024w, https:\/\/i0.wp.com\/labourdenne.fr\/wp-content\/uploads\/2025\/05\/2025-04-23-nenuphare.jpeg?resize=1536%2C864&amp;ssl=1 1536w, https:\/\/i0.wp.com\/labourdenne.fr\/wp-content\/uploads\/2025\/05\/2025-04-23-nenuphare.jpeg?resize=770%2C433&amp;ssl=1 770w, https:\/\/i0.wp.com\/labourdenne.fr\/wp-content\/uploads\/2025\/05\/2025-04-23-nenuphare.jpeg?w=1292&amp;ssl=1 1292w\" sizes=\"(max-width: 646px) 100vw, 646px\" \/><\/figure><\/li><li class=\"wp-block-jetpack-slideshow_slide swiper-slide\"><figure><img data-recalc-dims=\"1\" loading=\"lazy\" decoding=\"async\" width=\"646\" height=\"1148\" alt=\"\" class=\"wp-block-jetpack-slideshow_image wp-image-4215\" data-id=\"4215\" src=\"https:\/\/i0.wp.com\/labourdenne.fr\/wp-content\/uploads\/2025\/05\/2025-04-23-pommier.jpeg?resize=646%2C1148&#038;ssl=1\" srcset=\"https:\/\/i0.wp.com\/labourdenne.fr\/wp-content\/uploads\/2025\/05\/2025-04-23-pommier.jpeg?w=900&amp;ssl=1 900w, https:\/\/i0.wp.com\/labourdenne.fr\/wp-content\/uploads\/2025\/05\/2025-04-23-pommier.jpeg?resize=169%2C300&amp;ssl=1 169w, https:\/\/i0.wp.com\/labourdenne.fr\/wp-content\/uploads\/2025\/05\/2025-04-23-pommier.jpeg?resize=576%2C1024&amp;ssl=1 576w, https:\/\/i0.wp.com\/labourdenne.fr\/wp-content\/uploads\/2025\/05\/2025-04-23-pommier.jpeg?resize=864%2C1536&amp;ssl=1 864w, https:\/\/i0.wp.com\/labourdenne.fr\/wp-content\/uploads\/2025\/05\/2025-04-23-pommier.jpeg?resize=562%2C999&amp;ssl=1 562w\" sizes=\"(max-width: 646px) 100vw, 646px\" \/><\/figure><\/li><li class=\"wp-block-jetpack-slideshow_slide swiper-slide\"><figure><img data-recalc-dims=\"1\" loading=\"lazy\" decoding=\"async\" width=\"253\" height=\"562\" alt=\"\" class=\"wp-block-jetpack-slideshow_image wp-image-4209\" data-id=\"4209\" src=\"https:\/\/i0.wp.com\/labourdenne.fr\/wp-content\/uploads\/2025\/05\/2025-04-07-refuge_a_insectes-2.jpeg?resize=253%2C562&#038;ssl=1\" srcset=\"https:\/\/i0.wp.com\/labourdenne.fr\/wp-content\/uploads\/2025\/05\/2025-04-07-refuge_a_insectes-2.jpeg?w=253&amp;ssl=1 253w, https:\/\/i0.wp.com\/labourdenne.fr\/wp-content\/uploads\/2025\/05\/2025-04-07-refuge_a_insectes-2.jpeg?resize=135%2C300&amp;ssl=1 135w\" sizes=\"(max-width: 253px) 100vw, 253px\" \/><\/figure><\/li><li class=\"wp-block-jetpack-slideshow_slide swiper-slide\"><figure><img data-recalc-dims=\"1\" loading=\"lazy\" decoding=\"async\" width=\"253\" height=\"562\" alt=\"\" class=\"wp-block-jetpack-slideshow_image wp-image-4212\" data-id=\"4212\" src=\"https:\/\/i0.wp.com\/labourdenne.fr\/wp-content\/uploads\/2025\/05\/2025-04-07-refuge_a_insectes-3.jpeg?resize=253%2C562&#038;ssl=1\" srcset=\"https:\/\/i0.wp.com\/labourdenne.fr\/wp-content\/uploads\/2025\/05\/2025-04-07-refuge_a_insectes-3.jpeg?w=253&amp;ssl=1 253w, https:\/\/i0.wp.com\/labourdenne.fr\/wp-content\/uploads\/2025\/05\/2025-04-07-refuge_a_insectes-3.jpeg?resize=135%2C300&amp;ssl=1 135w\" sizes=\"(max-width: 253px) 100vw, 253px\" \/><\/figure><\/li><li class=\"wp-block-jetpack-slideshow_slide swiper-slide\"><figure><img data-recalc-dims=\"1\" loading=\"lazy\" decoding=\"async\" width=\"646\" height=\"291\" alt=\"\" class=\"wp-block-jetpack-slideshow_image wp-image-4210\" data-id=\"4210\" src=\"https:\/\/i0.wp.com\/labourdenne.fr\/wp-content\/uploads\/2025\/05\/2025-04-07-refuge_a_insectes.jpeg?resize=646%2C291&#038;ssl=1\" srcset=\"https:\/\/i0.wp.com\/labourdenne.fr\/wp-content\/uploads\/2025\/05\/2025-04-07-refuge_a_insectes.jpeg?w=798&amp;ssl=1 798w, https:\/\/i0.wp.com\/labourdenne.fr\/wp-content\/uploads\/2025\/05\/2025-04-07-refuge_a_insectes.jpeg?resize=300%2C135&amp;ssl=1 300w, https:\/\/i0.wp.com\/labourdenne.fr\/wp-content\/uploads\/2025\/05\/2025-04-07-refuge_a_insectes.jpeg?resize=770%2C346&amp;ssl=1 770w\" sizes=\"(max-width: 646px) 100vw, 646px\" \/><\/figure><\/li><li class=\"wp-block-jetpack-slideshow_slide swiper-slide\"><figure><img data-recalc-dims=\"1\" loading=\"lazy\" decoding=\"async\" width=\"646\" height=\"861\" alt=\"\" class=\"wp-block-jetpack-slideshow_image wp-image-4216\" data-id=\"4216\" src=\"https:\/\/i0.wp.com\/labourdenne.fr\/wp-content\/uploads\/2025\/05\/2025-03-17-nenuphare.jpeg?resize=646%2C861&#038;ssl=1\" srcset=\"https:\/\/i0.wp.com\/labourdenne.fr\/wp-content\/uploads\/2025\/05\/2025-03-17-nenuphare.jpeg?w=1200&amp;ssl=1 1200w, https:\/\/i0.wp.com\/labourdenne.fr\/wp-content\/uploads\/2025\/05\/2025-03-17-nenuphare.jpeg?resize=225%2C300&amp;ssl=1 225w, https:\/\/i0.wp.com\/labourdenne.fr\/wp-content\/uploads\/2025\/05\/2025-03-17-nenuphare.jpeg?resize=768%2C1024&amp;ssl=1 768w, https:\/\/i0.wp.com\/labourdenne.fr\/wp-content\/uploads\/2025\/05\/2025-03-17-nenuphare.jpeg?resize=1152%2C1536&amp;ssl=1 1152w, https:\/\/i0.wp.com\/labourdenne.fr\/wp-content\/uploads\/2025\/05\/2025-03-17-nenuphare.jpeg?resize=749%2C999&amp;ssl=1 749w\" sizes=\"(max-width: 646px) 100vw, 646px\" \/><\/figure><\/li><li class=\"wp-block-jetpack-slideshow_slide swiper-slide\"><figure><img data-recalc-dims=\"1\" loading=\"lazy\" decoding=\"async\" width=\"646\" height=\"861\" alt=\"\" class=\"wp-block-jetpack-slideshow_image wp-image-4219\" data-id=\"4219\" src=\"https:\/\/i0.wp.com\/labourdenne.fr\/wp-content\/uploads\/2025\/05\/2025-03-17-mare-iris.jpeg?resize=646%2C861&#038;ssl=1\" srcset=\"https:\/\/i0.wp.com\/labourdenne.fr\/wp-content\/uploads\/2025\/05\/2025-03-17-mare-iris.jpeg?w=1500&amp;ssl=1 1500w, https:\/\/i0.wp.com\/labourdenne.fr\/wp-content\/uploads\/2025\/05\/2025-03-17-mare-iris.jpeg?resize=225%2C300&amp;ssl=1 225w, https:\/\/i0.wp.com\/labourdenne.fr\/wp-content\/uploads\/2025\/05\/2025-03-17-mare-iris.jpeg?resize=768%2C1024&amp;ssl=1 768w, https:\/\/i0.wp.com\/labourdenne.fr\/wp-content\/uploads\/2025\/05\/2025-03-17-mare-iris.jpeg?resize=1152%2C1536&amp;ssl=1 1152w, https:\/\/i0.wp.com\/labourdenne.fr\/wp-content\/uploads\/2025\/05\/2025-03-17-mare-iris.jpeg?resize=749%2C999&amp;ssl=1 749w, https:\/\/i0.wp.com\/labourdenne.fr\/wp-content\/uploads\/2025\/05\/2025-03-17-mare-iris.jpeg?w=1292&amp;ssl=1 1292w\" sizes=\"(max-width: 646px) 100vw, 646px\" \/><\/figure><\/li><li class=\"wp-block-jetpack-slideshow_slide swiper-slide\"><figure><img data-recalc-dims=\"1\" loading=\"lazy\" decoding=\"async\" width=\"646\" height=\"485\" alt=\"\" class=\"wp-block-jetpack-slideshow_image wp-image-4220\" data-id=\"4220\" src=\"https:\/\/i0.wp.com\/labourdenne.fr\/wp-content\/uploads\/2025\/05\/WhatsApp-Image-2025-03-17-at-09.01.24-2.jpeg?resize=646%2C485&#038;ssl=1\" srcset=\"https:\/\/i0.wp.com\/labourdenne.fr\/wp-content\/uploads\/2025\/05\/WhatsApp-Image-2025-03-17-at-09.01.24-2.jpeg?resize=1024%2C768&amp;ssl=1 1024w, https:\/\/i0.wp.com\/labourdenne.fr\/wp-content\/uploads\/2025\/05\/WhatsApp-Image-2025-03-17-at-09.01.24-2.jpeg?resize=300%2C225&amp;ssl=1 300w, https:\/\/i0.wp.com\/labourdenne.fr\/wp-content\/uploads\/2025\/05\/WhatsApp-Image-2025-03-17-at-09.01.24-2.jpeg?resize=1536%2C1152&amp;ssl=1 1536w, https:\/\/i0.wp.com\/labourdenne.fr\/wp-content\/uploads\/2025\/05\/WhatsApp-Image-2025-03-17-at-09.01.24-2.jpeg?resize=770%2C578&amp;ssl=1 770w, https:\/\/i0.wp.com\/labourdenne.fr\/wp-content\/uploads\/2025\/05\/WhatsApp-Image-2025-03-17-at-09.01.24-2.jpeg?w=2000&amp;ssl=1 2000w, https:\/\/i0.wp.com\/labourdenne.fr\/wp-content\/uploads\/2025\/05\/WhatsApp-Image-2025-03-17-at-09.01.24-2.jpeg?w=1292&amp;ssl=1 1292w, https:\/\/i0.wp.com\/labourdenne.fr\/wp-content\/uploads\/2025\/05\/WhatsApp-Image-2025-03-17-at-09.01.24-2.jpeg?w=1938&amp;ssl=1 1938w\" sizes=\"(max-width: 646px) 100vw, 646px\" \/><\/figure><\/li><li class=\"wp-block-jetpack-slideshow_slide swiper-slide\"><figure><img data-recalc-dims=\"1\" loading=\"lazy\" decoding=\"async\" width=\"646\" height=\"485\" alt=\"\" class=\"wp-block-jetpack-slideshow_image wp-image-4221\" data-id=\"4221\" src=\"https:\/\/i0.wp.com\/labourdenne.fr\/wp-content\/uploads\/2025\/05\/WhatsApp-Image-2025-03-17-at-09.01.24.jpeg?resize=646%2C485&#038;ssl=1\" srcset=\"https:\/\/i0.wp.com\/labourdenne.fr\/wp-content\/uploads\/2025\/05\/WhatsApp-Image-2025-03-17-at-09.01.24.jpeg?resize=1024%2C768&amp;ssl=1 1024w, https:\/\/i0.wp.com\/labourdenne.fr\/wp-content\/uploads\/2025\/05\/WhatsApp-Image-2025-03-17-at-09.01.24.jpeg?resize=300%2C225&amp;ssl=1 300w, https:\/\/i0.wp.com\/labourdenne.fr\/wp-content\/uploads\/2025\/05\/WhatsApp-Image-2025-03-17-at-09.01.24.jpeg?resize=1536%2C1152&amp;ssl=1 1536w, https:\/\/i0.wp.com\/labourdenne.fr\/wp-content\/uploads\/2025\/05\/WhatsApp-Image-2025-03-17-at-09.01.24.jpeg?resize=770%2C578&amp;ssl=1 770w, https:\/\/i0.wp.com\/labourdenne.fr\/wp-content\/uploads\/2025\/05\/WhatsApp-Image-2025-03-17-at-09.01.24.jpeg?w=2000&amp;ssl=1 2000w, https:\/\/i0.wp.com\/labourdenne.fr\/wp-content\/uploads\/2025\/05\/WhatsApp-Image-2025-03-17-at-09.01.24.jpeg?w=1292&amp;ssl=1 1292w, https:\/\/i0.wp.com\/labourdenne.fr\/wp-content\/uploads\/2025\/05\/WhatsApp-Image-2025-03-17-at-09.01.24.jpeg?w=1938&amp;ssl=1 1938w\" sizes=\"(max-width: 646px) 100vw, 646px\" \/><\/figure><\/li><li class=\"wp-block-jetpack-slideshow_slide swiper-slide\"><figure><img data-recalc-dims=\"1\" loading=\"lazy\" decoding=\"async\" width=\"646\" height=\"363\" alt=\"\" class=\"wp-block-jetpack-slideshow_image wp-image-4213\" data-id=\"4213\" src=\"https:\/\/i0.wp.com\/labourdenne.fr\/wp-content\/uploads\/2025\/05\/WhatsApp-Image-2025-03-03.jpeg?resize=646%2C363&#038;ssl=1\" srcset=\"https:\/\/i0.wp.com\/labourdenne.fr\/wp-content\/uploads\/2025\/05\/WhatsApp-Image-2025-03-03.jpeg?w=1600&amp;ssl=1 1600w, https:\/\/i0.wp.com\/labourdenne.fr\/wp-content\/uploads\/2025\/05\/WhatsApp-Image-2025-03-03.jpeg?resize=300%2C169&amp;ssl=1 300w, https:\/\/i0.wp.com\/labourdenne.fr\/wp-content\/uploads\/2025\/05\/WhatsApp-Image-2025-03-03.jpeg?resize=1024%2C576&amp;ssl=1 1024w, https:\/\/i0.wp.com\/labourdenne.fr\/wp-content\/uploads\/2025\/05\/WhatsApp-Image-2025-03-03.jpeg?resize=1536%2C864&amp;ssl=1 1536w, https:\/\/i0.wp.com\/labourdenne.fr\/wp-content\/uploads\/2025\/05\/WhatsApp-Image-2025-03-03.jpeg?resize=770%2C433&amp;ssl=1 770w, https:\/\/i0.wp.com\/labourdenne.fr\/wp-content\/uploads\/2025\/05\/WhatsApp-Image-2025-03-03.jpeg?w=1292&amp;ssl=1 1292w\" sizes=\"(max-width: 646px) 100vw, 646px\" \/><\/figure><\/li><li class=\"wp-block-jetpack-slideshow_slide swiper-slide\"><figure><img data-recalc-dims=\"1\" loading=\"lazy\" decoding=\"async\" width=\"646\" height=\"363\" alt=\"\" class=\"wp-block-jetpack-slideshow_image wp-image-4218\" data-id=\"4218\" src=\"https:\/\/i0.wp.com\/labourdenne.fr\/wp-content\/uploads\/2025\/05\/WhatsApp-Image-2025-03-03-at-19.04.26.jpeg?resize=646%2C363&#038;ssl=1\" srcset=\"https:\/\/i0.wp.com\/labourdenne.fr\/wp-content\/uploads\/2025\/05\/WhatsApp-Image-2025-03-03-at-19.04.26.jpeg?w=1600&amp;ssl=1 1600w, https:\/\/i0.wp.com\/labourdenne.fr\/wp-content\/uploads\/2025\/05\/WhatsApp-Image-2025-03-03-at-19.04.26.jpeg?resize=300%2C169&amp;ssl=1 300w, https:\/\/i0.wp.com\/labourdenne.fr\/wp-content\/uploads\/2025\/05\/WhatsApp-Image-2025-03-03-at-19.04.26.jpeg?resize=1024%2C576&amp;ssl=1 1024w, https:\/\/i0.wp.com\/labourdenne.fr\/wp-content\/uploads\/2025\/05\/WhatsApp-Image-2025-03-03-at-19.04.26.jpeg?resize=1536%2C864&amp;ssl=1 1536w, https:\/\/i0.wp.com\/labourdenne.fr\/wp-content\/uploads\/2025\/05\/WhatsApp-Image-2025-03-03-at-19.04.26.jpeg?resize=770%2C433&amp;ssl=1 770w, https:\/\/i0.wp.com\/labourdenne.fr\/wp-content\/uploads\/2025\/05\/WhatsApp-Image-2025-03-03-at-19.04.26.jpeg?w=1292&amp;ssl=1 1292w\" sizes=\"(max-width: 646px) 100vw, 646px\" \/><\/figure><\/li><\/ul><a class=\"wp-block-jetpack-slideshow_button-prev swiper-button-prev swiper-button-white\" role=\"button\"><\/a><a class=\"wp-block-jetpack-slideshow_button-next swiper-button-next swiper-button-white\" role=\"button\"><\/a><a aria-label=\"Pause Slideshow\" class=\"wp-block-jetpack-slideshow_button-pause\" role=\"button\"><\/a><div class=\"wp-block-jetpack-slideshow_pagination swiper-pagination swiper-pagination-white\"><\/div><\/div><\/div>\n","protected":false},"excerpt":{"rendered":"<p>Les Jardins de Cast\u00e8de grandissent gr\u00e2ce \u00e0 l\u2019\u00e9nergie collective : plantations, chantiers participatifs et repas partag\u00e9s rythment les saisons. Paille, laine, pierres\u2026 tout est bon pour pr\u00e9parer la terre! Cet \u00e9t\u00e9, rejoignez-nous pour cultiver, \u00e9changer et faire grandir ce bel espace commun en construction.<\/p>\n","protected":false},"author":1,"featured_media":0,"comment_status":"open","ping_status":"open","sticky":false,"template":"","format":"standard","meta":{"jetpack_post_was_ever_published":false,"_jetpack_newsletter_access":"","_jetpack_dont_email_post_to_subs":false,"_jetpack_newsletter_tier_id":0,"_jetpack_memberships_contains_paywalled_content":false,"_jetpack_memberships_contains_paid_content":false,"footnotes":"","jetpack_publicize_message":"","jetpack_publicize_feature_enabled":true,"jetpack_social_post_already_shared":true,"jetpack_social_options":{"image_generator_settings":{"template":"highway","default_image_id":0,"font":"","enabled":false},"version":2}},"categories":[1],"tags":[],"class_list":["post-4207","post","type-post","status-publish","format-standard","hentry","category-non-classe"],"jetpack_publicize_connections":[],"jetpack_featured_media_url":"","jetpack_sharing_enabled":true,"jetpack_shortlink":"https:\/\/wp.me\/p6WNWb-15R","jetpack-related-posts":[{"id":3912,"url":"https:\/\/labourdenne.fr\/index.php\/2024\/03\/23\/jardins-et-vergers-partages-bilan-de-la-premiere-reunion\/","url_meta":{"origin":4207,"position":0},"title":"Jardins et vergers partag\u00e9s: Bilan de la premi\u00e8re r\u00e9union","author":"Vincent","date":"23 mars 2024","format":false,"excerpt":"Le 23 mars 2024, une r\u00e9union a eu lieu pour le projet de jardin partag\u00e9 de Buzy. Les participants ont r\u00e9fl\u00e9chi \u00e0 l'\u00e9laboration d'un plan pour le jardin et ont exprim\u00e9 leur volont\u00e9 de cr\u00e9er une dynamique locale. La prochaine r\u00e9union aura lieu le 6 avril pour d\u00e9couvrir le terrain\u2026","rel":"","context":"Dans &quot;Section Jardins Partag\u00e9s&quot;","block_context":{"text":"Section Jardins Partag\u00e9s","link":"https:\/\/labourdenne.fr\/index.php\/category\/section-jardins-partages\/"},"img":{"alt_text":"","src":"https:\/\/i0.wp.com\/labourdenne.fr\/wp-content\/uploads\/2024\/04\/jp-terrain-SW.jpg?resize=350%2C200","width":350,"height":200,"srcset":"https:\/\/i0.wp.com\/labourdenne.fr\/wp-content\/uploads\/2024\/04\/jp-terrain-SW.jpg?resize=350%2C200 1x, https:\/\/i0.wp.com\/labourdenne.fr\/wp-content\/uploads\/2024\/04\/jp-terrain-SW.jpg?resize=525%2C300 1.5x, https:\/\/i0.wp.com\/labourdenne.fr\/wp-content\/uploads\/2024\/04\/jp-terrain-SW.jpg?resize=700%2C400 2x, https:\/\/i0.wp.com\/labourdenne.fr\/wp-content\/uploads\/2024\/04\/jp-terrain-SW.jpg?resize=1050%2C600 3x"},"classes":[]},{"id":3878,"url":"https:\/\/labourdenne.fr\/index.php\/2024\/03\/11\/jardins-partages-reunion-publique-le-samedi-23-mars-a-1700-a-la-mairie-de-buzy\/","url_meta":{"origin":4207,"position":1},"title":"Jardins partag\u00e9s: R\u00e9union publique le samedi 23 mars \u00e0 17:00 \u00e0 la mairie de Buzy","author":"Vincent","date":"11 mars 2024","format":false,"excerpt":"Nous invitons toutes les personnes int\u00e9ress\u00e9es ou simplement curieuses \u00e0 une r\u00e9union publique qui se tiendra le samedi 23 mars 2024 \u00e0 17h \u00e0 la mairie (salle du conseil)","rel":"","context":"Dans &quot;Information g\u00e9n\u00e9rale&quot;","block_context":{"text":"Information g\u00e9n\u00e9rale","link":"https:\/\/labourdenne.fr\/index.php\/category\/information-generale\/"},"img":{"alt_text":"","src":"","width":0,"height":0},"classes":[]},{"id":1700,"url":"https:\/\/labourdenne.fr\/index.php\/2018\/02\/17\/repas-du-17-fevrier-2018-moussaka-a-la-bulgare-et-salami-au-chocolat-de-viktoria\/","url_meta":{"origin":4207,"position":2},"title":"REPAS DU 17 FEVRIER 2018 MOUSSAKA A LA BULGARE ET SALAMI AU CHOCOLAT DE VIKTORIA","author":"Corinne","date":"17 f\u00e9vrier 2018","format":false,"excerpt":"Nous voil\u00e0 r\u00e9unis de nouveau \u00e0 la cantine de l'\u00e9cole pour notre atelier de cuisine du mois de f\u00e9vrier. Ce mois-ci, Viktoria nous propose de r\u00e9aliser une moussaka mais pas avec des aubergines, non.... fa\u00e7on bulgare avec des pommes de terre et un dessert salami au chocolat souvenir de son\u2026","rel":"","context":"Dans &quot;Section Cuisine&quot;","block_context":{"text":"Section Cuisine","link":"https:\/\/labourdenne.fr\/index.php\/category\/atelier-cuisine\/"},"img":{"alt_text":"","src":"https:\/\/i0.wp.com\/labourdenne.fr\/wp-content\/uploads\/2018\/04\/17.02.18-2.jpg?resize=350%2C200","width":350,"height":200,"srcset":"https:\/\/i0.wp.com\/labourdenne.fr\/wp-content\/uploads\/2018\/04\/17.02.18-2.jpg?resize=350%2C200 1x, https:\/\/i0.wp.com\/labourdenne.fr\/wp-content\/uploads\/2018\/04\/17.02.18-2.jpg?resize=525%2C300 1.5x, https:\/\/i0.wp.com\/labourdenne.fr\/wp-content\/uploads\/2018\/04\/17.02.18-2.jpg?resize=700%2C400 2x, https:\/\/i0.wp.com\/labourdenne.fr\/wp-content\/uploads\/2018\/04\/17.02.18-2.jpg?resize=1050%2C600 3x, https:\/\/i0.wp.com\/labourdenne.fr\/wp-content\/uploads\/2018\/04\/17.02.18-2.jpg?resize=1400%2C800 4x"},"classes":[]},{"id":3725,"url":"https:\/\/labourdenne.fr\/index.php\/2023\/06\/15\/sondage-projet-de-creation-de-jardins-et-vergers-partages\/","url_meta":{"origin":4207,"position":3},"title":"SONDAGE: Projet de cr\u00e9ation de jardins et vergers partag\u00e9s","author":"Vincent","date":"15 juin 2023","format":false,"excerpt":"En partenariat avec la mairie, l\u2019association La Bourdenne souhaite cr\u00e9er une nouvelle section\u202f: \u00ab\u202fJardin partag\u00e9\u202f\u00bb. Nous vous adressons ce sondage afin de se faire une id\u00e9e de l'int\u00e9r\u00eat que vous porteriez et de l'engagement concret que vous seriez pr\u00eats \u00e0 investir dans ce beau projet. \u00c0 la suite du sondage\u2026","rel":"","context":"Dans &quot;Information g\u00e9n\u00e9rale&quot;","block_context":{"text":"Information g\u00e9n\u00e9rale","link":"https:\/\/labourdenne.fr\/index.php\/category\/information-generale\/"},"img":{"alt_text":"","src":"","width":0,"height":0},"classes":[]},{"id":2395,"url":"https:\/\/labourdenne.fr\/index.php\/2019\/02\/01\/nettoyage-des-fontaines\/","url_meta":{"origin":4207,"position":4},"title":"NETTOYAGE DES FONTAINES","author":"Corinne","date":"1 f\u00e9vrier 2019","format":false,"excerpt":"Un nouveau rendez-vous est programm\u00e9 le DIMANCHE 10 FEVRIER 2019 pour le nettoyage des fontaines. Rendez-vous donc \u00e0 14 heures devant l'Espace Sagette muni de s\u00e9cateurs, de brosse m\u00e9tallique ou chiendent, de gants de jardin, de bottes... Nous irons terminer le nettoyage de la Fontaine Limoges et commencer celui de\u2026","rel":"","context":"Dans &quot;Section Patrimoine&quot;","block_context":{"text":"Section Patrimoine","link":"https:\/\/labourdenne.fr\/index.php\/category\/section-patrimoine\/"},"img":{"alt_text":"","src":"","width":0,"height":0},"classes":[]},{"id":1276,"url":"https:\/\/labourdenne.fr\/index.php\/2017\/07\/08\/les-sections-chant-gym-et-couture-cloturent-lannee-par-un-petit-repas\/","url_meta":{"origin":4207,"position":5},"title":"Les sections chant, gym et couture cl\u00f4turent l&rsquo;ann\u00e9e par un petit repas","author":"Corinne","date":"8 juillet 2017","format":false,"excerpt":"Les dames qui chantent, cousent et \"gesticulent\" aux ateliers de la Bourdenne ont cl\u00f4tur\u00e9 l'ann\u00e9e par un petit repas commun. Et sans l'avoir pr\u00e9vu, ont profit\u00e9 de la transhumance des troupeaux \u00e0 Laruns. Le repas fut donc tr\u00e8s digestif car il a fallu courir sur la terrasse du restaurant entre\u2026","rel":"","context":"Dans &quot;Section Chant&quot;","block_context":{"text":"Section Chant","link":"https:\/\/labourdenne.fr\/index.php\/category\/atelier-chant\/"},"img":{"alt_text":"","src":"https:\/\/i0.wp.com\/labourdenne.fr\/wp-content\/uploads\/2017\/09\/07.07.17-37-300x225.jpg?resize=350%2C200","width":350,"height":200},"classes":[]}],"_links":{"self":[{"href":"https:\/\/labourdenne.fr\/index.php\/wp-json\/wp\/v2\/posts\/4207","targetHints":{"allow":["GET"]}}],"collection":[{"href":"https:\/\/labourdenne.fr\/index.php\/wp-json\/wp\/v2\/posts"}],"about":[{"href":"https:\/\/labourdenne.fr\/index.php\/wp-json\/wp\/v2\/types\/post"}],"author":[{"embeddable":true,"href":"https:\/\/labourdenne.fr\/index.php\/wp-json\/wp\/v2\/users\/1"}],"replies":[{"embeddable":true,"href":"https:\/\/labourdenne.fr\/index.php\/wp-json\/wp\/v2\/comments?post=4207"}],"version-history":[{"count":3,"href":"https:\/\/labourdenne.fr\/index.php\/wp-json\/wp\/v2\/posts\/4207\/revisions"}],"predecessor-version":[{"id":4227,"href":"https:\/\/labourdenne.fr\/index.php\/wp-json\/wp\/v2\/posts\/4207\/revisions\/4227"}],"wp:attachment":[{"href":"https:\/\/labourdenne.fr\/index.php\/wp-json\/wp\/v2\/media?parent=4207"}],"wp:term":[{"taxonomy":"category","embeddable":true,"href":"https:\/\/labourdenne.fr\/index.php\/wp-json\/wp\/v2\/categories?post=4207"},{"taxonomy":"post_tag","embeddable":true,"href":"https:\/\/labourdenne.fr\/index.php\/wp-json\/wp\/v2\/tags?post=4207"}],"curies":[{"name":"wp","href":"https:\/\/api.w.org\/{rel}","templated":true}]}}