{"id":4230,"date":"2025-05-20T10:03:00","date_gmt":"2025-05-20T09:03:00","guid":{"rendered":"https:\/\/labourdenne.fr\/?p=4230"},"modified":"2025-05-20T00:34:42","modified_gmt":"2025-05-19T23:34:42","slug":"fete-de-la-musique-2025","status":"publish","type":"post","link":"https:\/\/labourdenne.fr\/index.php\/2025\/05\/20\/fete-de-la-musique-2025\/","title":{"rendered":"F\u00eate de la musique 2025"},"content":{"rendered":"\n<p><em>Cette ann\u00e9e, La Bourdenne s&rsquo;est lanc\u00e9 dans l&rsquo;organisation de la f\u00eate de la musique. Faites de ce pari une r\u00e9ussite en venant partager un bon moment en famille et entre amis pour \u00e9couter des groupes de la r\u00e9gion.<\/em><\/p>\n\n\n\n<p class=\"has-text-align-center has-large-font-size\">La soir\u00e9e d\u00e9butera \u00e0 <strong>17h sur la place du Prat de Buzy le samedi 21 juin 2025<\/strong>.<\/p>\n\n\n\n<p>3 concerts gratuits sont au programme.<\/p>\n\n\n\n<ol class=\"wp-block-list\">\n<li><strong><a href=\"https:\/\/www.facebook.com\/BlueRidgeBoy64\/?locale=fr_FR\">Blue Ridge Boy<\/a><\/strong>,<\/li>\n\n\n\n<li><a href=\"https:\/\/www.facebook.com\/profile.php?id=61556113274184&amp;locale=fr_FR\">le duo <strong>Noyz<\/strong><\/a><\/li>\n\n\n\n<li>les <strong><a href=\"https:\/\/www.facebook.com\/roots64music\/?locale=fr_FR\">Roots 64<\/a><\/strong><\/li>\n<\/ol>\n\n\n\n<p><strong>Los Desestrucs<\/strong> animeront la soir\u00e9e pendant les changements de sc\u00e8nes.<\/p>\n\n\n\n<p>Sur place, une buvette et un point repas (paella, sandwichs, fromage), et m\u00eame une structure gonflable pour les enfants (gratuit).<\/p>\n\n\n\n<p>Faites passer le mot en partageant dans vos r\u00e9seaux et \u00e0 bient\u00f4t.<\/p>\n\n\n\n<figure class=\"wp-block-image size-large\"><img data-recalc-dims=\"1\" loading=\"lazy\" decoding=\"async\" width=\"646\" height=\"912\" data-attachment-id=\"4231\" data-permalink=\"https:\/\/labourdenne.fr\/index.php\/2025\/05\/20\/fete-de-la-musique-2025\/eo25-affiche-buzy-fete-la-musique-numeriqe\/\" data-orig-file=\"https:\/\/i0.wp.com\/labourdenne.fr\/wp-content\/uploads\/2025\/05\/EO25-affiche-Buzy-fete-la-musique-numeriqe.jpg?fit=1171%2C1654&amp;ssl=1\" data-orig-size=\"1171,1654\" data-comments-opened=\"1\" data-image-meta=\"{&quot;aperture&quot;:&quot;0&quot;,&quot;credit&quot;:&quot;&quot;,&quot;camera&quot;:&quot;&quot;,&quot;caption&quot;:&quot;&quot;,&quot;created_timestamp&quot;:&quot;0&quot;,&quot;copyright&quot;:&quot;&quot;,&quot;focal_length&quot;:&quot;0&quot;,&quot;iso&quot;:&quot;0&quot;,&quot;shutter_speed&quot;:&quot;0&quot;,&quot;title&quot;:&quot;&quot;,&quot;orientation&quot;:&quot;1&quot;}\" data-image-title=\"EO25 &amp;#8211; affiche Buzy fete la musique-numeriqe\" data-image-description=\"\" data-image-caption=\"\" data-large-file=\"https:\/\/i0.wp.com\/labourdenne.fr\/wp-content\/uploads\/2025\/05\/EO25-affiche-Buzy-fete-la-musique-numeriqe.jpg?fit=646%2C912&amp;ssl=1\" src=\"https:\/\/i0.wp.com\/labourdenne.fr\/wp-content\/uploads\/2025\/05\/EO25-affiche-Buzy-fete-la-musique-numeriqe.jpg?resize=646%2C912&#038;ssl=1\" alt=\"\" class=\"wp-image-4231\" srcset=\"https:\/\/i0.wp.com\/labourdenne.fr\/wp-content\/uploads\/2025\/05\/EO25-affiche-Buzy-fete-la-musique-numeriqe.jpg?resize=725%2C1024&amp;ssl=1 725w, https:\/\/i0.wp.com\/labourdenne.fr\/wp-content\/uploads\/2025\/05\/EO25-affiche-Buzy-fete-la-musique-numeriqe.jpg?resize=212%2C300&amp;ssl=1 212w, https:\/\/i0.wp.com\/labourdenne.fr\/wp-content\/uploads\/2025\/05\/EO25-affiche-Buzy-fete-la-musique-numeriqe.jpg?resize=1087%2C1536&amp;ssl=1 1087w, https:\/\/i0.wp.com\/labourdenne.fr\/wp-content\/uploads\/2025\/05\/EO25-affiche-Buzy-fete-la-musique-numeriqe.jpg?resize=707%2C999&amp;ssl=1 707w, https:\/\/i0.wp.com\/labourdenne.fr\/wp-content\/uploads\/2025\/05\/EO25-affiche-Buzy-fete-la-musique-numeriqe.jpg?w=1171&amp;ssl=1 1171w\" sizes=\"auto, (max-width: 646px) 100vw, 646px\" \/><\/figure>\n","protected":false},"excerpt":{"rendered":"<p>La soir\u00e9e d\u00e9butera \u00e0 17h sur la place du Prat de Buzy le samedi 21 juin 2025.<\/p>\n","protected":false},"author":1,"featured_media":4231,"comment_status":"closed","ping_status":"open","sticky":false,"template":"","format":"standard","meta":{"jetpack_post_was_ever_published":false,"_jetpack_newsletter_access":"","_jetpack_dont_email_post_to_subs":false,"_jetpack_newsletter_tier_id":0,"_jetpack_memberships_contains_paywalled_content":false,"_jetpack_memberships_contains_paid_content":false,"footnotes":"","jetpack_publicize_message":"","jetpack_publicize_feature_enabled":true,"jetpack_social_post_already_shared":true,"jetpack_social_options":{"image_generator_settings":{"template":"highway","default_image_id":0,"font":"","enabled":false},"version":2}},"categories":[4],"tags":[],"class_list":["post-4230","post","type-post","status-publish","format-standard","has-post-thumbnail","hentry","category-information-generale"],"jetpack_publicize_connections":[],"jetpack_featured_media_url":"https:\/\/i0.wp.com\/labourdenne.fr\/wp-content\/uploads\/2025\/05\/EO25-affiche-Buzy-fete-la-musique-numeriqe.jpg?fit=1171%2C1654&ssl=1","jetpack_sharing_enabled":true,"jetpack_shortlink":"https:\/\/wp.me\/p6WNWb-16e","jetpack-related-posts":[{"id":4191,"url":"https:\/\/labourdenne.fr\/index.php\/2025\/05\/07\/fetes-de-la-musique-2025-appel-a-benevoles\/","url_meta":{"origin":4230,"position":0},"title":"F\u00eates de la musique 2025 : Appel \u00e0 b\u00e9n\u00e9voles","author":"Vincent","date":"7 mai 2025","format":false,"excerpt":"Appel \u00e0 b\u00e9n\u00e9voles pour l'organisation de la f\u00eate de la musique 2025 \u00e0 Buzy (21 juin \u00e0 17h place du Prat)","rel":"","context":"Dans &quot;Information g\u00e9n\u00e9rale&quot;","block_context":{"text":"Information g\u00e9n\u00e9rale","link":"https:\/\/labourdenne.fr\/index.php\/category\/information-generale\/"},"img":{"alt_text":"","src":"https:\/\/i0.wp.com\/labourdenne.fr\/wp-content\/uploads\/2025\/05\/image.jpg?resize=350%2C200&ssl=1","width":350,"height":200,"srcset":"https:\/\/i0.wp.com\/labourdenne.fr\/wp-content\/uploads\/2025\/05\/image.jpg?resize=350%2C200&ssl=1 1x, https:\/\/i0.wp.com\/labourdenne.fr\/wp-content\/uploads\/2025\/05\/image.jpg?resize=525%2C300&ssl=1 1.5x"},"classes":[]},{"id":4321,"url":"https:\/\/labourdenne.fr\/index.php\/2025\/09\/02\/assemblee-generale-de-la-rentree-2k25\/","url_meta":{"origin":4230,"position":1},"title":"Assembl\u00e9e G\u00e9n\u00e9rale de la rentr\u00e9e 2k25","author":"Vincent","date":"2 septembre 2025","format":false,"excerpt":"Assembl\u00e9e G\u00e9n\u00e9rale : retrouvons-nous le jeudi 25\/09 \u00e0 19:30 \u00e0 l'espace Sagette!","rel":"","context":"Dans &quot;Information g\u00e9n\u00e9rale&quot;","block_context":{"text":"Information g\u00e9n\u00e9rale","link":"https:\/\/labourdenne.fr\/index.php\/category\/information-generale\/"},"img":{"alt_text":"","src":"","width":0,"height":0},"classes":[]},{"id":1275,"url":"https:\/\/labourdenne.fr\/index.php\/2017\/09\/12\/cest-la-rentree\/","url_meta":{"origin":4230,"position":2},"title":"C&rsquo;est la rentr\u00e9e !","author":"Carole","date":"12 septembre 2017","format":false,"excerpt":"Fini l'\u00e9t\u00e9, il suffit de jeter un coup d'\u0153il par la fen\u00eatre pour s'en persuader. Mais ne soyez pas triste, les ateliers de la Bourdenne reprennent leurs activit\u00e9s! Et pour \u00e9liminer apr\u00e8s les exc\u00e8s de l'\u00e9t\u00e9, l'atelier GYM vous attend tous les mardis d\u00e8s le 12 septembre de 17h15 \u00e0\u2026","rel":"","context":"Dans &quot;Section Cuisine&quot;","block_context":{"text":"Section Cuisine","link":"https:\/\/labourdenne.fr\/index.php\/category\/atelier-cuisine\/"},"img":{"alt_text":"","src":"","width":0,"height":0},"classes":[]},{"id":3289,"url":"https:\/\/labourdenne.fr\/index.php\/2022\/06\/19\/auberge-espagnole-le-24-juin-2022-place-du-prat\/","url_meta":{"origin":4230,"position":3},"title":"Auberge Espagnole le 24 juin 2022, Place du Prat","author":"Vincent","date":"19 juin 2022","format":false,"excerpt":"Afin de cl\u00f4turer cette saison sur une note positive et pouvoir enfin nous retrouver, nous vous invitons \u00e0 une auberge espagnole le vendredi 24 juin \u00e0 19h place du Prat (repli sous le pr\u00e9au de l\u2019\u00e9cole en cas de pluie). Nous remercions les personnes qui souhaitent se joindre \u00e0 nous\u2026","rel":"","context":"Dans &quot;Information g\u00e9n\u00e9rale&quot;","block_context":{"text":"Information g\u00e9n\u00e9rale","link":"https:\/\/labourdenne.fr\/index.php\/category\/information-generale\/"},"img":{"alt_text":"","src":"","width":0,"height":0},"classes":[]},{"id":3878,"url":"https:\/\/labourdenne.fr\/index.php\/2024\/03\/11\/jardins-partages-reunion-publique-le-samedi-23-mars-a-1700-a-la-mairie-de-buzy\/","url_meta":{"origin":4230,"position":4},"title":"Jardins partag\u00e9s: R\u00e9union publique le samedi 23 mars \u00e0 17:00 \u00e0 la mairie de Buzy","author":"Vincent","date":"11 mars 2024","format":false,"excerpt":"Nous invitons toutes les personnes int\u00e9ress\u00e9es ou simplement curieuses \u00e0 une r\u00e9union publique qui se tiendra le samedi 23 mars 2024 \u00e0 17h \u00e0 la mairie (salle du conseil)","rel":"","context":"Dans &quot;Information g\u00e9n\u00e9rale&quot;","block_context":{"text":"Information g\u00e9n\u00e9rale","link":"https:\/\/labourdenne.fr\/index.php\/category\/information-generale\/"},"img":{"alt_text":"","src":"","width":0,"height":0},"classes":[]},{"id":1416,"url":"https:\/\/labourdenne.fr\/index.php\/2017\/10\/21\/soiree-mechoui-a-latelier-cuisine\/","url_meta":{"origin":4230,"position":5},"title":"SOIREE M\u00c9CHOUI \u00c0 L&rsquo;ATELIER CUISINE","author":"Corinne","date":"21 octobre 2017","format":false,"excerpt":"Cette soire\u0301e si attendue et re\u0301clame\u0301e par beaucoup s'est de\u0301roule\u0301e samedi 21 octobre a\u0300 la salle des fe\u0302tes. Depuis la veille, Jalel et Je\u0301ro\u0302me s'e\u0301taient procure\u0301s le mate\u0301riel gracieusement pre\u0302te\u0301 par le CAF de la Valle\u0301e d'Ossau et un professionnel de Bizanos pour le tourne broche e\u0301lectrique. Une e\u0301quipe motive\u0301e\u2026","rel":"","context":"Dans &quot;Section Cuisine&quot;","block_context":{"text":"Section Cuisine","link":"https:\/\/labourdenne.fr\/index.php\/category\/atelier-cuisine\/"},"img":{"alt_text":"","src":"https:\/\/i0.wp.com\/labourdenne.fr\/wp-content\/uploads\/2017\/10\/IMG_3201.jpg?resize=350%2C200","width":350,"height":200,"srcset":"https:\/\/i0.wp.com\/labourdenne.fr\/wp-content\/uploads\/2017\/10\/IMG_3201.jpg?resize=350%2C200 1x, https:\/\/i0.wp.com\/labourdenne.fr\/wp-content\/uploads\/2017\/10\/IMG_3201.jpg?resize=525%2C300 1.5x"},"classes":[]}],"_links":{"self":[{"href":"https:\/\/labourdenne.fr\/index.php\/wp-json\/wp\/v2\/posts\/4230","targetHints":{"allow":["GET"]}}],"collection":[{"href":"https:\/\/labourdenne.fr\/index.php\/wp-json\/wp\/v2\/posts"}],"about":[{"href":"https:\/\/labourdenne.fr\/index.php\/wp-json\/wp\/v2\/types\/post"}],"author":[{"embeddable":true,"href":"https:\/\/labourdenne.fr\/index.php\/wp-json\/wp\/v2\/users\/1"}],"replies":[{"embeddable":true,"href":"https:\/\/labourdenne.fr\/index.php\/wp-json\/wp\/v2\/comments?post=4230"}],"version-history":[{"count":1,"href":"https:\/\/labourdenne.fr\/index.php\/wp-json\/wp\/v2\/posts\/4230\/revisions"}],"predecessor-version":[{"id":4232,"href":"https:\/\/labourdenne.fr\/index.php\/wp-json\/wp\/v2\/posts\/4230\/revisions\/4232"}],"wp:featuredmedia":[{"embeddable":true,"href":"https:\/\/labourdenne.fr\/index.php\/wp-json\/wp\/v2\/media\/4231"}],"wp:attachment":[{"href":"https:\/\/labourdenne.fr\/index.php\/wp-json\/wp\/v2\/media?parent=4230"}],"wp:term":[{"taxonomy":"category","embeddable":true,"href":"https:\/\/labourdenne.fr\/index.php\/wp-json\/wp\/v2\/categories?post=4230"},{"taxonomy":"post_tag","embeddable":true,"href":"https:\/\/labourdenne.fr\/index.php\/wp-json\/wp\/v2\/tags?post=4230"}],"curies":[{"name":"wp","href":"https:\/\/api.w.org\/{rel}","templated":true}]}}