{"id":4321,"date":"2025-09-02T21:59:05","date_gmt":"2025-09-02T20:59:05","guid":{"rendered":"https:\/\/labourdenne.fr\/?p=4321"},"modified":"2025-09-02T21:59:05","modified_gmt":"2025-09-02T20:59:05","slug":"assemblee-generale-de-la-rentree-2k25","status":"publish","type":"post","link":"https:\/\/labourdenne.fr\/index.php\/2025\/09\/02\/assemblee-generale-de-la-rentree-2k25\/","title":{"rendered":"Assembl\u00e9e G\u00e9n\u00e9rale de la rentr\u00e9e 2k25"},"content":{"rendered":"\n<p>Nous avons le plaisir de vous inviter \u00e0 l\u2019Assembl\u00e9e G\u00e9n\u00e9rale de l\u2019association La Bourdenne, qui se tiendra \u00e0 l&rsquo; <\/p>\n\n\n\n<figure class=\"wp-block-pullquote has-pale-cyan-blue-background-color has-background has-medium-font-size\"><blockquote><p><strong>Espace Sagette \u2013 Place du Prat, Buzy<br>Jeudi 25 septembre 2025 \u00e0 19h30<\/strong><\/p><\/blockquote><\/figure>\n\n\n\n<p>Au programme :<\/p>\n\n\n\n<ul class=\"wp-block-list\">\n<li>Accueil et pr\u00e9sentation de l\u2019association aux nouveaux membres<\/li>\n\n\n\n<li>Bilan moral et bilans des sections : couture, cuisine, gym, loisirs cr\u00e9atifs, patrimoine, f\u00eate de la musique<\/li>\n\n\n\n<li>Bilan financier<\/li>\n\n\n\n<li>Candidatures pour la constitution du bureau (membres actifs bienvenus)<\/li>\n\n\n\n<li>Pr\u00e9sentation des projets pour la saison 2025\/2026<\/li>\n\n\n\n<li>Questions diverses<\/li>\n<\/ul>\n\n\n\n<p>Les responsables de section (ou leurs suppl\u00e9ants) sont invit\u00e9s \u00e0 \u00eatre pr\u00e9sents afin de repr\u00e9senter leur groupe. En cas d\u2019absence, merci de transmettre vos bilans au bureau, qui pourra les relayer.<\/p>\n\n\n\n<p>Nous comptons sur votre pr\u00e9sence pour partager ce moment d\u2019\u00e9changes et de convivialit\u00e9.<\/p>\n\n\n\n<p>\u00c0 tr\u00e8s bient\u00f4t,<\/p>\n\n\n\n<p>Le bureau<\/p>\n\n\n\n<div data-wp-interactive=\"core\/file\" class=\"wp-block-file\"><object data-wp-bind--hidden=\"!state.hasPdfPreview\" hidden class=\"wp-block-file__embed\" data=\"https:\/\/labourdenne.fr\/wp-content\/uploads\/2025\/09\/2025-Invitation_AG_La_Bourdenne-jeudi_25_septembre.pdf\" type=\"application\/pdf\" style=\"width:100%;height:472px\" aria-label=\"Contenu embarqu\u00e9 2025-Invitation_AG_La_Bourdenne-jeudi_25_septembre.\"><\/object><a id=\"wp-block-file--media-9efdfa66-192e-456c-93c9-af6839394425\" href=\"https:\/\/labourdenne.fr\/wp-content\/uploads\/2025\/09\/2025-Invitation_AG_La_Bourdenne-jeudi_25_septembre.pdf\">2025-Invitation_AG_La_Bourdenne-jeudi_25_septembre<\/a><a href=\"https:\/\/labourdenne.fr\/wp-content\/uploads\/2025\/09\/2025-Invitation_AG_La_Bourdenne-jeudi_25_septembre.pdf\" class=\"wp-block-file__button wp-element-button\" download aria-describedby=\"wp-block-file--media-9efdfa66-192e-456c-93c9-af6839394425\">T\u00e9l\u00e9charger<\/a><\/div>\n","protected":false},"excerpt":{"rendered":"<p>Assembl\u00e9e G\u00e9n\u00e9rale : retrouvons-nous le jeudi 25\/09 \u00e0 19:30 \u00e0 l&rsquo;espace Sagette!<\/p>\n","protected":false},"author":1,"featured_media":0,"comment_status":"open","ping_status":"open","sticky":false,"template":"","format":"standard","meta":{"jetpack_post_was_ever_published":false,"_jetpack_newsletter_access":"","_jetpack_dont_email_post_to_subs":false,"_jetpack_newsletter_tier_id":0,"_jetpack_memberships_contains_paywalled_content":false,"_jetpack_memberships_contains_paid_content":false,"footnotes":"","jetpack_publicize_message":"","jetpack_publicize_feature_enabled":true,"jetpack_social_post_already_shared":true,"jetpack_social_options":{"image_generator_settings":{"template":"highway","default_image_id":0,"font":"","enabled":false},"version":2}},"categories":[4],"tags":[],"class_list":["post-4321","post","type-post","status-publish","format-standard","hentry","category-information-generale"],"jetpack_publicize_connections":[],"jetpack_featured_media_url":"","jetpack_sharing_enabled":true,"jetpack_shortlink":"https:\/\/wp.me\/p6WNWb-17H","jetpack-related-posts":[{"id":1960,"url":"https:\/\/labourdenne.fr\/index.php\/2018\/10\/19\/assemblee-generale-du-19-octobre-2018\/","url_meta":{"origin":4321,"position":0},"title":"ASSEMBLEE GENERALE DU 19 OCTOBRE 2018","author":"Carole","date":"19 octobre 2018","format":false,"excerpt":"L\u2019assembl\u00e9e g\u00e9n\u00e9rale de l\u2019association s\u2019est d\u00e9roul\u00e9e le vendredi 19 octobre 2018 \u00e0 20h \u00e0 la salle Luriendeilh. L\u2019occasion de dresser un bilan de l\u2019ann\u00e9e \u00e9coul\u00e9e pour les diff\u00e9rentes sections de l\u2019association (couture, gym, chant, cuisine), d\u2019aborder les nouveaux projets et de terminer la soir\u00e9e par un moment de convivialit\u00e9 autour\u2026","rel":"","context":"Dans &quot;Information g\u00e9n\u00e9rale&quot;","block_context":{"text":"Information g\u00e9n\u00e9rale","link":"https:\/\/labourdenne.fr\/index.php\/category\/information-generale\/"},"img":{"alt_text":"","src":"","width":0,"height":0},"classes":[]},{"id":999,"url":"https:\/\/labourdenne.fr\/index.php\/2016\/10\/07\/assemblee-generale-du-7-octobre-2016\/","url_meta":{"origin":4321,"position":1},"title":"Assembl\u00e9e G\u00e9n\u00e9rale du 7 octobre 2016","author":"B\u00e9n\u00e9dicte Charpantier","date":"7 octobre 2016","format":false,"excerpt":"Vendredi 07 Octobre, l'association La Bourdenne a tenu son Assembl\u00e9e G\u00e9n\u00e9rale.\u00a0Mme Dany Lavigne conseill\u00e8re municipale a ouvert la s\u00e9ance devant une quarantaine\u00a0de personnes. La Pr\u00e9sidente Mme Fatima Dias a fait le bilan de l'ann\u00e9e \u00e9coul\u00e9e dans les\u00a0diff\u00e9rentes sections. L'association regroupe en effet 66 membres, et propose des ateliers de\u00a0gym le\u2026","rel":"","context":"Dans &quot;Information g\u00e9n\u00e9rale&quot;","block_context":{"text":"Information g\u00e9n\u00e9rale","link":"https:\/\/labourdenne.fr\/index.php\/category\/information-generale\/"},"img":{"alt_text":"07-10-16-9","src":"https:\/\/i0.wp.com\/labourdenne.fr\/wp-content\/uploads\/2016\/10\/07.10.16-9-300x225.jpg?resize=350%2C200","width":350,"height":200},"classes":[]},{"id":1308,"url":"https:\/\/labourdenne.fr\/index.php\/2017\/09\/15\/assemblee-generale\/","url_meta":{"origin":4321,"position":2},"title":"Assembl\u00e9e g\u00e9n\u00e9rale le vendredi 6 octobre 2017","author":"Carole","date":"15 septembre 2017","format":"status","excerpt":"L'assembl\u00e9e g\u00e9n\u00e9rale de l'association se d\u00e9roulera le vendredi 6 octobre 2017 \u00e0 partir de 20h \u00e0 la mairie de Buzy. L'occasion de dresser un bilan de l'ann\u00e9e \u00e9coul\u00e9e, d'aborder les nouveaux projets, et de terminer la soir\u00e9e par un moment de convivialit\u00e9 autour d'un verre et de quelques gourmandises.","rel":"","context":"Dans &quot;Information g\u00e9n\u00e9rale&quot;","block_context":{"text":"Information g\u00e9n\u00e9rale","link":"https:\/\/labourdenne.fr\/index.php\/category\/information-generale\/"},"img":{"alt_text":"","src":"","width":0,"height":0},"classes":[]},{"id":2797,"url":"https:\/\/labourdenne.fr\/index.php\/2019\/12\/21\/repas-de-noel-de-la-bourdenne\/","url_meta":{"origin":4321,"position":3},"title":"REPAS DE NOEL DE LA BOURDENNE","author":"Corinne","date":"21 d\u00e9cembre 2019","format":false,"excerpt":"Le samedi 21 d\u00e9cembre les marmitons ont organis\u00e9 le repas de No\u00ebl pour les membres de l'association. Nous nous sommes donc retrouv\u00e9s \u00e0 14 h \u00e0 l'Espace Sagette pour mettre en oeuvre ces ateliers de cuisine. Certains d'entre nous ont \u00e9migr\u00e9 \u00e0 la cantine pour r\u00e9aliser le plat Russe de\u2026","rel":"","context":"Dans &quot;Section Cuisine&quot;","block_context":{"text":"Section Cuisine","link":"https:\/\/labourdenne.fr\/index.php\/category\/atelier-cuisine\/"},"img":{"alt_text":"","src":"https:\/\/i0.wp.com\/labourdenne.fr\/wp-content\/uploads\/2020\/03\/21.12.19-8.jpg?resize=350%2C200&ssl=1","width":350,"height":200,"srcset":"https:\/\/i0.wp.com\/labourdenne.fr\/wp-content\/uploads\/2020\/03\/21.12.19-8.jpg?resize=350%2C200&ssl=1 1x, https:\/\/i0.wp.com\/labourdenne.fr\/wp-content\/uploads\/2020\/03\/21.12.19-8.jpg?resize=525%2C300&ssl=1 1.5x, https:\/\/i0.wp.com\/labourdenne.fr\/wp-content\/uploads\/2020\/03\/21.12.19-8.jpg?resize=700%2C400&ssl=1 2x, https:\/\/i0.wp.com\/labourdenne.fr\/wp-content\/uploads\/2020\/03\/21.12.19-8.jpg?resize=1050%2C600&ssl=1 3x, https:\/\/i0.wp.com\/labourdenne.fr\/wp-content\/uploads\/2020\/03\/21.12.19-8.jpg?resize=1400%2C800&ssl=1 4x"},"classes":[]},{"id":3078,"url":"https:\/\/labourdenne.fr\/index.php\/2023\/11\/24\/assemblee-generale-du-14-octobre-2022\/","url_meta":{"origin":4321,"position":4},"title":"Invitation \u00e0 l&rsquo;assembl\u00e9e g\u00e9n\u00e9rale du 13 d\u00e9cembre 2023","author":"Vincent","date":"24 novembre 2023","format":false,"excerpt":"Bonjour \u00e0 toutes et \u00e0 tous,\u00a0 Vous trouverez ci dessous une invitation \u00e0 l\u2019assembl\u00e9e g\u00e9n\u00e9rale de l\u2019association qui se tiendra le\u00a0\u00a0 \ud83d\uddd3 mercredi 13 d\u00e9cembre 2023\ud83d\udd56 \u00e0 19:30\ud83d\udccd\u00e0 la mairie (Buzy) 2023-Invitation_AG_La_Bourdenne-mercredi_13_decembreT\u00e9l\u00e9charger","rel":"","context":"Dans &quot;Information g\u00e9n\u00e9rale&quot;","block_context":{"text":"Information g\u00e9n\u00e9rale","link":"https:\/\/labourdenne.fr\/index.php\/category\/information-generale\/"},"img":{"alt_text":"","src":"","width":0,"height":0},"classes":[]},{"id":3845,"url":"https:\/\/labourdenne.fr\/index.php\/2023\/12\/13\/assemblee-generale-2023\/","url_meta":{"origin":4321,"position":5},"title":"Assembl\u00e9e g\u00e9n\u00e9rale 2023","author":"Vincent","date":"13 d\u00e9cembre 2023","format":false,"excerpt":"L'assembl\u00e9 g\u00e9n\u00e9rale annuelle de l'association s'est tenue le 13 d\u00e9cembre 2023 \u00e0 la mairie de Buzy. Vous pouvez consulter le PV de cette assembl\u00e9e, ou bien le t\u00e9l\u00e9charger. 2023-12-13-PV_AGT\u00e9l\u00e9charger","rel":"","context":"Dans &quot;Information g\u00e9n\u00e9rale&quot;","block_context":{"text":"Information g\u00e9n\u00e9rale","link":"https:\/\/labourdenne.fr\/index.php\/category\/information-generale\/"},"img":{"alt_text":"","src":"","width":0,"height":0},"classes":[]}],"_links":{"self":[{"href":"https:\/\/labourdenne.fr\/index.php\/wp-json\/wp\/v2\/posts\/4321","targetHints":{"allow":["GET"]}}],"collection":[{"href":"https:\/\/labourdenne.fr\/index.php\/wp-json\/wp\/v2\/posts"}],"about":[{"href":"https:\/\/labourdenne.fr\/index.php\/wp-json\/wp\/v2\/types\/post"}],"author":[{"embeddable":true,"href":"https:\/\/labourdenne.fr\/index.php\/wp-json\/wp\/v2\/users\/1"}],"replies":[{"embeddable":true,"href":"https:\/\/labourdenne.fr\/index.php\/wp-json\/wp\/v2\/comments?post=4321"}],"version-history":[{"count":3,"href":"https:\/\/labourdenne.fr\/index.php\/wp-json\/wp\/v2\/posts\/4321\/revisions"}],"predecessor-version":[{"id":4325,"href":"https:\/\/labourdenne.fr\/index.php\/wp-json\/wp\/v2\/posts\/4321\/revisions\/4325"}],"wp:attachment":[{"href":"https:\/\/labourdenne.fr\/index.php\/wp-json\/wp\/v2\/media?parent=4321"}],"wp:term":[{"taxonomy":"category","embeddable":true,"href":"https:\/\/labourdenne.fr\/index.php\/wp-json\/wp\/v2\/categories?post=4321"},{"taxonomy":"post_tag","embeddable":true,"href":"https:\/\/labourdenne.fr\/index.php\/wp-json\/wp\/v2\/tags?post=4321"}],"curies":[{"name":"wp","href":"https:\/\/api.w.org\/{rel}","templated":true}]}}