{"id":4463,"date":"2026-01-24T21:57:41","date_gmt":"2026-01-24T20:57:41","guid":{"rendered":"https:\/\/labourdenne.fr\/?p=4463"},"modified":"2026-01-26T22:03:26","modified_gmt":"2026-01-26T21:03:26","slug":"atelier-cuisine-du-24-janvier-2026","status":"publish","type":"post","link":"https:\/\/labourdenne.fr\/index.php\/2026\/01\/24\/atelier-cuisine-du-24-janvier-2026\/","title":{"rendered":"Atelier cuisine du 24 janvier 2026"},"content":{"rendered":"\n<p>Ce samedi 24 janvier, les Marmitons ont pos\u00e9 leurs valises.<\/p>\n\n\n\n<p>Mais le rendez-vous avec la gourmandise \u00e9tait bien l\u00e0 avec un menu \u00ab TERRE et MER \u00bb\u00a0concoct\u00e9 par Patrick et Marina et mitonn\u00e9 par toute la troupe des Marmitons pr\u00e9sents ce soir-l\u00e0\u00a0!<\/p>\n\n\n\n<p>C\u00f4t\u00e9 \u00ab TERRE\u00a0\u00bb, on a commenc\u00e9 par des petites tartines de pain de campagne garnies fa\u00e7on \u00ab\u00a0tartiflette\u00a0\u00bb avec saucisse de Morteau, pomme de terre, oignons, tomates, mozzarella et fromage \u00e0 raclette, le tout bien fondant apr\u00e8s un petit passage au four.<\/p>\n\n\n\n<p>Pour le c\u00f4t\u00e9 \u00ab&nbsp;MER&nbsp;\u00bb, c\u2019est un r\u00f4ti de saumon, fondue de poireaux et sauce au beurre blanc qui a r\u00e9gal\u00e9 les Marmitons.<\/p>\n\n\n\n<p>Et pour la touche sucr\u00e9e, rien de tel que des profiteroles au chocolat&nbsp;!<\/p>\n\n\n\n<p>La tchatche, la rigolade et la bonne humeur \u00e9taient aussi au menu&#8230;comme toujours&nbsp;!<\/p>\n\n\n\n<p>Pour le prochain RDV du 14 f\u00e9vrier, il \u00ab&nbsp;aurait \u00e9t\u00e9 d\u00e9cid\u00e9&nbsp;\u00bb que ce soient les Marmitons qui r\u00e9galent les Marmitonnes&nbsp;!<\/p>\n\n\n\n<p>A suivre&nbsp;!!!<\/p>\n","protected":false},"excerpt":{"rendered":"<p>Un rendez-vous avec la gourmandise avec un menu \u00ab TERRE et MER \u00bb\u00a0concoct\u00e9 par Patrick et Marina.<\/p>\n","protected":false},"author":9,"featured_media":0,"comment_status":"open","ping_status":"open","sticky":false,"template":"","format":"standard","meta":{"jetpack_post_was_ever_published":false,"_jetpack_newsletter_access":"","_jetpack_dont_email_post_to_subs":false,"_jetpack_newsletter_tier_id":0,"_jetpack_memberships_contains_paywalled_content":false,"_jetpack_memberships_contains_paid_content":false,"footnotes":"","jetpack_publicize_message":"","jetpack_publicize_feature_enabled":true,"jetpack_social_post_already_shared":true,"jetpack_social_options":{"image_generator_settings":{"template":"highway","default_image_id":0,"font":"","enabled":false},"version":2}},"categories":[9],"tags":[],"class_list":["post-4463","post","type-post","status-publish","format-standard","hentry","category-atelier-cuisine"],"jetpack_publicize_connections":[],"jetpack_featured_media_url":"","jetpack_sharing_enabled":true,"jetpack_shortlink":"https:\/\/wp.me\/p6WNWb-19Z","jetpack-related-posts":[{"id":3667,"url":"https:\/\/labourdenne.fr\/index.php\/2023\/02\/04\/repas-des-marmitons-autour-du-greuil-fevrier-2023\/","url_meta":{"origin":4463,"position":0},"title":"Repas des marmitons autour du greuil (F\u00e9vrier 2023)","author":"Dani\u00e8le","date":"4 f\u00e9vrier 2023","format":false,"excerpt":"Les Marmitons, en ce d\u00e9but d\u2019ann\u00e9e, ont pos\u00e9 leur valises et, gr\u00e2ce \u00e0 Aur\u00e9lie, ont plant\u00e9 leurs racines dans la terre b\u00e9arnaise. Avec un menu concoct\u00e9 du d\u00e9but \u00e0 la fin autour de sa Majest\u00e9, le GREUIL (Grulh en b\u00e9arnais) ! Et du greuil bien buz\u00e9en, puisque fabriqu\u00e9 avec amour\u2026","rel":"","context":"Dans &quot;Section Cuisine&quot;","block_context":{"text":"Section Cuisine","link":"https:\/\/labourdenne.fr\/index.php\/category\/atelier-cuisine\/"},"img":{"alt_text":"","src":"","width":0,"height":0},"classes":[]},{"id":4179,"url":"https:\/\/labourdenne.fr\/index.php\/2025\/04\/12\/repas-du-12-avril-repas-des-enfants\/","url_meta":{"origin":4463,"position":1},"title":"Repas du 12 avril: repas des enfants","author":"Dani\u00e8le","date":"12 avril 2025","format":false,"excerpt":"Un grand coup de jeunesse pour ce samedi, car quatre \"mini Marmitonnes\" avaient d\u00e9cid\u00e9 de nousr\u00e9galer : No\u00e9lie, Jeanne, Manon et Elisa !Et non, le talent n\u2019attend pas le nombre des ann\u00e9es, car leur repas n\u2019avait rien \u00e0 envier \u00e0 tous ceux concoct\u00e9s par les \u00ab anciens \u00bb !Et d\u2019ailleurs,\u2026","rel":"","context":"Dans &quot;Section Cuisine&quot;","block_context":{"text":"Section Cuisine","link":"https:\/\/labourdenne.fr\/index.php\/category\/atelier-cuisine\/"},"img":{"alt_text":"","src":"https:\/\/i0.wp.com\/labourdenne.fr\/wp-content\/uploads\/2025\/04\/20250412_171328.jpg?resize=350%2C200&ssl=1","width":350,"height":200,"srcset":"https:\/\/i0.wp.com\/labourdenne.fr\/wp-content\/uploads\/2025\/04\/20250412_171328.jpg?resize=350%2C200&ssl=1 1x, https:\/\/i0.wp.com\/labourdenne.fr\/wp-content\/uploads\/2025\/04\/20250412_171328.jpg?resize=525%2C300&ssl=1 1.5x, https:\/\/i0.wp.com\/labourdenne.fr\/wp-content\/uploads\/2025\/04\/20250412_171328.jpg?resize=700%2C400&ssl=1 2x, https:\/\/i0.wp.com\/labourdenne.fr\/wp-content\/uploads\/2025\/04\/20250412_171328.jpg?resize=1050%2C600&ssl=1 3x, https:\/\/i0.wp.com\/labourdenne.fr\/wp-content\/uploads\/2025\/04\/20250412_171328.jpg?resize=1400%2C800&ssl=1 4x"},"classes":[]},{"id":4080,"url":"https:\/\/labourdenne.fr\/index.php\/2025\/01\/11\/atelier-cuisine-du-11-janvier-2025-la-poutine-canada\/","url_meta":{"origin":4463,"position":2},"title":"Atelier cuisine du 11 janvier 2025 : La Poutine (Canada)","author":"Dani\u00e8le","date":"11 janvier 2025","format":false,"excerpt":"Pour ce premier repas de l\u2019ann\u00e9e 2025, les Marmitons sont partis en voyage vers le grand froid canadien.","rel":"","context":"Dans &quot;Section Cuisine&quot;","block_context":{"text":"Section Cuisine","link":"https:\/\/labourdenne.fr\/index.php\/category\/atelier-cuisine\/"},"img":{"alt_text":"","src":"","width":0,"height":0},"classes":[]},{"id":3841,"url":"https:\/\/labourdenne.fr\/index.php\/2024\/02\/04\/repas-test-du-samedi-3-fevrier-2024\/","url_meta":{"origin":4463,"position":3},"title":"Repas test du samedi 3 f\u00e9vrier 2024","author":"Dani\u00e8le","date":"4 f\u00e9vrier 2024","format":false,"excerpt":"Il y avait beaucoup de s\u00e9rieux, ce samedi, dans les rangs des Marmitons, car une mission importante les attendait\u00a0: pr\u00e9parer et tester le futur repas qui sera propos\u00e9 aux villageois de Buzy et plus. Et on peut dire que chacun y mit du sien, et pas qu\u2019un peu\u00a0! Car il\u2026","rel":"","context":"Dans &quot;Section Cuisine&quot;","block_context":{"text":"Section Cuisine","link":"https:\/\/labourdenne.fr\/index.php\/category\/atelier-cuisine\/"},"img":{"alt_text":"","src":"","width":0,"height":0},"classes":[]},{"id":3687,"url":"https:\/\/labourdenne.fr\/index.php\/2023\/04\/01\/tajines-de-dorades-royales-et-babousa-marocaine\/","url_meta":{"origin":4463,"position":4},"title":"Tajines de dorades royales et babousa marocaine","author":"Dani\u00e8le","date":"1 avril 2023","format":false,"excerpt":"Le nouveau RDV \u00e9tait donc pris pour le samedi 1er avril. La trentaine de Marmitons \u00e9taient donc motiv\u00e9s comme jamais pour mitonner les plats du jour. Et, c\u2019est autour de Myriam, Jalel, et J\u00e9rome que le ballet s\u2019organisa . Mais, pas de poissons dans le dos ! Les poissons \u00e9taient\u2026","rel":"","context":"Dans &quot;Section Cuisine&quot;","block_context":{"text":"Section Cuisine","link":"https:\/\/labourdenne.fr\/index.php\/category\/atelier-cuisine\/"},"img":{"alt_text":"","src":"","width":0,"height":0},"classes":[]},{"id":4036,"url":"https:\/\/labourdenne.fr\/index.php\/2024\/12\/14\/atelier-cuisine-du-14-decembre\/","url_meta":{"origin":4463,"position":5},"title":"Atelier cuisine du 14 d\u00e9cembre","author":"Dani\u00e8le","date":"14 d\u00e9cembre 2024","format":false,"excerpt":"Ce samedi 14 d\u00e9cembre, Les Marmitons avaient mis leurs souliers sous le sapin, pour f\u00eater No\u00ebl avec un peu d\u2019avance.","rel":"","context":"Dans &quot;Section Cuisine&quot;","block_context":{"text":"Section Cuisine","link":"https:\/\/labourdenne.fr\/index.php\/category\/atelier-cuisine\/"},"img":{"alt_text":"","src":"","width":0,"height":0},"classes":[]}],"_links":{"self":[{"href":"https:\/\/labourdenne.fr\/index.php\/wp-json\/wp\/v2\/posts\/4463","targetHints":{"allow":["GET"]}}],"collection":[{"href":"https:\/\/labourdenne.fr\/index.php\/wp-json\/wp\/v2\/posts"}],"about":[{"href":"https:\/\/labourdenne.fr\/index.php\/wp-json\/wp\/v2\/types\/post"}],"author":[{"embeddable":true,"href":"https:\/\/labourdenne.fr\/index.php\/wp-json\/wp\/v2\/users\/9"}],"replies":[{"embeddable":true,"href":"https:\/\/labourdenne.fr\/index.php\/wp-json\/wp\/v2\/comments?post=4463"}],"version-history":[{"count":1,"href":"https:\/\/labourdenne.fr\/index.php\/wp-json\/wp\/v2\/posts\/4463\/revisions"}],"predecessor-version":[{"id":4464,"href":"https:\/\/labourdenne.fr\/index.php\/wp-json\/wp\/v2\/posts\/4463\/revisions\/4464"}],"wp:attachment":[{"href":"https:\/\/labourdenne.fr\/index.php\/wp-json\/wp\/v2\/media?parent=4463"}],"wp:term":[{"taxonomy":"category","embeddable":true,"href":"https:\/\/labourdenne.fr\/index.php\/wp-json\/wp\/v2\/categories?post=4463"},{"taxonomy":"post_tag","embeddable":true,"href":"https:\/\/labourdenne.fr\/index.php\/wp-json\/wp\/v2\/tags?post=4463"}],"curies":[{"name":"wp","href":"https:\/\/api.w.org\/{rel}","templated":true}]}}